{"id":7281,"date":"2012-09-07T08:33:42","date_gmt":"2012-09-07T06:33:42","guid":{"rendered":"http:\/\/semmelweis.hu\/anatomia\/?p=7281"},"modified":"2023-03-13T18:36:07","modified_gmt":"2023-03-13T17:36:07","slug":"demonstratori-kinevezesek-atadasa","status":"publish","type":"post","link":"https:\/\/semmelweis.hu\/anatomia\/2012\/09\/07\/demonstratori-kinevezesek-atadasa\/","title":{"rendered":"Demonstr\u00e1tori kinevez\u00e9sek \u00e1tad\u00e1sa"},"content":{"rendered":"<p><strong><span style=\"color: #800000\">Kinevezett \u00e9s 2015-ben is akt\u00edv demonstr\u00e1toraink a 2014\/2015. tan\u00e9vre:<\/span><\/strong><\/p>\n<ol>\n<li>Adeghate Jennifer Oluyemisi V.<\/li>\n<li>Baksa Tam\u00e1s FOK III.<\/li>\n<li>B\u00e1r\u00e1ny L\u00e1szl\u00f3 V.<\/li>\n<li>Barta Benj\u00e1min V.<\/li>\n<li>Dudela Bianka IV.<\/li>\n<li>Durst M\u00e1t\u00e9 VI.<\/li>\n<li>Erd\u00e9lyi Zolt\u00e1n IV.<\/li>\n<li>Fekete Laura V.<\/li>\n<li>Hadnagy Vikt\u00f3ria III.<\/li>\n<li>Kolossv\u00e1ry M\u00e1rton V.<\/li>\n<li>May Marcell FOK III.<\/li>\n<li>Ors\u00f3s M. Merc\u00e9desz FOK V.<\/li>\n<li>P\u00e1lya Fanni IV.<\/li>\n<li>Schl\u0151gl Simon V.<\/li>\n<li>Szak\u00e1cs Kinga III.<\/li>\n<li>Szegedi Levente FOK IV.<\/li>\n<li>Sz\u00e9kely Gy\u00f6rgy V.<\/li>\n<li>Teleki Gy\u00f6ngyi V.<\/li>\n<li>T\u00f3th L\u00e1szl\u00f3 V.<\/li>\n<li>Varga Regina R\u00f3zsa IV.<\/li>\n<li>Varga Vivien V.<\/li>\n<li>Zahola P\u00e9ter IV.<\/li>\n<\/ol>\n<hr \/>\n<p>&nbsp;<\/p>\n<p><span style=\"color: #800000\"><a href=\"https:\/\/semmelweis.hu\/anatomia\/2013\/10\/11\/demonstratoraink-kinevezeseinek-atadasa-az-evnyito-tanulmanyi-ertekezleten\/\">Demonstr\u00e1toraink kinevez\u00e9seinek \u00e1tad\u00e1sa <\/a>az \u00e9vnyit\u00f3 tanulm\u00e1nyi \u00e9rtekezleten t\u00f6rt\u00e9nik.<\/span><span style=\"color: #ff0000\"><br \/>\n<\/span><\/p>\n<p><strong>Kinevezett demonstr\u00e1toraink a 2013\/2014. tan\u00e9vre:<\/strong><\/p>\n<ol>\n<li>Adeghate Jennifer Oluyemisi \u00c1OK IV. <a href=\"https:\/\/semmelweis.hu\/anatomia\/files\/2015\/07\/evnyito2013024.jpg\"><img loading=\"lazy\" decoding=\"async\" class=\"alignright wp-image-7156\" src=\"https:\/\/semmelweis.hu\/anatomia\/files\/2015\/07\/evnyito2013024.jpg\" alt=\"evnyito2013024\" width=\"460\" height=\"314\" srcset=\"https:\/\/semmelweis.hu\/anatomia\/files\/2015\/07\/evnyito2013024.jpg 550w, https:\/\/semmelweis.hu\/anatomia\/files\/2015\/07\/evnyito2013024-300x205.jpg 300w, https:\/\/semmelweis.hu\/anatomia\/files\/2015\/07\/evnyito2013024-440x300.jpg 440w, https:\/\/semmelweis.hu\/anatomia\/files\/2015\/07\/evnyito2013024-175x120.jpg 175w\" sizes=\"auto, (max-width: 460px) 100vw, 460px\" \/><\/a><br \/>\n2. Ag\u00f3cs R\u00f3bert \u00c1OK IV.<br \/>\n3. Barab\u00e1s Anett \u00c1OK V.<br \/>\n4. B\u00e1r\u00e1ny L\u00e1szl\u00f3 \u00c1OK IV.<br \/>\n5. Barta Benj\u00e1min \u00c1OK IV.<br \/>\n6. Bata Barbara \u00c1OK V.<br \/>\n7. Berkics Andrea FOK IV.<br \/>\n8. Brunner Alexandra \u00c1OK V.<br \/>\n9. Durst M\u00e1t\u00e9 \u00c1OK V.<br \/>\n10. Fadgyas Fanni FOK IV.<br \/>\n11. Forg\u00f3 Bianka \u00c1OK IV.<br \/>\n12. Herpai Vivien \u00c1OK IV.<br \/>\n13. Kolossv\u00e1ry M\u00e1rton \u00c1OK IV.<br \/>\n14. Laczk\u00f3 Roland FOK IV.<br \/>\n15. L\u00e9k\u00f3 Andr\u00e1s \u00c1OK V.<br \/>\n16. Makkos Andr\u00e1s \u00c1OK IV.<br \/>\n17. Mikolicz \u00c1kos FOK V.<br \/>\n18. Nagy Henrietta \u00c1OK VI.<br \/>\n19. Ors\u00f3s M\u00e1ria Merc\u00e9desz FOK IV.<br \/>\n20. Schl\u0151gl Simon \u00c1OK IV.<br \/>\n21. Sz\u00e9kely Gy\u00f6rgy \u00c1OK IV.<br \/>\n22. T\u00f3th L\u00e1szl\u00f3 \u00c1OK IV.<br \/>\n23. T\u00f3th M\u00f3nika \u00c1OK V.<br \/>\n24. Varga Alexandra \u00c1OK V.<br \/>\n25. Varga Vivien \u00c1OK IV.<\/li>\n<\/ol>\n<hr \/>\n<p>&nbsp;<\/p>\n<p><strong>Kinevezett demonstr\u00e1toraink a 2012\/2013. tan\u00e9vre:<\/strong><\/p>\n<ol>\n<li>B\u00e1nyai M\u00e1t\u00e9 \u00c1OK IV. \u00e9vf.<\/li>\n<li>Barab\u00e1s Anett \u00c1OK IV. \u00e9vf.<\/li>\n<li>Brunner Alexandra \u00c1OK IV. \u00e9vf.<\/li>\n<li>G\u00e1l Viktor FOK IV. \u00e9vf.<\/li>\n<li>Gubik K\u00e1roly \u00c1OK IV. \u00e9vf.<\/li>\n<li>Gyimesi Kl\u00e1ra \u00c1OK VI. \u00e9vf.<\/li>\n<li>Hev\u00e9r Hel\u00e9n FOK V. \u00e9vf.<\/li>\n<li>Kepes Lilla \u00c1OK V. \u00e9vf.<\/li>\n<li>Kozma Rich\u00e1rd Zolt\u00e1n \u00c1OK IV. \u00e9vf.<\/li>\n<li>K\u00f6rmendi P\u00e9ter \u00c1OK VI. \u00e9vf.<\/li>\n<li>L\u00e9k\u00f3 Andr\u00e1s \u00c1OK IV. \u00e9vf.<\/li>\n<li>Mikolicz \u00c1kos FOK IV. \u00e9vf.<\/li>\n<li>Milanovich D\u00e1niel \u00c1OK VI. \u00e9vf.<\/li>\n<li>Nagy Henrietta \u00c1OK V. \u00e9vf.<\/li>\n<li>Ors\u00f3s M\u00e1ria Merc\u00e9desz FOK III. \u00e9vf.<\/li>\n<li>P\u00e1l Gabriella \u00c1OK VI. \u00e9vf.<\/li>\n<li>Syd\u00f3 N\u00f3ra \u00c1OK VI. \u00e9vf.<\/li>\n<li>T\u00f3th M\u00f3nika \u00c1OK IV. \u00e9vf.<\/li>\n<li>Varga Alexandra \u00c1OK IV. \u00e9vf.<\/li>\n<li>Varga D\u00e1niel Bal\u00e1zs FOK IV. \u00e9vf.<\/li>\n<li>Zs\u00e9dely Anik\u00f3 FOK IV. \u00e9vf.<\/li>\n<\/ol>\n<p style=\"text-align: center\"><strong> Demonstr\u00e1tori kinevez\u00e9sek \u00e1tad\u00e1sa (2012)<\/strong><\/p>\n<ol start=\"2012\">\n<li style=\"text-align: center\">szeptember 3-\u00e1n &#8211; az \u00e9vkezd\u0151 tanulm\u00e1nyi \u00e9rtekezlet keret\u00e9ben &#8211; adta \u00e1t Csillag professzor a k\u00f6vetkez\u0151 tan\u00e9vre sz\u00f3l\u00f3 kinevez\u00e9seket az Int\u00e9zet\u00fcnkben m\u0171k\u00f6d\u0151 demonstr\u00e1toroknak.<\/li>\n<\/ol>\n<p><a href=\"https:\/\/semmelweis.hu\/anatomia\/files\/2015\/07\/ertekezlet2.jpg\"><img loading=\"lazy\" decoding=\"async\" class=\"aligncenter wp-image-7282 size-full\" src=\"https:\/\/semmelweis.hu\/anatomia\/files\/2015\/07\/ertekezlet2.jpg\" alt=\"ertekezlet2\" width=\"650\" height=\"436\" srcset=\"https:\/\/semmelweis.hu\/anatomia\/files\/2015\/07\/ertekezlet2.jpg 650w, https:\/\/semmelweis.hu\/anatomia\/files\/2015\/07\/ertekezlet2-300x201.jpg 300w, https:\/\/semmelweis.hu\/anatomia\/files\/2015\/07\/ertekezlet2-447x300.jpg 447w\" sizes=\"auto, (max-width: 650px) 100vw, 650px\" \/><\/a> <a href=\"https:\/\/semmelweis.hu\/anatomia\/files\/2015\/07\/ertek4.jpg\"><img loading=\"lazy\" decoding=\"async\" class=\"aligncenter wp-image-7283 size-full\" src=\"https:\/\/semmelweis.hu\/anatomia\/files\/2015\/07\/ertek4.jpg\" alt=\"ertek4\" width=\"650\" height=\"433\" srcset=\"https:\/\/semmelweis.hu\/anatomia\/files\/2015\/07\/ertek4.jpg 650w, https:\/\/semmelweis.hu\/anatomia\/files\/2015\/07\/ertek4-300x200.jpg 300w, https:\/\/semmelweis.hu\/anatomia\/files\/2015\/07\/ertek4-450x300.jpg 450w\" sizes=\"auto, (max-width: 650px) 100vw, 650px\" \/><\/a> <a href=\"https:\/\/semmelweis.hu\/anatomia\/files\/2015\/07\/ertekezlet1.jpg\"><img loading=\"lazy\" decoding=\"async\" class=\"aligncenter wp-image-7284 size-full\" src=\"https:\/\/semmelweis.hu\/anatomia\/files\/2015\/07\/ertekezlet1.jpg\" alt=\"ertekezlet1\" width=\"650\" height=\"434\" srcset=\"https:\/\/semmelweis.hu\/anatomia\/files\/2015\/07\/ertekezlet1.jpg 650w, https:\/\/semmelweis.hu\/anatomia\/files\/2015\/07\/ertekezlet1-300x200.jpg 300w, https:\/\/semmelweis.hu\/anatomia\/files\/2015\/07\/ertekezlet1-449x300.jpg 449w\" sizes=\"auto, (max-width: 650px) 100vw, 650px\" \/><\/a><a href=\"https:\/\/semmelweis.hu\/anatomia\/files\/2015\/07\/taska-.jpg\"><img loading=\"lazy\" decoding=\"async\" class=\"aligncenter wp-image-7285 size-full\" src=\"https:\/\/semmelweis.hu\/anatomia\/files\/2015\/07\/taska-.jpg\" alt=\"taska--\" width=\"400\" height=\"328\" srcset=\"https:\/\/semmelweis.hu\/anatomia\/files\/2015\/07\/taska-.jpg 400w, https:\/\/semmelweis.hu\/anatomia\/files\/2015\/07\/taska--300x246.jpg 300w, https:\/\/semmelweis.hu\/anatomia\/files\/2015\/07\/taska--366x300.jpg 366w\" sizes=\"auto, (max-width: 400px) 100vw, 400px\" \/><\/a> <a href=\"https:\/\/semmelweis.hu\/anatomia\/files\/2015\/07\/6.jpg\"><img loading=\"lazy\" decoding=\"async\" class=\"aligncenter wp-image-7286 size-full\" src=\"https:\/\/semmelweis.hu\/anatomia\/files\/2015\/07\/6.jpg\" alt=\"6\" width=\"400\" height=\"282\" srcset=\"https:\/\/semmelweis.hu\/anatomia\/files\/2015\/07\/6.jpg 400w, https:\/\/semmelweis.hu\/anatomia\/files\/2015\/07\/6-300x212.jpg 300w\" sizes=\"auto, (max-width: 400px) 100vw, 400px\" \/><\/a><\/p>\n<hr \/>\n<p>&nbsp;<\/p>\n<p style=\"text-align: center\"><strong><span style=\"font-family: arial,helvetica,sans-serif;font-size: 12pt\">Kinevezett demonstr\u00e1toraink a 2011\/2012. tan\u00e9vre:<\/span><\/strong><\/p>\n<ol>\n<li>B\u00e1r\u00e1ny M\u00e1t\u00e9- FOK IV. \u00e9vf. <a href=\"https:\/\/semmelweis.hu\/anatomia\/files\/2015\/07\/demonstr2011.jpg\"><img loading=\"lazy\" decoding=\"async\" class=\"alignright wp-image-7287 size-full\" src=\"https:\/\/semmelweis.hu\/anatomia\/files\/2015\/07\/demonstr2011.jpg\" alt=\"demonstr2011\" width=\"450\" height=\"370\" srcset=\"https:\/\/semmelweis.hu\/anatomia\/files\/2015\/07\/demonstr2011.jpg 450w, https:\/\/semmelweis.hu\/anatomia\/files\/2015\/07\/demonstr2011-300x247.jpg 300w, https:\/\/semmelweis.hu\/anatomia\/files\/2015\/07\/demonstr2011-365x300.jpg 365w\" sizes=\"auto, (max-width: 450px) 100vw, 450px\" \/><\/a><\/li>\n<\/ol>\n<ol start=\"2\">\n<li><span style=\"font-family: arial,helvetica,sans-serif;font-size: 12pt\">Bittera Bea- \u00c1OK V. \u00e9vf.<\/span><\/li>\n<li><span style=\"font-family: arial,helvetica,sans-serif;font-size: 12pt\">\u00c9rsek Adrienn &#8211; \u00c1OK V. \u00e9vf.<\/span><\/li>\n<li><span style=\"font-family: arial,helvetica,sans-serif;font-size: 12pt\">Gyimesi Kl\u00e1ra &#8211; \u00c1OK V. \u00e9vf<\/span><\/li>\n<li><span style=\"font-family: arial,helvetica,sans-serif;font-size: 12pt\">Hev\u00e9r Hel\u00e9n &#8211; FOK IV. \u00e9vf.<\/span><\/li>\n<li><span style=\"font-family: arial,helvetica,sans-serif;font-size: 12pt\">Kepes Lilla &#8211; \u00c1OK IV. \u00e9vf.<\/span><\/li>\n<li><span style=\"font-family: arial,helvetica,sans-serif;font-size: 12pt\">Kis \u00c9va &#8211; \u00c1OK VI. \u00e9vf.<\/span><\/li>\n<li><span style=\"font-family: arial,helvetica,sans-serif;font-size: 12pt\">Korompai M\u00e1t\u00e9 &#8211; \u00c1OK V. \u00e9vf.<\/span><\/li>\n<li><span style=\"font-family: arial,helvetica,sans-serif;font-size: 12pt\">K\u00f6rmendi P\u00e9ter &#8211; \u00c1OK V. \u00e9vf.<\/span><\/li>\n<li><span style=\"font-family: arial,helvetica,sans-serif;font-size: 12pt\">Megyeri S\u00e1ra &#8211; FOK V. \u00e9vf.<\/span><\/li>\n<li><span style=\"font-family: arial,helvetica,sans-serif;font-size: 12pt\">Milanovich D\u00e1niel &#8211; \u00c1OK V. \u00e9vf.<\/span><\/li>\n<li><span style=\"font-family: arial,helvetica,sans-serif;font-size: 12pt\">Nagy Henrietta &#8211; \u00c1OK IV. \u00e9vf.<\/span><\/li>\n<li><span style=\"font-family: arial,helvetica,sans-serif;font-size: 12pt\">P\u00e1l Gabriella &#8211; \u00c1OK V. \u00e9vf.<\/span><\/li>\n<li><span style=\"font-family: arial,helvetica,sans-serif;font-size: 12pt\">Stubna Gergely &#8211; FOK V. \u00e9vf.<\/span><\/li>\n<li><span style=\"font-family: arial,helvetica,sans-serif;font-size: 12pt\">Syd\u00f3 N\u00f3ra &#8211; \u00c1OK V. \u00e9vf.<\/span><\/li>\n<li><span style=\"font-family: arial,helvetica,sans-serif;font-size: 12pt\">Szegedi L\u00e1szl\u00f3 &#8211; \u00c1OK VI. \u00e9vf.<\/span><\/li>\n<li><span style=\"font-family: arial,helvetica,sans-serif;font-size: 12pt\">Szegedi N\u00e1ndor &#8211; \u00c1OK VI. \u00e9vf.<\/span><\/li>\n<li><span style=\"font-family: arial,helvetica,sans-serif;font-size: 12pt\">Vasas P\u00e9ter &#8211; FOK IV. \u00e9vf.<\/span><\/li>\n<li><span style=\"font-family: arial,helvetica,sans-serif;font-size: 12pt\">Zs\u00e9dely Anik\u00f3 &#8211; FOK III. \u00e9vf.<\/span><\/li>\n<\/ol>\n<hr \/>\n<p>&nbsp;<\/p>\n<p style=\"text-align: center\"><span style=\"font-family: arial,helvetica,sans-serif;font-size: 12pt\"><strong>Demonstr\u00e1tori kinevez\u00e9sek \u00e1tad\u00e1sa (2011)<\/strong><\/span><\/p>\n<ol start=\"2011\">\n<li style=\"text-align: center\"><span style=\"font-family: arial,helvetica,sans-serif;font-size: 12pt\">szeptember 5-\u00e9n az \u00e9vkezd\u0151 tanulm\u00e1nyi \u00e9rtekezlet keret\u00e9ben adta \u00e1t Csillag professzor a k\u00f6vetkez\u0151 tan\u00e9vre sz\u00f3l\u00f3 kinevez\u00e9seket az Int\u00e9zet\u00fcnkben m\u0171k\u00f6d\u0151 demonstr\u00e1toroknak.<\/span><\/li>\n<\/ol>\n<p><a href=\"https:\/\/semmelweis.hu\/anatomia\/files\/2015\/07\/img_1885.jpg\"><img loading=\"lazy\" decoding=\"async\" class=\"aligncenter wp-image-7288\" src=\"https:\/\/semmelweis.hu\/anatomia\/files\/2015\/07\/img_1885.jpg\" alt=\"img_1885\" width=\"640\" height=\"441\" srcset=\"https:\/\/semmelweis.hu\/anatomia\/files\/2015\/07\/img_1885.jpg 850w, https:\/\/semmelweis.hu\/anatomia\/files\/2015\/07\/img_1885-300x207.jpg 300w, https:\/\/semmelweis.hu\/anatomia\/files\/2015\/07\/img_1885-435x300.jpg 435w, https:\/\/semmelweis.hu\/anatomia\/files\/2015\/07\/img_1885-175x120.jpg 175w\" sizes=\"auto, (max-width: 640px) 100vw, 640px\" \/><\/a> <a href=\"https:\/\/semmelweis.hu\/anatomia\/files\/2015\/07\/img_1881.jpg\"><img loading=\"lazy\" decoding=\"async\" class=\"aligncenter wp-image-7289\" src=\"https:\/\/semmelweis.hu\/anatomia\/files\/2015\/07\/img_1881.jpg\" alt=\"img_1881\" width=\"640\" height=\"488\" srcset=\"https:\/\/semmelweis.hu\/anatomia\/files\/2015\/07\/img_1881.jpg 850w, https:\/\/semmelweis.hu\/anatomia\/files\/2015\/07\/img_1881-300x229.jpg 300w, https:\/\/semmelweis.hu\/anatomia\/files\/2015\/07\/img_1881-394x300.jpg 394w\" sizes=\"auto, (max-width: 640px) 100vw, 640px\" \/><\/a> <a href=\"https:\/\/semmelweis.hu\/anatomia\/files\/2015\/07\/img_1882.jpg\"><img loading=\"lazy\" decoding=\"async\" class=\"aligncenter wp-image-7290\" src=\"https:\/\/semmelweis.hu\/anatomia\/files\/2015\/07\/img_1882.jpg\" alt=\"img_1882\" width=\"640\" height=\"450\" srcset=\"https:\/\/semmelweis.hu\/anatomia\/files\/2015\/07\/img_1882.jpg 850w, https:\/\/semmelweis.hu\/anatomia\/files\/2015\/07\/img_1882-300x211.jpg 300w, https:\/\/semmelweis.hu\/anatomia\/files\/2015\/07\/img_1882-427x300.jpg 427w\" sizes=\"auto, (max-width: 640px) 100vw, 640px\" \/><\/a> <a href=\"https:\/\/semmelweis.hu\/anatomia\/files\/2015\/07\/img_1883.jpg\"><img loading=\"lazy\" decoding=\"async\" class=\"aligncenter wp-image-7291\" src=\"https:\/\/semmelweis.hu\/anatomia\/files\/2015\/07\/img_1883.jpg\" alt=\"img_1883\" width=\"640\" height=\"427\" srcset=\"https:\/\/semmelweis.hu\/anatomia\/files\/2015\/07\/img_1883.jpg 850w, https:\/\/semmelweis.hu\/anatomia\/files\/2015\/07\/img_1883-300x200.jpg 300w, https:\/\/semmelweis.hu\/anatomia\/files\/2015\/07\/img_1883-450x300.jpg 450w\" sizes=\"auto, (max-width: 640px) 100vw, 640px\" \/><\/a><\/p>\n<hr \/>\n<p>&nbsp;<\/p>\n<p style=\"text-align: center\"><span style=\"font-family: arial,helvetica,sans-serif;font-size: 12pt\"><strong> Demonstr\u00e1tori kinevez\u00e9sek \u00e1tad\u00e1sa (2010)<\/strong><\/span><\/p>\n<ol start=\"2010\">\n<li style=\"text-align: center\"><span style=\"font-family: arial,helvetica,sans-serif;font-size: 12pt\">augusztus 30-\u00e1n a tanulm\u00e1nyi \u00e9rtekezlet keret\u00e9ben adta \u00e1t Csillag professzor a k\u00f6vetkez\u0151 tan\u00e9vre sz\u00f3l\u00f3 demonstr\u00e1tori kinevez\u00e9seket.<\/span><\/li>\n<\/ol>\n<p><span style=\"font-family: arial,helvetica,sans-serif;font-size: 12pt\"><b>Demonstr\u00e1tori kinevez\u00e9sek Int\u00e9zet\u00fcnkben a 2010\/2011. tan\u00e9vre (\u00c1OK, FOK):<\/b><\/span><\/p>\n<ol>\n<li>Bittera Bea \u00c1OK IV.<\/li>\n<li>El &#8211; Hage Jade Bence FOK V.<\/li>\n<li>\u00c9rsek Adrienn \u00c1OK IV.<\/li>\n<li>G\u00e1ti Georgina \u00c1OK VI.<\/li>\n<li>Grolmusz Vince Korn\u00e9l \u00c1OK V.<\/li>\n<li>Gyimesi Kl\u00e1ra \u00c1OK IV.<\/li>\n<li>Kis \u00c9va \u00c1OK V.<\/li>\n<li>Korompai M\u00e1t\u00e9 \u00c1OK IV.<\/li>\n<li>K\u00f6rmendi P\u00e9ter \u00c1OK IV.<\/li>\n<li>Megyeri S\u00e1ra FOK IV.<\/li>\n<li>Milanovich D\u00e1niel \u00c1OK IV.<\/li>\n<li>Mohai Tam\u00e1s FOK III.<\/li>\n<li>N\u00e9meth P\u00e9ter L\u00e1szl\u00f3 FOK V.<\/li>\n<li>P\u00e1l Gabriella \u00c1OK IV.<\/li>\n<li>Radics P\u00e9ter \u00c1OK V.<\/li>\n<li>Stubna Gergely FOK IV.<\/li>\n<li>Syd\u00f3 D\u00f3ra \u00c1OK IV.<\/li>\n<li>Szegedi L\u00e1szl\u00f3 \u00c1OK V.<\/li>\n<li>Szegedi N\u00e1ndor \u00c1OK V.<\/li>\n<\/ol>\n<p><a href=\"https:\/\/semmelweis.hu\/anatomia\/files\/2015\/07\/p8300776.jpg\"><img loading=\"lazy\" decoding=\"async\" class=\"aligncenter wp-image-7292\" src=\"https:\/\/semmelweis.hu\/anatomia\/files\/2015\/07\/p8300776.jpg\" alt=\"\" width=\"640\" height=\"535\" srcset=\"https:\/\/semmelweis.hu\/anatomia\/files\/2015\/07\/p8300776.jpg 850w, https:\/\/semmelweis.hu\/anatomia\/files\/2015\/07\/p8300776-300x251.jpg 300w, https:\/\/semmelweis.hu\/anatomia\/files\/2015\/07\/p8300776-359x300.jpg 359w\" sizes=\"auto, (max-width: 640px) 100vw, 640px\" \/><\/a><\/p>\n<p><a href=\"https:\/\/semmelweis.hu\/anatomia\/files\/2015\/07\/p8300772.jpg\"><img loading=\"lazy\" decoding=\"async\" class=\"aligncenter wp-image-7293\" src=\"https:\/\/semmelweis.hu\/anatomia\/files\/2015\/07\/p8300772.jpg\" alt=\"\" width=\"640\" height=\"531\" srcset=\"https:\/\/semmelweis.hu\/anatomia\/files\/2015\/07\/p8300772.jpg 850w, https:\/\/semmelweis.hu\/anatomia\/files\/2015\/07\/p8300772-300x249.jpg 300w, https:\/\/semmelweis.hu\/anatomia\/files\/2015\/07\/p8300772-362x300.jpg 362w\" sizes=\"auto, (max-width: 640px) 100vw, 640px\" \/><\/a><\/p>\n<p><a href=\"https:\/\/semmelweis.hu\/anatomia\/files\/2015\/07\/p8300774.jpg\"><img loading=\"lazy\" decoding=\"async\" class=\"aligncenter wp-image-7294\" src=\"https:\/\/semmelweis.hu\/anatomia\/files\/2015\/07\/p8300774.jpg\" alt=\"\" width=\"640\" height=\"504\" srcset=\"https:\/\/semmelweis.hu\/anatomia\/files\/2015\/07\/p8300774.jpg 850w, https:\/\/semmelweis.hu\/anatomia\/files\/2015\/07\/p8300774-300x236.jpg 300w, https:\/\/semmelweis.hu\/anatomia\/files\/2015\/07\/p8300774-381x300.jpg 381w\" sizes=\"auto, (max-width: 640px) 100vw, 640px\" \/><\/a><\/p>\n<p style=\"text-align: center\">(Fot\u00f3: Kiss J\u00f3zsef)<\/p>\n","protected":false},"excerpt":{"rendered":"<p>Kinevezett \u00e9s 2015-ben is akt\u00edv demonstr\u00e1toraink a 2014\/2015. tan\u00e9vre: Adeghate Jennifer Oluyemisi V. Baksa Tam\u00e1s FOK III. B\u00e1r\u00e1ny L\u00e1szl\u00f3 V. Barta Benj\u00e1min V. Dudela Bianka IV. Durst M\u00e1t\u00e9 VI. Erd\u00e9lyi Zolt\u00e1n IV. Fekete Laura V. Hadnagy Vikt\u00f3ria III. Kolossv\u00e1ry M\u00e1rton V. May Marcell FOK III. Ors\u00f3s M. Merc\u00e9desz FOK V. P\u00e1lya Fanni IV. Schl\u0151gl Simon &hellip;<\/p>\n","protected":false},"author":352,"featured_media":7295,"comment_status":"closed","ping_status":"closed","sticky":false,"template":"","format":"standard","meta":{"_acf_changed":false,"footnotes":""},"categories":[584,218,20,206],"tags":[],"class_list":["post-7281","post","type-post","status-publish","format-standard","has-post-thumbnail","hentry","category-hallgatoi-elet-kepek","category-hallgatok","category-intezeti-hirek","category-oktatas"],"acf":[],"_links":{"self":[{"href":"https:\/\/semmelweis.hu\/anatomia\/wp-json\/wp\/v2\/posts\/7281","targetHints":{"allow":["GET"]}}],"collection":[{"href":"https:\/\/semmelweis.hu\/anatomia\/wp-json\/wp\/v2\/posts"}],"about":[{"href":"https:\/\/semmelweis.hu\/anatomia\/wp-json\/wp\/v2\/types\/post"}],"author":[{"embeddable":true,"href":"https:\/\/semmelweis.hu\/anatomia\/wp-json\/wp\/v2\/users\/352"}],"replies":[{"embeddable":true,"href":"https:\/\/semmelweis.hu\/anatomia\/wp-json\/wp\/v2\/comments?post=7281"}],"version-history":[{"count":2,"href":"https:\/\/semmelweis.hu\/anatomia\/wp-json\/wp\/v2\/posts\/7281\/revisions"}],"predecessor-version":[{"id":31097,"href":"https:\/\/semmelweis.hu\/anatomia\/wp-json\/wp\/v2\/posts\/7281\/revisions\/31097"}],"wp:featuredmedia":[{"embeddable":true,"href":"https:\/\/semmelweis.hu\/anatomia\/wp-json\/wp\/v2\/media\/7295"}],"wp:attachment":[{"href":"https:\/\/semmelweis.hu\/anatomia\/wp-json\/wp\/v2\/media?parent=7281"}],"wp:term":[{"taxonomy":"category","embeddable":true,"href":"https:\/\/semmelweis.hu\/anatomia\/wp-json\/wp\/v2\/categories?post=7281"},{"taxonomy":"post_tag","embeddable":true,"href":"https:\/\/semmelweis.hu\/anatomia\/wp-json\/wp\/v2\/tags?post=7281"}],"curies":[{"name":"wp","href":"https:\/\/api.w.org\/{rel}","templated":true}]}}