{"id":6292,"date":"2002-07-08T14:58:19","date_gmt":"2002-07-08T12:58:19","guid":{"rendered":"http:\/\/semmelweis.hu\/anatomia\/?p=6292"},"modified":"2017-08-04T11:32:19","modified_gmt":"2017-08-04T09:32:19","slug":"mihalkovics-verseny-2002","status":"publish","type":"post","link":"https:\/\/semmelweis.hu\/anatomia\/2002\/07\/08\/mihalkovics-verseny-2002\/","title":{"rendered":"Mih\u00e1lkovics-verseny eredm\u00e9nyhirdet\u00e9s 2002."},"content":{"rendered":"<p>A Mih\u00e1lkovics Alap\u00edtv\u00e1ny minden \u00e9vben p\u00e1ly\u00e1zatot hirdet orvos- \u00e9s fogorvostanhallgat\u00f3knak az anat\u00f3mia, valamint a fogorvostudom\u00e1ny elm\u00e9leti t\u00e1rgyk\u00f6r\u00e9b\u0151l \u00edrand\u00f3 tudom\u00e1nyos dolgozat, ill. az <strong><a href=\"https:\/\/semmelweis.hu\/anatomia\/oktatas\/anatomiai-muzeum\/\">Anat\u00f3miai M\u00fazeum<\/a><\/strong> r\u00e9sz\u00e9re az oktat\u00e1st el\u0151seg\u00edt\u0151 prepar\u00e1tumok k\u00e9sz\u00edt\u00e9s\u00e9re.<br \/>\n Ez \u00e9v \u00e1prilis 18-\u00e1n a kurat\u00f3rium a be\u00e9rkezett p\u00e1ly\u00e1zatok alapj\u00e1n egyhang\u00falag a k\u00f6vetkez\u0151 d\u00f6nt\u00e9st hozta:<\/p>\n<ul>\n<li>1. d\u00edj: <strong>Benis Szabolcs <\/strong>\u00c1OK VI. \u00e9vf.: Az arteria radialis \u00e9s az arteria ulnaris alkari szakasz\u00e1nak finom \u00e1grendszere<\/li>\n<li>2. d\u00edj: <strong>dr. Nagy Kriszti\u00e1n <\/strong> FOK IV. \u00e9vf.: Az apparatus lacrimalis topographi\u00e1ja<\/li>\n<li>3. d\u00edj: <strong>Baksa G\u00e1bor <\/strong>\u00e9s <strong> G\u00e9mes Krist\u00f3f <\/strong>\u00c1OK II. \u00e9vf.: Mediastinum-has\u00fcreg prepar\u00e1tum<\/li>\n<\/ul>\n<p>Gratul\u00e1lunk a nyerteseknek \u00e9s seg\u00edt\u0151 tan\u00e1raiknak: <strong><br \/>\n dr. Patonay Lajosnak <\/strong>\u00e9s <strong>dr. Fej\u00e9r Zsoltnak <\/strong><\/p>\n<p>&nbsp;<\/p>\n<p style=\"text-align: center;\"><strong>Dr. Don\u00e1th Tibor <\/strong><br \/>\n a Mih\u00e1lkovics Alap\u00edtv\u00e1ny kurat\u00f3rium\u00e1nak eln\u00f6ke<\/p>\n<div id=\"__if72ru4sdfsdfrkjahiuyi_once\">\u00a0<\/div>\n<div id=\"__if72ru4sdfsdfruh7fewui_once\">\u00a0<\/div>\n<div id=\"__zsc_once\">\u00a0<\/div>\n<div id=\"__hggasdgjhsagd_once\">\u00a0<\/div>\n","protected":false},"excerpt":{"rendered":"<p>A Mih\u00e1lkovics Alap\u00edtv\u00e1ny minden \u00e9vben p\u00e1ly\u00e1zatot hirdet orvos- \u00e9s fogorvostanhallgat\u00f3knak az anat\u00f3mia, valamint a fogorvostudom\u00e1ny elm\u00e9leti t\u00e1rgyk\u00f6r\u00e9b\u0151l \u00edrand\u00f3 tudom\u00e1nyos dolgozat, ill. az <a href=\"https:\/\/semmelweis.hu\/anatomia\/oktatas\/anatomiai-muzeum\/\">Anat\u00f3miai M\u00fazeum<\/a> r\u00e9sz\u00e9re az oktat\u00e1st el\u0151seg\u00edt\u0151 prepar\u00e1tumok k\u00e9sz\u00edt\u00e9s\u00e9re. Ez \u00e9v \u00e1prilis 18-\u00e1n a kurat\u00f3rium a be\u00e9rkezett p\u00e1ly\u00e1zatok alapj\u00e1n egyhang\u00falag a k\u00f6vetkez\u0151 d\u00f6nt\u00e9st hozta: 1. d\u00edj: Benis Szabolcs \u00c1OK VI. \u00e9vf.: Az arteria radialis \u00e9s az &hellip;<\/p>\n","protected":false},"author":352,"featured_media":7248,"comment_status":"open","ping_status":"open","sticky":false,"template":"","format":"standard","meta":{"_acf_changed":false,"footnotes":""},"categories":[20,206],"tags":[],"class_list":["post-6292","post","type-post","status-publish","format-standard","has-post-thumbnail","hentry","category-intezeti-hirek","category-oktatas"],"acf":[],"_links":{"self":[{"href":"https:\/\/semmelweis.hu\/anatomia\/wp-json\/wp\/v2\/posts\/6292","targetHints":{"allow":["GET"]}}],"collection":[{"href":"https:\/\/semmelweis.hu\/anatomia\/wp-json\/wp\/v2\/posts"}],"about":[{"href":"https:\/\/semmelweis.hu\/anatomia\/wp-json\/wp\/v2\/types\/post"}],"author":[{"embeddable":true,"href":"https:\/\/semmelweis.hu\/anatomia\/wp-json\/wp\/v2\/users\/352"}],"replies":[{"embeddable":true,"href":"https:\/\/semmelweis.hu\/anatomia\/wp-json\/wp\/v2\/comments?post=6292"}],"version-history":[{"count":6,"href":"https:\/\/semmelweis.hu\/anatomia\/wp-json\/wp\/v2\/posts\/6292\/revisions"}],"predecessor-version":[{"id":12790,"href":"https:\/\/semmelweis.hu\/anatomia\/wp-json\/wp\/v2\/posts\/6292\/revisions\/12790"}],"wp:featuredmedia":[{"embeddable":true,"href":"https:\/\/semmelweis.hu\/anatomia\/wp-json\/wp\/v2\/media\/7248"}],"wp:attachment":[{"href":"https:\/\/semmelweis.hu\/anatomia\/wp-json\/wp\/v2\/media?parent=6292"}],"wp:term":[{"taxonomy":"category","embeddable":true,"href":"https:\/\/semmelweis.hu\/anatomia\/wp-json\/wp\/v2\/categories?post=6292"},{"taxonomy":"post_tag","embeddable":true,"href":"https:\/\/semmelweis.hu\/anatomia\/wp-json\/wp\/v2\/tags?post=6292"}],"curies":[{"name":"wp","href":"https:\/\/api.w.org\/{rel}","templated":true}]}}