{"id":6213,"date":"2010-07-08T13:02:19","date_gmt":"2010-07-08T11:02:19","guid":{"rendered":"http:\/\/semmelweis.hu\/anatomia\/?p=6213"},"modified":"2017-08-04T11:45:14","modified_gmt":"2017-08-04T09:45:14","slug":"mihalkovics-verseny-2010","status":"publish","type":"post","link":"https:\/\/semmelweis.hu\/anatomia\/2010\/07\/08\/mihalkovics-verseny-2010\/","title":{"rendered":"A Mih\u00e1lkovics Alap\u00edtv\u00e1ny d\u00edjazottjai 2010."},"content":{"rendered":"<p>2010. m\u00e1rcius 1.: 14.15 \u00f3rakor Int\u00e9zet\u00fcnk <b>Anat\u00f3miai M\u00fazeum<\/b>\u00e1ban kezdet\u00e9t vette a <a href=\"https:\/\/semmelweis.hu\/anatomia\/oktatas\/mihalkovics-palyazat\/\">Mih\u00e1lkovics-verseny<\/a>re beny\u00fajtott k\u00e9sz\u00edtm\u00e9nyek b\u00edr\u00e1lata. A p\u00e1ly\u00e1z\u00f3k bemutatt\u00e1k prepar\u00e1tumaikat \u00e9s azok dokument\u00e1ci\u00f3j\u00e1t a 2 anat\u00f3miai int\u00e9zet oktat\u00f3ib\u00f3l \u00e1ll\u00f3 b\u00edr\u00e1l\u00f3 bizotts\u00e1gnak. A ki\u00e9rt\u00e9kel\u00e9s ut\u00e1n az el\u0151zetes eredm\u00e9nyek kihirdet\u00e9se is megt\u00f6rt\u00e9nt. (D\u00edjkioszt\u00e1s a 2010. m\u00e1rc. 12-\u00e9n 11.00 \u00f3rakor kezd\u0151d\u0151 egyetemi \u00fcnneps\u00e9g keret\u00e9ben.)<\/p>\n<p><strong>I. d\u00edj \u00e9s \u00e9rem:<br \/>\n Kov\u00e1ch S\u00e1ndor <\/strong>(FOK III.): A nervus mandibularis \u00e9s nervus facialis lefut\u00e1sa magzaton<\/p>\n<p><strong> Megosztott II. d\u00edj:<br \/>\n Keglevich Laura <\/strong>(\u00c1OK IV.): Az arcus palmaris superficialis lefut\u00e1sa, k\u00fcl\u00f6n\u00f6s tekintettel a k\u00e9z amput\u00e1lt pollex\u00e9nek v\u00e9rell\u00e1t\u00e1s\u00e1ra<\/p>\n<p><strong><br \/>\n Ruttkay Tam\u00e1s <\/strong>(\u00c1OK IV.): A pancreas \u00e9s a duodenum v\u00e9rell\u00e1t\u00e1sa, k\u00fcl\u00f6n\u00f6s tekintettel az arcus Riolani minorra<\/p>\n<p><strong>III. d\u00edj:<\/strong> <strong><br \/>\n Moln\u00e1r Gy\u00f6ngyv\u00e9r <\/strong>(\u00c1OK V.): A mimikai izomzat bel\u00fclr\u0151l, k\u00fcl\u00f6n\u00f6s tekintettel a nervus facialis \u00e1grendszer\u00e9re<\/p>\n<p><strong>E\u00f6rd\u00f6gh M\u00e1rton <\/strong>(\u00c1OK III.): A tark\u00f3izmok anat\u00f3mi\u00e1ja, k\u00fcl\u00f6n\u00f6s tekintettel a trigonum suboccipital\u00e9ra<\/p>\n<p><strong>Kurucz P\u00e9ter <\/strong>(\u00c1OK V.): Az agyi aneurizm\u00e1k predilekci\u00f3s helyeinek mikroseb\u00e9szeti anat\u00f3mi\u00e1ja, k\u00fcl\u00f6n\u00f6s tekintettel az arteria cerebri media \u00e1grendszer\u00e9re<\/p>\n<p><strong>Pataki Zolt\u00e1n <\/strong>(\u00c1OK II.): A medence fali \u00e9r- \u00e9s idegk\u00e9pletei, k\u00fcl\u00f6n\u00f6s tekintettel a plexus lumbosacralisra<\/p>\n<p>&nbsp;<\/p>\n<p>Elismer\u00e9s illeti a d\u00edjazottak vezet\u0151 tan\u00e1r\u00e1t, <strong>dr. Patonay Lajost <\/strong> \u00e9s<strong> dr. Altdorfer K\u00e1rolyt<\/strong>.<\/p>\n<p>Budapest, 2010. m\u00e1rcius 1.<\/p>\n<p><b><span style=\"font-size: medium;\">K\u00e9pek a b\u00edr\u00e1latr\u00f3l\u00a0<\/span><\/b>(Fot\u00f3: Kiss J\u00f3zsef)<\/p>\n[slb_exclude]<div data-carousel-extra='{\"blog_id\":19,\"permalink\":\"https:\\\/\\\/semmelweis.hu\\\/anatomia\\\/2010\\\/07\\\/08\\\/mihalkovics-verseny-2010\\\/\"}' class=\"tiled-gallery type-rectangular\" data-original-width=\"753\"><div class=\"gallery-row\" style=\"width: 748px; height: 342px;\"><div class=\"gallery-group images-1\" style=\"width: 524px; height: 346px;\"><div class=\"tiled-gallery-item tiled-gallery-item-large\"><a href=\"https:\/\/semmelweis.hu\/anatomia\/files\/2015\/07\/p3010233.jpg\"><img loading=\"lazy\" decoding=\"async\" data-attachment-id=\"6214\" data-orig-file=\"https:\/\/semmelweis.hu\/anatomia\/files\/2015\/07\/p3010233.jpg\" data-orig-size=\"850,560\" data-comments-opened=\"1\" data-image-meta=\"{&quot;aperture&quot;:&quot;3.2&quot;,&quot;credit&quot;:&quot;&quot;,&quot;camera&quot;:&quot;FE310,X840,C530&quot;,&quot;caption&quot;:&quot;OLYMPUS DIGITAL CAMERA&quot;,&quot;created_timestamp&quot;:&quot;1267456915&quot;,&quot;copyright&quot;:&quot;&quot;,&quot;focal_length&quot;:&quot;6.2&quot;,&quot;iso&quot;:&quot;125&quot;,&quot;shutter_speed&quot;:&quot;0.033333333333333&quot;,&quot;title&quot;:&quot;OLYMPUS DIGITAL CAMERA&quot;,&quot;orientation&quot;:&quot;1&quot;}\" data-image-title=\"OLYMPUS DIGITAL CAMERA\" data-image-description=\"\" data-medium-file=\"https:\/\/semmelweis.hu\/anatomia\/files\/2015\/07\/p3010233-300x198.jpg\" data-large-file=\"https:\/\/semmelweis.hu\/anatomia\/files\/2015\/07\/p3010233.jpg\" src=\"https:\/\/semmelweis.hu\/anatomia\/files\/2015\/07\/p3010233-520x342.jpg\" width=\"520\" height=\"342\" align=\"left\" title=\"OLYMPUS DIGITAL CAMERA\" \/><\/a><div class=\"tiled-gallery-caption\">OLYMPUS DIGITAL CAMERA<\/div><\/div><\/div><div class=\"gallery-group images-2\" style=\"width: 224px; height: 346px;\"><div class=\"tiled-gallery-item tiled-gallery-item-small\"><a href=\"https:\/\/semmelweis.hu\/anatomia\/files\/2015\/07\/p3010238.jpg\"><img loading=\"lazy\" decoding=\"async\" data-attachment-id=\"6215\" data-orig-file=\"https:\/\/semmelweis.hu\/anatomia\/files\/2015\/07\/p3010238.jpg\" data-orig-size=\"850,700\" data-comments-opened=\"1\" data-image-meta=\"{&quot;aperture&quot;:&quot;3.2&quot;,&quot;credit&quot;:&quot;&quot;,&quot;camera&quot;:&quot;FE310,X840,C530&quot;,&quot;caption&quot;:&quot;OLYMPUS DIGITAL CAMERA&quot;,&quot;created_timestamp&quot;:&quot;1267457217&quot;,&quot;copyright&quot;:&quot;&quot;,&quot;focal_length&quot;:&quot;6.2&quot;,&quot;iso&quot;:&quot;125&quot;,&quot;shutter_speed&quot;:&quot;0.033333333333333&quot;,&quot;title&quot;:&quot;OLYMPUS DIGITAL CAMERA&quot;,&quot;orientation&quot;:&quot;1&quot;}\" data-image-title=\"\" data-image-description=\"\" data-medium-file=\"https:\/\/semmelweis.hu\/anatomia\/files\/2015\/07\/p3010238-300x247.jpg\" data-large-file=\"https:\/\/semmelweis.hu\/anatomia\/files\/2015\/07\/p3010238.jpg\" src=\"https:\/\/semmelweis.hu\/anatomia\/files\/2015\/07\/p3010238-220x181.jpg\" width=\"220\" height=\"181\" align=\"left\" title=\"\" \/><\/a><\/div><div class=\"tiled-gallery-item tiled-gallery-item-small\"><a href=\"https:\/\/semmelweis.hu\/anatomia\/files\/2015\/07\/p3010239.jpg\"><img loading=\"lazy\" decoding=\"async\" data-attachment-id=\"6216\" data-orig-file=\"https:\/\/semmelweis.hu\/anatomia\/files\/2015\/07\/p3010239.jpg\" data-orig-size=\"850,606\" data-comments-opened=\"1\" data-image-meta=\"{&quot;aperture&quot;:&quot;3.2&quot;,&quot;credit&quot;:&quot;&quot;,&quot;camera&quot;:&quot;FE310,X840,C530&quot;,&quot;caption&quot;:&quot;OLYMPUS DIGITAL CAMERA&quot;,&quot;created_timestamp&quot;:&quot;1267457311&quot;,&quot;copyright&quot;:&quot;&quot;,&quot;focal_length&quot;:&quot;6.2&quot;,&quot;iso&quot;:&quot;125&quot;,&quot;shutter_speed&quot;:&quot;0.033333333333333&quot;,&quot;title&quot;:&quot;OLYMPUS DIGITAL CAMERA&quot;,&quot;orientation&quot;:&quot;1&quot;}\" data-image-title=\"\" data-image-description=\"\" data-medium-file=\"https:\/\/semmelweis.hu\/anatomia\/files\/2015\/07\/p3010239-300x214.jpg\" data-large-file=\"https:\/\/semmelweis.hu\/anatomia\/files\/2015\/07\/p3010239.jpg\" src=\"https:\/\/semmelweis.hu\/anatomia\/files\/2015\/07\/p3010239-220x157.jpg\" width=\"220\" height=\"157\" align=\"left\" title=\"Keglevich Laura (\u00c1OK IV.): Az arcus palmaris superficialis lefut\u00e1sa, k\u00fcl\u00f6n\u00f6s tekintettel a k\u00e9z amput\u00e1lt pollex\u00e9nek v\u00e9rell\u00e1t\u00e1s\u00e1ra \" \/><\/a><div class=\"tiled-gallery-caption\">Keglevich Laura (\u00c1OK IV.): Az arcus palmaris superficialis lefut\u00e1sa, k\u00fcl\u00f6n\u00f6s tekintettel a k\u00e9z amput\u00e1lt pollex\u00e9nek v\u00e9rell\u00e1t\u00e1s\u00e1ra <\/div><\/div><\/div><\/div><div class=\"gallery-row\" style=\"width: 748px; height: 367px;\"><div class=\"gallery-group images-2\" style=\"width: 231px; height: 371px;\"><div class=\"tiled-gallery-item tiled-gallery-item-small\"><a href=\"https:\/\/semmelweis.hu\/anatomia\/files\/2015\/07\/p3010241.jpg\"><img loading=\"lazy\" decoding=\"async\" data-attachment-id=\"6217\" data-orig-file=\"https:\/\/semmelweis.hu\/anatomia\/files\/2015\/07\/p3010241.jpg\" data-orig-size=\"850,755\" data-comments-opened=\"1\" data-image-meta=\"{&quot;aperture&quot;:&quot;3.2&quot;,&quot;credit&quot;:&quot;&quot;,&quot;camera&quot;:&quot;FE310,X840,C530&quot;,&quot;caption&quot;:&quot;OLYMPUS DIGITAL CAMERA&quot;,&quot;created_timestamp&quot;:&quot;1267457533&quot;,&quot;copyright&quot;:&quot;&quot;,&quot;focal_length&quot;:&quot;6.2&quot;,&quot;iso&quot;:&quot;125&quot;,&quot;shutter_speed&quot;:&quot;0.033333333333333&quot;,&quot;title&quot;:&quot;OLYMPUS DIGITAL CAMERA&quot;,&quot;orientation&quot;:&quot;1&quot;}\" data-image-title=\"\" data-image-description=\"\" data-medium-file=\"https:\/\/semmelweis.hu\/anatomia\/files\/2015\/07\/p3010241-300x266.jpg\" data-large-file=\"https:\/\/semmelweis.hu\/anatomia\/files\/2015\/07\/p3010241.jpg\" src=\"https:\/\/semmelweis.hu\/anatomia\/files\/2015\/07\/p3010241-227x202.jpg\" width=\"227\" height=\"202\" align=\"left\" title=\"Kurucz P\u00e9ter (\u00c1OK V.): Az agyi aneurizm\u00e1k predilekci\u00f3s helyeinek mikroseb\u00e9szeti anat\u00f3mi\u00e1ja, k\u00fcl\u00f6n\u00f6s tekintettel az arteria cerebri media \u00e1grendszer\u00e9re\" \/><\/a><div class=\"tiled-gallery-caption\">Kurucz P\u00e9ter (\u00c1OK V.): Az agyi aneurizm\u00e1k predilekci\u00f3s helyeinek mikroseb\u00e9szeti anat\u00f3mi\u00e1ja, k\u00fcl\u00f6n\u00f6s tekintettel az arteria cerebri media \u00e1grendszer\u00e9re<\/div><\/div><div class=\"tiled-gallery-item tiled-gallery-item-small\"><a href=\"https:\/\/semmelweis.hu\/anatomia\/files\/2015\/07\/p3010242.jpg\"><img loading=\"lazy\" decoding=\"async\" data-attachment-id=\"6218\" data-orig-file=\"https:\/\/semmelweis.hu\/anatomia\/files\/2015\/07\/p3010242.jpg\" data-orig-size=\"850,604\" data-comments-opened=\"1\" data-image-meta=\"{&quot;aperture&quot;:&quot;3.2&quot;,&quot;credit&quot;:&quot;&quot;,&quot;camera&quot;:&quot;FE310,X840,C530&quot;,&quot;caption&quot;:&quot;OLYMPUS DIGITAL CAMERA&quot;,&quot;created_timestamp&quot;:&quot;1267457864&quot;,&quot;copyright&quot;:&quot;&quot;,&quot;focal_length&quot;:&quot;6.2&quot;,&quot;iso&quot;:&quot;125&quot;,&quot;shutter_speed&quot;:&quot;0.033333333333333&quot;,&quot;title&quot;:&quot;OLYMPUS DIGITAL CAMERA&quot;,&quot;orientation&quot;:&quot;1&quot;}\" data-image-title=\"\" data-image-description=\"\" data-medium-file=\"https:\/\/semmelweis.hu\/anatomia\/files\/2015\/07\/p3010242-300x213.jpg\" data-large-file=\"https:\/\/semmelweis.hu\/anatomia\/files\/2015\/07\/p3010242.jpg\" src=\"https:\/\/semmelweis.hu\/anatomia\/files\/2015\/07\/p3010242-227x161.jpg\" width=\"227\" height=\"161\" align=\"left\" title=\"Moln\u00e1r Gy\u00f6ngyv\u00e9r (\u00c1OK V.): A mimikai izomzat bel\u00fclr\u0151l, k\u00fcl\u00f6n\u00f6s tekintettel a nervus facialis \u00e1grendszer\u00e9re\" \/><\/a><div class=\"tiled-gallery-caption\">Moln\u00e1r Gy\u00f6ngyv\u00e9r (\u00c1OK V.): A mimikai izomzat bel\u00fclr\u0151l, k\u00fcl\u00f6n\u00f6s tekintettel a nervus facialis \u00e1grendszer\u00e9re<\/div><\/div><\/div><div class=\"gallery-group images-1\" style=\"width: 517px; height: 371px;\"><div class=\"tiled-gallery-item tiled-gallery-item-large\"><a href=\"https:\/\/semmelweis.hu\/anatomia\/files\/2015\/07\/p3010273.jpg\"><img loading=\"lazy\" decoding=\"async\" data-attachment-id=\"6223\" data-orig-file=\"https:\/\/semmelweis.hu\/anatomia\/files\/2015\/07\/p3010273.jpg\" data-orig-size=\"850,609\" data-comments-opened=\"1\" data-image-meta=\"{&quot;aperture&quot;:&quot;3.2&quot;,&quot;credit&quot;:&quot;&quot;,&quot;camera&quot;:&quot;FE310,X840,C530&quot;,&quot;caption&quot;:&quot;OLYMPUS DIGITAL CAMERA&quot;,&quot;created_timestamp&quot;:&quot;1267460389&quot;,&quot;copyright&quot;:&quot;&quot;,&quot;focal_length&quot;:&quot;6.2&quot;,&quot;iso&quot;:&quot;125&quot;,&quot;shutter_speed&quot;:&quot;0.033333333333333&quot;,&quot;title&quot;:&quot;OLYMPUS DIGITAL CAMERA&quot;,&quot;orientation&quot;:&quot;1&quot;}\" data-image-title=\"\" data-image-description=\"\" data-medium-file=\"https:\/\/semmelweis.hu\/anatomia\/files\/2015\/07\/p3010273-300x215.jpg\" data-large-file=\"https:\/\/semmelweis.hu\/anatomia\/files\/2015\/07\/p3010273.jpg\" src=\"https:\/\/semmelweis.hu\/anatomia\/files\/2015\/07\/p3010273-513x367.jpg\" width=\"513\" height=\"367\" align=\"left\" title=\"\" \/><\/a><\/div><\/div><\/div><div class=\"gallery-row\" style=\"width: 748px; height: 291px;\"><div class=\"gallery-group images-1\" style=\"width: 387px; height: 295px;\"><div class=\"tiled-gallery-item tiled-gallery-item-large\"><a href=\"https:\/\/semmelweis.hu\/anatomia\/files\/2015\/07\/p3010254.jpg\"><img loading=\"lazy\" decoding=\"async\" data-attachment-id=\"6222\" data-orig-file=\"https:\/\/semmelweis.hu\/anatomia\/files\/2015\/07\/p3010254.jpg\" data-orig-size=\"850,645\" data-comments-opened=\"1\" data-image-meta=\"{&quot;aperture&quot;:&quot;3.2&quot;,&quot;credit&quot;:&quot;&quot;,&quot;camera&quot;:&quot;FE310,X840,C530&quot;,&quot;caption&quot;:&quot;OLYMPUS DIGITAL CAMERA&quot;,&quot;created_timestamp&quot;:&quot;1267458724&quot;,&quot;copyright&quot;:&quot;&quot;,&quot;focal_length&quot;:&quot;6.2&quot;,&quot;iso&quot;:&quot;125&quot;,&quot;shutter_speed&quot;:&quot;0.033333333333333&quot;,&quot;title&quot;:&quot;OLYMPUS DIGITAL CAMERA&quot;,&quot;orientation&quot;:&quot;1&quot;}\" data-image-title=\"\" data-image-description=\"\" data-medium-file=\"https:\/\/semmelweis.hu\/anatomia\/files\/2015\/07\/p3010254-300x228.jpg\" data-large-file=\"https:\/\/semmelweis.hu\/anatomia\/files\/2015\/07\/p3010254.jpg\" src=\"https:\/\/semmelweis.hu\/anatomia\/files\/2015\/07\/p3010254-383x291.jpg\" width=\"383\" height=\"291\" align=\"left\" title=\"E\u00f6rd\u00f6gh M\u00e1rton (\u00c1OK III.): A tark\u00f3izmok anat\u00f3mi\u00e1ja, k\u00fcl\u00f6n\u00f6s tekintettel a trigonum suboccipital\u00e9ra\" \/><\/a><div class=\"tiled-gallery-caption\">E\u00f6rd\u00f6gh M\u00e1rton (\u00c1OK III.): A tark\u00f3izmok anat\u00f3mi\u00e1ja, k\u00fcl\u00f6n\u00f6s tekintettel a trigonum suboccipital\u00e9ra<\/div><\/div><\/div><div class=\"gallery-group images-1\" style=\"width: 361px; height: 295px;\"><div class=\"tiled-gallery-item tiled-gallery-item-large\"><a href=\"https:\/\/semmelweis.hu\/anatomia\/files\/2015\/07\/p3010252.jpg\"><img loading=\"lazy\" decoding=\"async\" data-attachment-id=\"6221\" data-orig-file=\"https:\/\/semmelweis.hu\/anatomia\/files\/2015\/07\/p3010252.jpg\" data-orig-size=\"850,693\" data-comments-opened=\"1\" data-image-meta=\"{&quot;aperture&quot;:&quot;3.2&quot;,&quot;credit&quot;:&quot;&quot;,&quot;camera&quot;:&quot;FE310,X840,C530&quot;,&quot;caption&quot;:&quot;OLYMPUS DIGITAL CAMERA&quot;,&quot;created_timestamp&quot;:&quot;1267458512&quot;,&quot;copyright&quot;:&quot;&quot;,&quot;focal_length&quot;:&quot;6.2&quot;,&quot;iso&quot;:&quot;125&quot;,&quot;shutter_speed&quot;:&quot;0.033333333333333&quot;,&quot;title&quot;:&quot;OLYMPUS DIGITAL CAMERA&quot;,&quot;orientation&quot;:&quot;1&quot;}\" data-image-title=\"\" data-image-description=\"\" data-medium-file=\"https:\/\/semmelweis.hu\/anatomia\/files\/2015\/07\/p3010252-300x245.jpg\" data-large-file=\"https:\/\/semmelweis.hu\/anatomia\/files\/2015\/07\/p3010252.jpg\" src=\"https:\/\/semmelweis.hu\/anatomia\/files\/2015\/07\/p3010252-357x291.jpg\" width=\"357\" height=\"291\" align=\"left\" title=\"Pataki Zolt\u00e1n (\u00c1OK II.): A medence fali \u00e9r- \u00e9s idegk\u00e9pletei, k\u00fcl\u00f6n\u00f6s tekintettel a plexus lumbosacralisra\" \/><\/a><div class=\"tiled-gallery-caption\">Pataki Zolt\u00e1n (\u00c1OK II.): A medence fali \u00e9r- \u00e9s idegk\u00e9pletei, k\u00fcl\u00f6n\u00f6s tekintettel a plexus lumbosacralisra<\/div><\/div><\/div><\/div><div class=\"gallery-row\" style=\"width: 748px; height: 294px;\"><div class=\"gallery-group images-1\" style=\"width: 351px; height: 298px;\"><div class=\"tiled-gallery-item tiled-gallery-item-large\"><a href=\"https:\/\/semmelweis.hu\/anatomia\/files\/2015\/07\/p3010247.jpg\"><img loading=\"lazy\" decoding=\"async\" data-attachment-id=\"6220\" data-orig-file=\"https:\/\/semmelweis.hu\/anatomia\/files\/2015\/07\/p3010247.jpg\" data-orig-size=\"850,720\" data-comments-opened=\"1\" data-image-meta=\"{&quot;aperture&quot;:&quot;3.2&quot;,&quot;credit&quot;:&quot;&quot;,&quot;camera&quot;:&quot;FE310,X840,C530&quot;,&quot;caption&quot;:&quot;OLYMPUS DIGITAL CAMERA&quot;,&quot;created_timestamp&quot;:&quot;1267458315&quot;,&quot;copyright&quot;:&quot;&quot;,&quot;focal_length&quot;:&quot;6.2&quot;,&quot;iso&quot;:&quot;125&quot;,&quot;shutter_speed&quot;:&quot;0.033333333333333&quot;,&quot;title&quot;:&quot;OLYMPUS DIGITAL CAMERA&quot;,&quot;orientation&quot;:&quot;1&quot;}\" data-image-title=\"\" data-image-description=\"\" data-medium-file=\"https:\/\/semmelweis.hu\/anatomia\/files\/2015\/07\/p3010247-300x254.jpg\" data-large-file=\"https:\/\/semmelweis.hu\/anatomia\/files\/2015\/07\/p3010247.jpg\" src=\"https:\/\/semmelweis.hu\/anatomia\/files\/2015\/07\/p3010247-347x294.jpg\" width=\"347\" height=\"294\" align=\"left\" title=\"Ruttkay Tam\u00e1s (\u00c1OK IV.): A pancreas \u00e9s a duodenum v\u00e9rell\u00e1t\u00e1sa, k\u00fcl\u00f6n\u00f6s tekintettel az arcus Riolani minorra\" \/><\/a><div class=\"tiled-gallery-caption\">Ruttkay Tam\u00e1s (\u00c1OK IV.): A pancreas \u00e9s a duodenum v\u00e9rell\u00e1t\u00e1sa, k\u00fcl\u00f6n\u00f6s tekintettel az arcus Riolani minorra<\/div><\/div><\/div><div class=\"gallery-group images-1\" style=\"width: 397px; height: 298px;\"><div class=\"tiled-gallery-item tiled-gallery-item-large\"><a href=\"https:\/\/semmelweis.hu\/anatomia\/files\/2015\/07\/p3010243.jpg\"><img loading=\"lazy\" decoding=\"async\" data-attachment-id=\"6219\" data-orig-file=\"https:\/\/semmelweis.hu\/anatomia\/files\/2015\/07\/p3010243.jpg\" data-orig-size=\"850,637\" data-comments-opened=\"1\" data-image-meta=\"{&quot;aperture&quot;:&quot;3.2&quot;,&quot;credit&quot;:&quot;&quot;,&quot;camera&quot;:&quot;FE310,X840,C530&quot;,&quot;caption&quot;:&quot;OLYMPUS DIGITAL CAMERA&quot;,&quot;created_timestamp&quot;:&quot;1267458032&quot;,&quot;copyright&quot;:&quot;&quot;,&quot;focal_length&quot;:&quot;6.2&quot;,&quot;iso&quot;:&quot;125&quot;,&quot;shutter_speed&quot;:&quot;0.033333333333333&quot;,&quot;title&quot;:&quot;OLYMPUS DIGITAL CAMERA&quot;,&quot;orientation&quot;:&quot;1&quot;}\" data-image-title=\"\" data-image-description=\"\" data-medium-file=\"https:\/\/semmelweis.hu\/anatomia\/files\/2015\/07\/p3010243-300x225.jpg\" data-large-file=\"https:\/\/semmelweis.hu\/anatomia\/files\/2015\/07\/p3010243.jpg\" src=\"https:\/\/semmelweis.hu\/anatomia\/files\/2015\/07\/p3010243-393x294.jpg\" width=\"393\" height=\"294\" align=\"left\" title=\"Kov\u00e1ch S\u00e1ndor (FOK III.): A nervus mandibularis \u00e9s nervus facialis lefut\u00e1sa magzaton\" \/><\/a><div class=\"tiled-gallery-caption\">Kov\u00e1ch S\u00e1ndor (FOK III.): A nervus mandibularis \u00e9s nervus facialis lefut\u00e1sa magzaton<\/div><\/div><\/div><\/div><div class=\"gallery-row\" style=\"width: 748px; height: 291px;\"><div class=\"gallery-group images-1\" style=\"width: 403px; height: 295px;\"><div class=\"tiled-gallery-item tiled-gallery-item-large\"><a href=\"https:\/\/semmelweis.hu\/anatomia\/files\/2015\/07\/p3010259.jpg\"><img loading=\"lazy\" decoding=\"async\" data-attachment-id=\"6224\" data-orig-file=\"https:\/\/semmelweis.hu\/anatomia\/files\/2015\/07\/p3010259.jpg\" data-orig-size=\"850,619\" data-comments-opened=\"1\" data-image-meta=\"{&quot;aperture&quot;:&quot;3.2&quot;,&quot;credit&quot;:&quot;&quot;,&quot;camera&quot;:&quot;FE310,X840,C530&quot;,&quot;caption&quot;:&quot;OLYMPUS DIGITAL CAMERA&quot;,&quot;created_timestamp&quot;:&quot;1267459336&quot;,&quot;copyright&quot;:&quot;&quot;,&quot;focal_length&quot;:&quot;6.2&quot;,&quot;iso&quot;:&quot;125&quot;,&quot;shutter_speed&quot;:&quot;0.033333333333333&quot;,&quot;title&quot;:&quot;OLYMPUS DIGITAL CAMERA&quot;,&quot;orientation&quot;:&quot;1&quot;}\" data-image-title=\"OLYMPUS DIGITAL CAMERA\" data-image-description=\"\" data-medium-file=\"https:\/\/semmelweis.hu\/anatomia\/files\/2015\/07\/p3010259-300x218.jpg\" data-large-file=\"https:\/\/semmelweis.hu\/anatomia\/files\/2015\/07\/p3010259.jpg\" src=\"https:\/\/semmelweis.hu\/anatomia\/files\/2015\/07\/p3010259-399x291.jpg\" width=\"399\" height=\"291\" align=\"left\" title=\"OLYMPUS DIGITAL CAMERA\" \/><\/a><div class=\"tiled-gallery-caption\">OLYMPUS DIGITAL CAMERA<\/div><\/div><\/div><div class=\"gallery-group images-1\" style=\"width: 345px; height: 295px;\"><div class=\"tiled-gallery-item tiled-gallery-item-large\"><a href=\"https:\/\/semmelweis.hu\/anatomia\/files\/2015\/07\/p3010269.jpg\"><img loading=\"lazy\" decoding=\"async\" data-attachment-id=\"6225\" data-orig-file=\"https:\/\/semmelweis.hu\/anatomia\/files\/2015\/07\/p3010269.jpg\" data-orig-size=\"850,726\" data-comments-opened=\"1\" data-image-meta=\"{&quot;aperture&quot;:&quot;3.2&quot;,&quot;credit&quot;:&quot;&quot;,&quot;camera&quot;:&quot;FE310,X840,C530&quot;,&quot;caption&quot;:&quot;OLYMPUS DIGITAL CAMERA&quot;,&quot;created_timestamp&quot;:&quot;1267460130&quot;,&quot;copyright&quot;:&quot;&quot;,&quot;focal_length&quot;:&quot;6.2&quot;,&quot;iso&quot;:&quot;125&quot;,&quot;shutter_speed&quot;:&quot;0.033333333333333&quot;,&quot;title&quot;:&quot;OLYMPUS DIGITAL CAMERA&quot;,&quot;orientation&quot;:&quot;1&quot;}\" data-image-title=\"OLYMPUS DIGITAL CAMERA\" data-image-description=\"\" data-medium-file=\"https:\/\/semmelweis.hu\/anatomia\/files\/2015\/07\/p3010269-300x256.jpg\" data-large-file=\"https:\/\/semmelweis.hu\/anatomia\/files\/2015\/07\/p3010269.jpg\" src=\"https:\/\/semmelweis.hu\/anatomia\/files\/2015\/07\/p3010269-341x291.jpg\" width=\"341\" height=\"291\" align=\"left\" title=\"OLYMPUS DIGITAL CAMERA\" \/><\/a><div class=\"tiled-gallery-caption\">OLYMPUS DIGITAL CAMERA<\/div><\/div><\/div><\/div><\/div>[\/slb_exclude]\n<div id=\"__if72ru4sdfsdfrkjahiuyi_once\">\u00a0<\/div>\n<div id=\"__if72ru4sdfsdfruh7fewui_once\">\u00a0<\/div>\n<div id=\"__zsc_once\">\u00a0<\/div>\n<div id=\"__hggasdgjhsagd_once\">\u00a0<\/div>\n","protected":false},"excerpt":{"rendered":"<p>2010. m\u00e1rcius 1.: 14.15 \u00f3rakor Int\u00e9zet\u00fcnk Anat\u00f3miai M\u00fazeum\u00e1ban kezdet\u00e9t vette a <a href=\"https:\/\/semmelweis.hu\/anatomia\/oktatas\/mihalkovics-palyazat\/\">Mih\u00e1lkovics-verseny<\/a> re beny\u00fajtott k\u00e9sz\u00edtm\u00e9nyek b\u00edr\u00e1lata. A p\u00e1ly\u00e1z\u00f3k bemutatt\u00e1k prepar\u00e1tumaikat \u00e9s azok dokument\u00e1ci\u00f3j\u00e1t a 2 anat\u00f3miai int\u00e9zet oktat\u00f3ib\u00f3l \u00e1ll\u00f3 b\u00edr\u00e1l\u00f3 bizotts\u00e1gnak. A ki\u00e9rt\u00e9kel\u00e9s ut\u00e1n az el\u0151zetes eredm\u00e9nyek kihirdet\u00e9se is megt\u00f6rt\u00e9nt. (D\u00edjkioszt\u00e1s a 2010. m\u00e1rc. 12-\u00e9n 11.00 \u00f3rakor kezd\u0151d\u0151 egyetemi \u00fcnneps\u00e9g keret\u00e9ben.) I. d\u00edj \u00e9s \u00e9rem: Kov\u00e1ch &hellip;<\/p>\n","protected":false},"author":352,"featured_media":6223,"comment_status":"open","ping_status":"open","sticky":false,"template":"","format":"standard","meta":{"_acf_changed":false,"footnotes":""},"categories":[224,206],"tags":[],"class_list":["post-6213","post","type-post","status-publish","format-standard","has-post-thumbnail","hentry","category-mihalkovics-palyazat","category-oktatas"],"acf":[],"_links":{"self":[{"href":"https:\/\/semmelweis.hu\/anatomia\/wp-json\/wp\/v2\/posts\/6213","targetHints":{"allow":["GET"]}}],"collection":[{"href":"https:\/\/semmelweis.hu\/anatomia\/wp-json\/wp\/v2\/posts"}],"about":[{"href":"https:\/\/semmelweis.hu\/anatomia\/wp-json\/wp\/v2\/types\/post"}],"author":[{"embeddable":true,"href":"https:\/\/semmelweis.hu\/anatomia\/wp-json\/wp\/v2\/users\/352"}],"replies":[{"embeddable":true,"href":"https:\/\/semmelweis.hu\/anatomia\/wp-json\/wp\/v2\/comments?post=6213"}],"version-history":[{"count":8,"href":"https:\/\/semmelweis.hu\/anatomia\/wp-json\/wp\/v2\/posts\/6213\/revisions"}],"predecessor-version":[{"id":12809,"href":"https:\/\/semmelweis.hu\/anatomia\/wp-json\/wp\/v2\/posts\/6213\/revisions\/12809"}],"wp:featuredmedia":[{"embeddable":true,"href":"https:\/\/semmelweis.hu\/anatomia\/wp-json\/wp\/v2\/media\/6223"}],"wp:attachment":[{"href":"https:\/\/semmelweis.hu\/anatomia\/wp-json\/wp\/v2\/media?parent=6213"}],"wp:term":[{"taxonomy":"category","embeddable":true,"href":"https:\/\/semmelweis.hu\/anatomia\/wp-json\/wp\/v2\/categories?post=6213"},{"taxonomy":"post_tag","embeddable":true,"href":"https:\/\/semmelweis.hu\/anatomia\/wp-json\/wp\/v2\/tags?post=6213"}],"curies":[{"name":"wp","href":"https:\/\/api.w.org\/{rel}","templated":true}]}}