{"id":32521,"date":"2025-02-05T12:03:31","date_gmt":"2025-02-05T11:03:31","guid":{"rendered":"https:\/\/semmelweis.hu\/anatomia\/?p=32521"},"modified":"2025-02-05T11:57:13","modified_gmt":"2025-02-05T10:57:13","slug":"attorest-jelento-latasvesztest-megelozo-technologia-teszteleseben-vett-reszt-a-semmelweis-egyetem","status":"publish","type":"post","link":"https:\/\/semmelweis.hu\/anatomia\/2025\/02\/05\/attorest-jelento-latasvesztest-megelozo-technologia-teszteleseben-vett-reszt-a-semmelweis-egyetem\/","title":{"rendered":"\u00c1tt\u00f6r\u00e9st jelent\u0151, l\u00e1t\u00e1sveszt\u00e9st megel\u0151z\u0151 technol\u00f3gia tesztel\u00e9s\u00e9ben vett r\u00e9szt a Semmelweis Egyetem"},"content":{"rendered":"<p>A Semmelweis Egyetem t\u00f6bb munkat\u00e1rsa is r\u00e9szt vett abban a dr. Gy\u00f6rgy Bence \u00e9s dr. Roska Botond vezette kutat\u00e1sban, melynek c\u00e9lja a l\u00e1t\u00e1sveszt\u00e9s megel\u0151z\u00e9se az \u00f6r\u00f6kletes makuladegener\u00e1ci\u00f3 egy form\u00e1j\u00e1ban szenved\u0151 betegekn\u00e9l. A kifejlesztett speci\u00e1lis g\u00e9nszerkeszt\u00e9si elj\u00e1r\u00e1s nemcsak a sz\u00f3ban forg\u00f3 Stargardt-k\u00f3r, hanem m\u00e1s genetikai retinabetegs\u00e9gek ter\u00e1pi\u00e1j\u00e1ban is \u00e1tt\u00f6r\u00e9st hozhat. A Semmelweis Egyetem t\u00f6bb mint t\u00edz \u00e9ve m\u0171k\u00f6dik egy\u00fctt a vil\u00e1gh\u00edr\u0171 Semmelweis alumnival, dr. Roska Botonddal \u00e9s int\u00e9zet\u00e9vel, a Molekul\u00e1ris \u00e9s Klinikai Szem\u00e9szeti Int\u00e9zettel (IOB), amelynek misszi\u00f3ja a vaks\u00e1g gy\u00f3gy\u00edt\u00e1sa, illetve a l\u00e1t\u00e1s helyre\u00e1ll\u00edt\u00e1sa.<\/p>\n<p>&nbsp;<\/p>\n<p>&#8222;<\/p>\n<p><img loading=\"lazy\" decoding=\"async\" class=\"size-full wp-image-32522 aligncenter\" src=\"https:\/\/semmelweis.hu\/anatomia\/files\/2025\/02\/RS207976_GV5A5189-scr-400x267-1.jpg\" alt=\"\" width=\"400\" height=\"267\" srcset=\"https:\/\/semmelweis.hu\/anatomia\/files\/2025\/02\/RS207976_GV5A5189-scr-400x267-1.jpg 400w, https:\/\/semmelweis.hu\/anatomia\/files\/2025\/02\/RS207976_GV5A5189-scr-400x267-1-203x135.jpg 203w\" sizes=\"auto, (max-width: 400px) 100vw, 400px\" \/><br \/>\n\u201eA most publik\u00e1lt b\u00e1zisszerkeszt\u0151 elj\u00e1r\u00e1s hum\u00e1n modelleken, vagyis a laborat\u00f3riumban mesters\u00e9gesen t\u00fal\u00e9ltetett emberi retina teny\u00e9szeteken v\u00e9gzett tesztel\u00e9se sor\u00e1n t\u00f6bbf\u00e9le kombin\u00e1ci\u00f3ban vizsg\u00e1ltuk az IOB \u00e1ltal fejlesztett v\u00edrus vektorokat, \u00e9s m\u00e9rt\u00fck azok hat\u00e9konys\u00e1g\u00e1t. Az, hogy val\u00f3di emberi sz\u00f6vetekben is megt\u00f6rt\u00e9nhetett a tesztel\u00e9s, er\u0151s bizony\u00edt\u00e9kot ny\u00fajt a kezel\u00e9s k\u00e9s\u0151bbi, betegekben t\u00f6rt\u00e9n\u0151 alkalmazhat\u00f3s\u00e1g\u00e1ra\u201d \u2013 emelte ki <strong>dr. Szab\u00f3 Arnold<\/strong>, az egyetem Anat\u00f3miai, Sz\u00f6vet- \u00e9s Fejl\u0151d\u00e9stani Int\u00e9zet\u00e9ben m\u0171k\u00f6d\u0151 Retina Laborat\u00f3rium vezet\u0151je. Hozz\u00e1tette, hogy munkacsoportj\u00e1b\u00f3l <strong>Magda D\u00e1niel \u00e9s Kilin Ferenc<\/strong>, akik szint\u00e9n t\u00e1rsszerz\u0151i a tanulm\u00e1nynak, v\u00e9gezt\u00e9k a k\u00eds\u00e9rletes munka jelent\u0151s r\u00e9sz\u00e9t.\u00a0<br \/>\n&#8222;<\/p>\n<blockquote class=\"wp-embedded-content\" data-secret=\"ke2lDqRQpP\"><p><a href=\"https:\/\/semmelweis.hu\/hirek\/2025\/01\/09\/attorest-jelento-latasvesztest-megelozo-technologia-teszteleseben-vett-reszt-a-semmelweis-egyetem\/\">\u00c1tt\u00f6r\u00e9st jelent\u0151, l\u00e1t\u00e1sveszt\u00e9st megel\u0151z\u0151 technol\u00f3gia tesztel\u00e9s\u00e9ben vett r\u00e9szt a Semmelweis Egyetem<\/a><\/p><\/blockquote>\n<p><iframe loading=\"lazy\" class=\"wp-embedded-content\" sandbox=\"allow-scripts\" security=\"restricted\" style=\"position: absolute; clip: rect(1px, 1px, 1px, 1px);\" title=\"&#8220;\u00c1tt\u00f6r\u00e9st jelent\u0151, l\u00e1t\u00e1sveszt\u00e9st megel\u0151z\u0151 technol\u00f3gia tesztel\u00e9s\u00e9ben vett r\u00e9szt a Semmelweis Egyetem&#8221; &#8212; Semmelweis H\u00edrek\" src=\"https:\/\/semmelweis.hu\/hirek\/2025\/01\/09\/attorest-jelento-latasvesztest-megelozo-technologia-teszteleseben-vett-reszt-a-semmelweis-egyetem\/embed\/#?secret=8RFDqkM0mL#?secret=ke2lDqRQpP\" data-secret=\"ke2lDqRQpP\" width=\"600\" height=\"338\" frameborder=\"0\" marginwidth=\"0\" marginheight=\"0\" scrolling=\"no\"><\/iframe><\/p>\n<p>&nbsp;<\/p>\n","protected":false},"excerpt":{"rendered":"<p>A Semmelweis Egyetem t\u00f6bb munkat\u00e1rsa is r\u00e9szt vett abban a dr. Gy\u00f6rgy Bence \u00e9s dr. Roska Botond vezette kutat\u00e1sban, melynek c\u00e9lja a l\u00e1t\u00e1sveszt\u00e9s megel\u0151z\u00e9se az \u00f6r\u00f6kletes makuladegener\u00e1ci\u00f3 egy form\u00e1j\u00e1ban szenved\u0151 betegekn\u00e9l. A kifejlesztett speci\u00e1lis g\u00e9nszerkeszt\u00e9si elj\u00e1r\u00e1s nemcsak a sz\u00f3ban forg\u00f3 Stargardt-k\u00f3r, hanem m\u00e1s genetikai retinabetegs\u00e9gek ter\u00e1pi\u00e1j\u00e1ban is \u00e1tt\u00f6r\u00e9st hozhat. A Semmelweis Egyetem t\u00f6bb mint t\u00edz &hellip;<\/p>\n","protected":false},"author":101248,"featured_media":32522,"comment_status":"closed","ping_status":"closed","sticky":false,"template":"","format":"standard","meta":{"_acf_changed":false,"footnotes":""},"categories":[222,20,210],"tags":[],"class_list":["post-32521","post","type-post","status-publish","format-standard","has-post-thumbnail","hentry","category-hirek","category-intezeti-hirek","category-tudomany"],"acf":[],"_links":{"self":[{"href":"https:\/\/semmelweis.hu\/anatomia\/wp-json\/wp\/v2\/posts\/32521","targetHints":{"allow":["GET"]}}],"collection":[{"href":"https:\/\/semmelweis.hu\/anatomia\/wp-json\/wp\/v2\/posts"}],"about":[{"href":"https:\/\/semmelweis.hu\/anatomia\/wp-json\/wp\/v2\/types\/post"}],"author":[{"embeddable":true,"href":"https:\/\/semmelweis.hu\/anatomia\/wp-json\/wp\/v2\/users\/101248"}],"replies":[{"embeddable":true,"href":"https:\/\/semmelweis.hu\/anatomia\/wp-json\/wp\/v2\/comments?post=32521"}],"version-history":[{"count":1,"href":"https:\/\/semmelweis.hu\/anatomia\/wp-json\/wp\/v2\/posts\/32521\/revisions"}],"predecessor-version":[{"id":32523,"href":"https:\/\/semmelweis.hu\/anatomia\/wp-json\/wp\/v2\/posts\/32521\/revisions\/32523"}],"wp:featuredmedia":[{"embeddable":true,"href":"https:\/\/semmelweis.hu\/anatomia\/wp-json\/wp\/v2\/media\/32522"}],"wp:attachment":[{"href":"https:\/\/semmelweis.hu\/anatomia\/wp-json\/wp\/v2\/media?parent=32521"}],"wp:term":[{"taxonomy":"category","embeddable":true,"href":"https:\/\/semmelweis.hu\/anatomia\/wp-json\/wp\/v2\/categories?post=32521"},{"taxonomy":"post_tag","embeddable":true,"href":"https:\/\/semmelweis.hu\/anatomia\/wp-json\/wp\/v2\/tags?post=32521"}],"curies":[{"name":"wp","href":"https:\/\/api.w.org\/{rel}","templated":true}]}}