{"id":31943,"date":"2024-03-23T12:31:28","date_gmt":"2024-03-23T11:31:28","guid":{"rendered":"https:\/\/semmelweis.hu\/anatomia\/?p=31943"},"modified":"2026-04-29T20:38:41","modified_gmt":"2026-04-29T18:38:41","slug":"szakdolgozat-vedesek-2024","status":"publish","type":"post","link":"https:\/\/semmelweis.hu\/anatomia\/2024\/03\/23\/szakdolgozat-vedesek-2024\/","title":{"rendered":"Szakdolgozat v\u00e9d\u00e9sek 2024."},"content":{"rendered":"<p>Int\u00e9zet\u00fcnkben id\u00e9n is t\u00f6bb <strong>z\u00e1r\u00f3vizsga szakdolgozat<\/strong> sz\u00f3beli v\u00e9d\u00e9s\u00e9re ker\u00fcl sor.<\/p>\n<p>2024. m\u00e1rcius 21-\u00e9n, cs\u00fct\u00f6rt\u00f6k\u00f6n a Lenhoss\u00e9k tanteremben<\/p>\n<ul>\n<li class=\"x_MsoNormal\"><strong>Beny\u00f3 Franciska:<\/strong> Neuromodul\u00e1torok szerep\u00e9nek vizsg\u00e1lata implicit tanul\u00e1sban eg\u00e9rmodellen<\/li>\n<li class=\"x_MsoNormal\"><strong>Erdei Zs\u00f3fia:<\/strong> A hash\u00e1rtya mesothelsejtjeinek vizsg\u00e1lata a gyullad\u00e1st k\u00f6vet\u0151 regener\u00e1ci\u00f3 sor\u00e1n<\/li>\n<li class=\"x_MsoNormal\"><strong>T\u00f3th Petra:<\/strong> Endothelin-3 hat\u00e1sa az ut\u00f3b\u00e9lmesenchyma differenci\u00e1ci\u00f3j\u00e1ra a b\u00e9lidegrendszer embryon\u00e1lis fejl\u0151d\u00e9se sor\u00e1n<\/li>\n<li class=\"x_MsoNormal\"><strong>Pop Alexandra:<\/strong> N\u0151st\u00e9ny patk\u00e1nyok mesothel sejtjeinek vizsg\u00e1lata EMT_MET sor\u00e1n, a gyullad\u00e1st k\u00f6vet\u0151 regener\u00e1ci\u00f3 nyomon k\u00f6vet\u00e9se az \u00f6sztrog\u00e9n szint f\u00fcggv\u00e9ny\u00e9ben<\/li>\n<\/ul>\n<figure id=\"attachment_31944\" aria-describedby=\"caption-attachment-31944\" style=\"width: 753px\" class=\"wp-caption aligncenter\"><a href=\"https:\/\/semmelweis.hu\/anatomia\/files\/2024\/03\/szd-2024-1-scaled.jpg\"><img loading=\"lazy\" decoding=\"async\" class=\"wp-image-31944 size-large\" src=\"https:\/\/semmelweis.hu\/anatomia\/files\/2024\/03\/szd-2024-1-1024x546.jpg\" alt=\"\" width=\"753\" height=\"402\" srcset=\"https:\/\/semmelweis.hu\/anatomia\/files\/2024\/03\/szd-2024-1-1024x546.jpg 1024w, https:\/\/semmelweis.hu\/anatomia\/files\/2024\/03\/szd-2024-1-400x213.jpg 400w, https:\/\/semmelweis.hu\/anatomia\/files\/2024\/03\/szd-2024-1-768x410.jpg 768w, https:\/\/semmelweis.hu\/anatomia\/files\/2024\/03\/szd-2024-1-1536x819.jpg 1536w, https:\/\/semmelweis.hu\/anatomia\/files\/2024\/03\/szd-2024-1-2048x1092.jpg 2048w, https:\/\/semmelweis.hu\/anatomia\/files\/2024\/03\/szd-2024-1-753x402.jpg 753w\" sizes=\"auto, (max-width: 753px) 100vw, 753px\" \/><\/a><figcaption id=\"caption-attachment-31944\" class=\"wp-caption-text\">Szakdolgozat v\u00e9d\u00e9s, m\u00e1rc. 21.<\/figcaption><\/figure>\n<hr \/>\n<p>2024. m\u00e1rcius 14-\u00e9n<\/p>\n<ul>\n<li class=\"x_MsoNormal\"><strong>T\u00f3th Bogl\u00e1rka:<\/strong> \u00d6t\u00f6dik r\u00e9tegi kortiko-talamikus p\u00e1ly\u00e1k r\u00e9gi\u00f3specificit\u00e1sa<\/li>\n<li class=\"x_MsoNormal\"><strong>Lov\u00e1sz Kolos:<\/strong> Az a. maxillaris v\u00e9g\u00e1gainak k\u00e9palkot\u00f3 anat\u00f3mi\u00e1ja a fossa pterygopalatin\u00e1ban<\/li>\n<li class=\"x_MsoNormal\"><strong>Stark Adrienn:<\/strong> A transvaginalis ultrahanggal vez\u00e9relt fulliculuspunctio cadaveres tr\u00e9ning modellje<\/li>\n<\/ul>\n<p>c\u00edm\u0171 dolgozatok v\u00e9d\u00e9s\u00e9re ker\u00fclt sor.<\/p>\n<div class=\"mceTemp\">\u00a0<\/div>\n<p><img loading=\"lazy\" decoding=\"async\" class=\"aligncenter  wp-image-33250\" src=\"https:\/\/semmelweis.hu\/anatomia\/files\/2024\/03\/szd-vedes-korr.jpg\" alt=\"\" width=\"616\" height=\"462\" srcset=\"https:\/\/semmelweis.hu\/anatomia\/files\/2024\/03\/szd-vedes-korr.jpg 960w, https:\/\/semmelweis.hu\/anatomia\/files\/2024\/03\/szd-vedes-korr-400x300.jpg 400w, https:\/\/semmelweis.hu\/anatomia\/files\/2024\/03\/szd-vedes-korr-768x576.jpg 768w, https:\/\/semmelweis.hu\/anatomia\/files\/2024\/03\/szd-vedes-korr-753x565.jpg 753w\" sizes=\"auto, (max-width: 616px) 100vw, 616px\" \/><\/p>\n<p style=\"text-align: center\"><span style=\"font-size: 12pt\">Szakdolgozat v\u00e9d\u00e9s, m\u00e1rc. 14. (Fot\u00f3k: Olasz Kata)<\/span><\/p>\n<hr \/>\n<p style=\"text-align: center\"><a href=\"https:\/\/semmelweis.hu\/anatomia\/kutatas\/tudomanyos-diakmunka\/szakdolgozatok\/\">Kor\u00e1bbi szakdolgozat-v\u00e9d\u00e9sek<\/a><\/p>\n","protected":false},"excerpt":{"rendered":"<p>Int\u00e9zet\u00fcnkben id\u00e9n is t\u00f6bb z\u00e1r\u00f3vizsga szakdolgozat sz\u00f3beli v\u00e9d\u00e9s\u00e9re ker\u00fcl sor. 2024. m\u00e1rcius 21-\u00e9n, cs\u00fct\u00f6rt\u00f6k\u00f6n a Lenhoss\u00e9k tanteremben Beny\u00f3 Franciska: Neuromodul\u00e1torok szerep\u00e9nek vizsg\u00e1lata implicit tanul\u00e1sban eg\u00e9rmodellen Erdei Zs\u00f3fia: A hash\u00e1rtya mesothelsejtjeinek vizsg\u00e1lata a gyullad\u00e1st k\u00f6vet\u0151 regener\u00e1ci\u00f3 sor\u00e1n T\u00f3th Petra: Endothelin-3 hat\u00e1sa az ut\u00f3b\u00e9lmesenchyma differenci\u00e1ci\u00f3j\u00e1ra a b\u00e9lidegrendszer embryon\u00e1lis fejl\u0151d\u00e9se sor\u00e1n Pop Alexandra: N\u0151st\u00e9ny patk\u00e1nyok mesothel sejtjeinek vizsg\u00e1lata &hellip;<\/p>\n","protected":false},"author":349,"featured_media":31944,"comment_status":"closed","ping_status":"closed","sticky":false,"template":"","format":"standard","meta":{"_acf_changed":false,"footnotes":""},"categories":[206,717,578],"tags":[],"class_list":["post-31943","post","type-post","status-publish","format-standard","has-post-thumbnail","hentry","category-oktatas","category-oktatasi-hirek","category-szakdolgozat-vedesek"],"acf":[],"_links":{"self":[{"href":"https:\/\/semmelweis.hu\/anatomia\/wp-json\/wp\/v2\/posts\/31943","targetHints":{"allow":["GET"]}}],"collection":[{"href":"https:\/\/semmelweis.hu\/anatomia\/wp-json\/wp\/v2\/posts"}],"about":[{"href":"https:\/\/semmelweis.hu\/anatomia\/wp-json\/wp\/v2\/types\/post"}],"author":[{"embeddable":true,"href":"https:\/\/semmelweis.hu\/anatomia\/wp-json\/wp\/v2\/users\/349"}],"replies":[{"embeddable":true,"href":"https:\/\/semmelweis.hu\/anatomia\/wp-json\/wp\/v2\/comments?post=31943"}],"version-history":[{"count":9,"href":"https:\/\/semmelweis.hu\/anatomia\/wp-json\/wp\/v2\/posts\/31943\/revisions"}],"predecessor-version":[{"id":33251,"href":"https:\/\/semmelweis.hu\/anatomia\/wp-json\/wp\/v2\/posts\/31943\/revisions\/33251"}],"wp:featuredmedia":[{"embeddable":true,"href":"https:\/\/semmelweis.hu\/anatomia\/wp-json\/wp\/v2\/media\/31944"}],"wp:attachment":[{"href":"https:\/\/semmelweis.hu\/anatomia\/wp-json\/wp\/v2\/media?parent=31943"}],"wp:term":[{"taxonomy":"category","embeddable":true,"href":"https:\/\/semmelweis.hu\/anatomia\/wp-json\/wp\/v2\/categories?post=31943"},{"taxonomy":"post_tag","embeddable":true,"href":"https:\/\/semmelweis.hu\/anatomia\/wp-json\/wp\/v2\/tags?post=31943"}],"curies":[{"name":"wp","href":"https:\/\/api.w.org\/{rel}","templated":true}]}}