{"id":31929,"date":"2024-03-23T10:31:02","date_gmt":"2024-03-23T09:31:02","guid":{"rendered":"https:\/\/semmelweis.hu\/anatomia\/?p=31929"},"modified":"2024-03-26T09:17:57","modified_gmt":"2024-03-26T08:17:57","slug":"a-mihalkovics-es-apathy-alapitvany-dijazottjai-2024","status":"publish","type":"post","link":"https:\/\/semmelweis.hu\/anatomia\/2024\/03\/23\/a-mihalkovics-es-apathy-alapitvany-dijazottjai-2024\/","title":{"rendered":"A Mih\u00e1lkovics \u00e9s Ap\u00e1thy Alap\u00edtv\u00e1ny d\u00edjazottjai 2024"},"content":{"rendered":"<h1>A Mih\u00e1lkovics Alap\u00edtv\u00e1ny<\/h1>\n<p><strong>d\u00edjazottjai 2024<\/strong><\/p>\n<hr \/>\n<p style=\"text-align: justify\">A <a href=\"https:\/\/semmelweis.hu\/anatomia\/az-intezet-alapitvanyai\/mihalkovics-palyazat\/\">Mih\u00e1lkovics Alap\u00edtv\u00e1ny<\/a> \u00e9s az Ap\u00e1thy Istv\u00e1n Alap\u00edtv\u00e1ny minden \u00e9vben p\u00e1ly\u00e1zatot hirdetnek orvos-, \u00e9s fogorvostan-hallgat\u00f3knak az anat\u00f3mia, valamint a fogorvostudom\u00e1ny elm\u00e9leti t\u00e1rgyk\u00f6r\u00e9b\u0151l \u00edrand\u00f3 tudom\u00e1nyos dolgozat, illetve az Anat\u00f3miai M\u00fazeum r\u00e9sz\u00e9re az oktat\u00e1st el\u0151seg\u00edt\u0151 prepar\u00e1tumok k\u00e9sz\u00edt\u00e9s\u00e9re.<\/p>\n<p style=\"text-align: justify\">Ez \u00e9vben a kilenctag\u00fa pontoz\u00f3 szakmai bizotts\u00e1g \u00e9s a kurat\u00f3rium egyhang\u00fa d\u00f6nt\u00e9se alapj\u00e1n, a Mih\u00e1lkovics Alap\u00edtv\u00e1ny az al\u00e1bbi d\u00edjakat \u00edt\u00e9lte meg a p\u00e1ly\u00e1z\u00f3knak:<\/p>\n<ul style=\"text-align: justify\">\n<li><strong> I. d\u00edjat kap: Amir Shadi <\/strong>(DM IV. \u00e9vfolyam) <strong>\u201eDie Signifikanz der topographischen Anatomie des N. laryngeus recurrens &amp; des Ductus Thoracicus in chirurgischen Interventionen\u201d<\/strong>c\u00edm\u0171 munk\u00e1ja.<\/li>\n<li><strong> II. d\u00edjat kap: Balogh Katica <\/strong>(\u00c1OK III. \u00e9vfolyam<strong>) <\/strong><strong>\u201eA suboccipitalis r\u00e9gi\u00f3 anat\u00f3mi\u00e1ja k\u00fcl\u00f6n\u00f6s tekintettel az arteria vertebralis lefut\u00e1s\u00e1ra, valamint a fossa rhomboideara \u00e9s a k\u00f6rny\u00e9k\u00e9t k\u00e9pez\u0151 strukt\u00far\u00e1kra\u201d<\/strong> c\u00edm\u0171 munk\u00e1ja.<\/li>\n<li><strong>III. d\u00edjat kap: Sz\u0171cs Ad\u00e9l <\/strong>(\u00c1OK V. \u00e9vfolyam) <strong>\u201eAz arteria subclavia \u00e9s az arteria carotis externa \u00e1grendszere\u201d c\u00edm\u0171 munk\u00e1ja.<\/strong><\/li>\n<\/ul>\n<p style=\"text-align: justify\">Gratul\u00e1lunk a nyerteseknek \u00e9s seg\u00edt\u0151 tan\u00e1raiknak: Dr. Ruttkay Tam\u00e1snak, Dr. Baksa G\u00e1bornak, Dr. Patonay Lajosnak.<\/p>\n<p style=\"text-align: justify\">Budapest, 2024. m\u00e1rcius 05.<\/p>\n<p style=\"text-align: center\"><em>Prof. dr. Feh\u00e9r Erzs\u00e9bet<\/em><\/p>\n<p style=\"text-align: center\">professzor emerita<\/p>\n<p style=\"text-align: center\">a Mih\u00e1lkovics Alap\u00edtv\u00e1ny kurat\u00f3rium\u00e1nak titk\u00e1ra<\/p>\n<hr \/>\n<p style=\"text-align: center\">\u00a0<\/p>\n<p><figure id=\"attachment_31930\" aria-describedby=\"caption-attachment-31930\" style=\"width: 753px\" class=\"wp-caption aligncenter\"><a href=\"https:\/\/semmelweis.hu\/anatomia\/files\/2024\/03\/1000006302-scaled.jpg\"><img loading=\"lazy\" decoding=\"async\" class=\"wp-image-31930 size-large\" src=\"https:\/\/semmelweis.hu\/anatomia\/files\/2024\/03\/1000006302-1024x768.jpg\" alt=\"\" width=\"753\" height=\"565\" srcset=\"https:\/\/semmelweis.hu\/anatomia\/files\/2024\/03\/1000006302-1024x768.jpg 1024w, https:\/\/semmelweis.hu\/anatomia\/files\/2024\/03\/1000006302-400x300.jpg 400w, https:\/\/semmelweis.hu\/anatomia\/files\/2024\/03\/1000006302-768x576.jpg 768w, https:\/\/semmelweis.hu\/anatomia\/files\/2024\/03\/1000006302-1536x1152.jpg 1536w, https:\/\/semmelweis.hu\/anatomia\/files\/2024\/03\/1000006302-2048x1536.jpg 2048w, https:\/\/semmelweis.hu\/anatomia\/files\/2024\/03\/1000006302-753x565.jpg 753w\" sizes=\"auto, (max-width: 753px) 100vw, 753px\" \/><\/a><figcaption id=\"caption-attachment-31930\" class=\"wp-caption-text\">A p\u00e1ly\u00e1z\u00f3k a b\u00edr\u00e1l\u00f3 bizotts\u00e1ggal &#8211; k\u00f6zvetlen\u00fcl a b\u00edr\u00e1lat ut\u00e1n <em>(Fot\u00f3: Vidra V.)<\/em><\/figcaption><\/figure> <figure id=\"attachment_31932\" aria-describedby=\"caption-attachment-31932\" style=\"width: 400px\" class=\"wp-caption aligncenter\"><a href=\"https:\/\/semmelweis.hu\/anatomia\/files\/2024\/03\/mih-dijatado2.jpeg\"><img loading=\"lazy\" decoding=\"async\" class=\"wp-image-31932 size-medium\" src=\"https:\/\/semmelweis.hu\/anatomia\/files\/2024\/03\/mih-dijatado2-400x300.jpeg\" alt=\"\" width=\"400\" height=\"300\" srcset=\"https:\/\/semmelweis.hu\/anatomia\/files\/2024\/03\/mih-dijatado2-400x300.jpeg 400w, https:\/\/semmelweis.hu\/anatomia\/files\/2024\/03\/mih-dijatado2.jpeg 640w\" sizes=\"auto, (max-width: 400px) 100vw, 400px\" \/><\/a><figcaption id=\"caption-attachment-31932\" class=\"wp-caption-text\">Az egyetemi \u00fcnneps\u00e9g v\u00e9g\u00e9n, a d\u00edj\u00e1tad\u00e1s ut\u00e1n<\/figcaption><\/figure><\/p>\n<p>&nbsp;<\/p>\n<p style=\"text-align: center\"><a href=\"https:\/\/semmelweis.hu\/anatomia\/az-intezet-alapitvanyai\/mihalkovics-palyazat\/\">A Mih\u00e1lkovics Alap\u00edtv\u00e1ny kor\u00e1bbi (2001-2023) d\u00edjazottjai<\/a><\/p>\n","protected":false},"excerpt":{"rendered":"<p>A Mih\u00e1lkovics Alap\u00edtv\u00e1ny d\u00edjazottjai 2024 A <a href=\"https:\/\/semmelweis.hu\/anatomia\/az-intezet-alapitvanyai\/mihalkovics-palyazat\/\">Mih\u00e1lkovics Alap\u00edtv\u00e1ny<\/a> \u00e9s az Ap\u00e1thy Istv\u00e1n Alap\u00edtv\u00e1ny minden \u00e9vben p\u00e1ly\u00e1zatot hirdetnek orvos-, \u00e9s fogorvostan-hallgat\u00f3knak az anat\u00f3mia, valamint a fogorvostudom\u00e1ny elm\u00e9leti t\u00e1rgyk\u00f6r\u00e9b\u0151l \u00edrand\u00f3 tudom\u00e1nyos dolgozat, illetve az Anat\u00f3miai M\u00fazeum r\u00e9sz\u00e9re az oktat\u00e1st el\u0151seg\u00edt\u0151 prepar\u00e1tumok k\u00e9sz\u00edt\u00e9s\u00e9re. Ez \u00e9vben a kilenctag\u00fa pontoz\u00f3 szakmai bizotts\u00e1g \u00e9s a kurat\u00f3rium egyhang\u00fa d\u00f6nt\u00e9se alapj\u00e1n, a Mih\u00e1lkovics Alap\u00edtv\u00e1ny az &hellip;<\/p>\n","protected":false},"author":349,"featured_media":31930,"comment_status":"closed","ping_status":"closed","sticky":false,"template":"","format":"standard","meta":{"_acf_changed":false,"footnotes":""},"categories":[224,206,717],"tags":[],"class_list":["post-31929","post","type-post","status-publish","format-standard","has-post-thumbnail","hentry","category-mihalkovics-palyazat","category-oktatas","category-oktatasi-hirek"],"acf":[],"_links":{"self":[{"href":"https:\/\/semmelweis.hu\/anatomia\/wp-json\/wp\/v2\/posts\/31929","targetHints":{"allow":["GET"]}}],"collection":[{"href":"https:\/\/semmelweis.hu\/anatomia\/wp-json\/wp\/v2\/posts"}],"about":[{"href":"https:\/\/semmelweis.hu\/anatomia\/wp-json\/wp\/v2\/types\/post"}],"author":[{"embeddable":true,"href":"https:\/\/semmelweis.hu\/anatomia\/wp-json\/wp\/v2\/users\/349"}],"replies":[{"embeddable":true,"href":"https:\/\/semmelweis.hu\/anatomia\/wp-json\/wp\/v2\/comments?post=31929"}],"version-history":[{"count":7,"href":"https:\/\/semmelweis.hu\/anatomia\/wp-json\/wp\/v2\/posts\/31929\/revisions"}],"predecessor-version":[{"id":31966,"href":"https:\/\/semmelweis.hu\/anatomia\/wp-json\/wp\/v2\/posts\/31929\/revisions\/31966"}],"wp:featuredmedia":[{"embeddable":true,"href":"https:\/\/semmelweis.hu\/anatomia\/wp-json\/wp\/v2\/media\/31930"}],"wp:attachment":[{"href":"https:\/\/semmelweis.hu\/anatomia\/wp-json\/wp\/v2\/media?parent=31929"}],"wp:term":[{"taxonomy":"category","embeddable":true,"href":"https:\/\/semmelweis.hu\/anatomia\/wp-json\/wp\/v2\/categories?post=31929"},{"taxonomy":"post_tag","embeddable":true,"href":"https:\/\/semmelweis.hu\/anatomia\/wp-json\/wp\/v2\/tags?post=31929"}],"curies":[{"name":"wp","href":"https:\/\/api.w.org\/{rel}","templated":true}]}}