{"id":31111,"date":"2023-03-13T19:26:44","date_gmt":"2023-03-13T18:26:44","guid":{"rendered":"https:\/\/semmelweis.hu\/anatomia\/?p=31111"},"modified":"2023-03-14T14:49:42","modified_gmt":"2023-03-14T13:49:42","slug":"a-mihalkovics-alapitvany-dijazottjai-2023","status":"publish","type":"post","link":"https:\/\/semmelweis.hu\/anatomia\/2023\/03\/13\/a-mihalkovics-alapitvany-dijazottjai-2023\/","title":{"rendered":"A Mih\u00e1lkovics Alap\u00edtv\u00e1ny d\u00edjazottjai 2023"},"content":{"rendered":"<h1>A Mih\u00e1lkovics \u00e9s az Ap\u00e1thy Istv\u00e1n Alap\u00edtv\u00e1ny<\/h1>\n<p><strong>d\u00edjazottjai 2023<\/strong><\/p>\n<hr \/>\n<p style=\"text-align: justify\"><strong>\u00a0\u00a0\u00a0\u00a0\u00a0\u00a0\u00a0\u00a0\u00a0\u00a0\u00a0 <\/strong>A Mih\u00e1lkovics Alap\u00edtv\u00e1ny \u00e9s az Ap\u00e1thy Istv\u00e1n Alap\u00edtv\u00e1ny minden \u00e9vben <a href=\"https:\/\/semmelweis.hu\/anatomia\/az-intezet-alapitvanyai\/mihalkovics-palyazat\/\">p\u00e1ly\u00e1zatot<\/a> hirdetnek orvos-, \u00e9s fogorvostanhallgat\u00f3knak az anat\u00f3mia, valamint a fogorvostudom\u00e1ny elm\u00e9leti t\u00e1rgyk\u00f6r\u00e9b\u0151l \u00edrand\u00f3 tudom\u00e1nyos dolgozat, illetve az Anat\u00f3miai M\u00fazeum r\u00e9sz\u00e9re az oktat\u00e1st el\u0151seg\u00edt\u0151 prepar\u00e1tumok k\u00e9sz\u00edt\u00e9s\u00e9re.<\/p>\n<p style=\"text-align: justify\">\u00a0\u00a0\u00a0\u00a0\u00a0\u00a0\u00a0\u00a0\u00a0\u00a0 Ez \u00e9vben a 9 tag\u00fa pontoz\u00f3 szakmai bizotts\u00e1g \u00e9s a kurat\u00f3rium egyhang\u00fa d\u00f6nt\u00e9se alapj\u00e1n, a Mih\u00e1lkovics Alap\u00edtv\u00e1ny az al\u00e1bbi d\u00edjakat \u00edt\u00e9lte meg a p\u00e1ly\u00e1z\u00f3knak:<\/p>\n<p style=\"padding-left: 40px;text-align: justify\"><strong>I. d\u00edjat kap: Amir Shadi <\/strong>(DM III. \u00e9vfolyam) <strong>\u201eTopographie von Mediastinum posterius unter besonderer Ber\u00fccksichtigung der <\/strong>\u00c4<strong>ste des Nervus vagus sowie Truncus sympathicus\u201d<\/strong>c\u00edm\u0171 munk\u00e1ja.<\/p>\n<p style=\"padding-left: 40px;text-align: justify\"><strong>II. d\u00edjat kap: Katona Vikt\u00f3ria <\/strong>(\u00c1OK IV. \u00e9vfolyam) <strong>\u201eA bal t\u00fcd\u0151 szegment\u00e1lis anat\u00f3mi\u00e1ja\u201d<\/strong> c\u00edm\u0171 munk\u00e1ja.<\/p>\n<p style=\"padding-left: 40px;text-align: justify\"><strong>Megosztott III. d\u00edjat kap: \u00c1d\u00e1m No\u00e9mi <\/strong>(\u00c1OK IV. \u00e9vfolyam) <strong>\u201eA crani\u00e1lis r\u00e9gi\u00f3 csontok \u00e1ltal rejtett k\u00e9pletei\u201d <\/strong>c\u00edm\u0171 munk\u00e1ja.<\/p>\n<p style=\"padding-left: 40px;text-align: justify\"><strong>Megosztott III. d\u00edjat kap: P\u00f3czos M\u00e1ty\u00e1s<\/strong> (\u00c1OK II. \u00e9vfolyam) <strong>\u201eA fej-nyak r\u00e9gi\u00f3 k\u00f6z\u00e9ps\u0151 \u00e9s m\u00e9ly r\u00e9tegeinek topogr\u00e1fiai viszonyai, k\u00fcl\u00f6n\u00f6s tekintettel a legfontosabb \u00e9r- \u00e9s idegk\u00e9pletekre\u201d <\/strong>c\u00edm\u0171 munk\u00e1ja.<\/p>\n<p style=\"text-align: justify\">Gratul\u00e1lunk a nyerteseknek \u00e9s seg\u00edt\u0151 tan\u00e1raiknak: <strong>Dr. Patonay Lajosnak, Dr. Ruttkay Tam\u00e1snak, Dr. Baksa G\u00e1bornak, \u00a0Dr. F\u00e1bi\u00e1n B\u00e1lintnak<\/strong>.<\/p>\n<p style=\"text-align: justify\">Budapest, 2023. m\u00e1rcius 6.\u00a0\u00a0\u00a0\u00a0\u00a0\u00a0\u00a0\u00a0\u00a0\u00a0\u00a0\u00a0\u00a0\u00a0\u00a0\u00a0\u00a0\u00a0\u00a0\u00a0\u00a0\u00a0\u00a0\u00a0\u00a0\u00a0\u00a0\u00a0\u00a0\u00a0\u00a0\u00a0\u00a0\u00a0\u00a0\u00a0\u00a0\u00a0\u00a0\u00a0\u00a0\u00a0\u00a0\u00a0\u00a0\u00a0\u00a0\u00a0\u00a0\u00a0\u00a0\u00a0\u00a0\u00a0\u00a0\u00a0\u00a0\u00a0\u00a0\u00a0\u00a0\u00a0\u00a0\u00a0\u00a0<\/p>\n<p style=\"text-align: center\">Prof. dr. Feh\u00e9r Erzs\u00e9bet<\/p>\n<p style=\"text-align: center\">\u00a0professzor emerita, a Mih\u00e1lkovics Alap\u00edtv\u00e1ny kurat\u00f3rium\u00e1nak titk\u00e1ra<\/p>\n<figure id=\"attachment_31131\" aria-describedby=\"caption-attachment-31131\" style=\"width: 600px\" class=\"wp-caption aligncenter\"><a href=\"https:\/\/semmelweis.hu\/anatomia\/files\/2023\/03\/mih2023-dijatado.jpg\"><img loading=\"lazy\" decoding=\"async\" class=\"wp-image-31131\" src=\"https:\/\/semmelweis.hu\/anatomia\/files\/2023\/03\/mih2023-dijatado-768x1024.jpg\" alt=\"\" width=\"600\" height=\"800\" srcset=\"https:\/\/semmelweis.hu\/anatomia\/files\/2023\/03\/mih2023-dijatado-768x1024.jpg 768w, https:\/\/semmelweis.hu\/anatomia\/files\/2023\/03\/mih2023-dijatado-300x400.jpg 300w, https:\/\/semmelweis.hu\/anatomia\/files\/2023\/03\/mih2023-dijatado-1152x1536.jpg 1152w, https:\/\/semmelweis.hu\/anatomia\/files\/2023\/03\/mih2023-dijatado-753x1004.jpg 753w, https:\/\/semmelweis.hu\/anatomia\/files\/2023\/03\/mih2023-dijatado.jpg 1536w\" sizes=\"auto, (max-width: 600px) 100vw, 600px\" \/><\/a><figcaption id=\"caption-attachment-31131\" class=\"wp-caption-text\">A d\u00edjazottak Feh\u00e9r professzorasszony \u00e9s Ruttkay dr. t\u00e1rsas\u00e1g\u00e1ban &#8211; 2023. m\u00e1rc. 13., egyetemi \u00fcnneps\u00e9g ut\u00e1n<\/figcaption><\/figure>\n<hr \/>\n<p style=\"text-align: center\">K\u00e9pek az id\u00e9n \u00f6r\u00f6mtelien sok (12) p\u00e1ly\u00e1zat elb\u00edr\u00e1l\u00e1s\u00e1r\u00f3l<\/p>\n<p style=\"text-align: center\">(<em>Fot\u00f3k: Dr. F\u00e1bi\u00e1n B\u00e1lint, Gadanecz Beatrix<\/em>):<\/p>\n<p><a href=\"https:\/\/semmelweis.hu\/anatomia\/files\/2023\/03\/mih2023-2.jpeg\"><img loading=\"lazy\" decoding=\"async\" class=\"aligncenter wp-image-31114\" src=\"https:\/\/semmelweis.hu\/anatomia\/files\/2023\/03\/mih2023-2.jpeg\" alt=\"\" width=\"600\" height=\"437\" srcset=\"https:\/\/semmelweis.hu\/anatomia\/files\/2023\/03\/mih2023-2.jpeg 1024w, https:\/\/semmelweis.hu\/anatomia\/files\/2023\/03\/mih2023-2-400x291.jpeg 400w, https:\/\/semmelweis.hu\/anatomia\/files\/2023\/03\/mih2023-2-768x560.jpeg 768w, https:\/\/semmelweis.hu\/anatomia\/files\/2023\/03\/mih2023-2-753x549.jpeg 753w\" sizes=\"auto, (max-width: 600px) 100vw, 600px\" \/><\/a> <a href=\"https:\/\/semmelweis.hu\/anatomia\/files\/2023\/03\/mih2023-3.jpeg\"><img loading=\"lazy\" decoding=\"async\" class=\"aligncenter wp-image-31115\" src=\"https:\/\/semmelweis.hu\/anatomia\/files\/2023\/03\/mih2023-3.jpeg\" alt=\"\" width=\"600\" height=\"371\" srcset=\"https:\/\/semmelweis.hu\/anatomia\/files\/2023\/03\/mih2023-3.jpeg 690w, https:\/\/semmelweis.hu\/anatomia\/files\/2023\/03\/mih2023-3-400x248.jpeg 400w\" sizes=\"auto, (max-width: 600px) 100vw, 600px\" \/><\/a> <a href=\"https:\/\/semmelweis.hu\/anatomia\/files\/2023\/03\/mih2023-4.jpeg\"><img loading=\"lazy\" decoding=\"async\" class=\"aligncenter wp-image-31116\" src=\"https:\/\/semmelweis.hu\/anatomia\/files\/2023\/03\/mih2023-4-400x246.jpeg\" alt=\"\" width=\"600\" height=\"369\" srcset=\"https:\/\/semmelweis.hu\/anatomia\/files\/2023\/03\/mih2023-4-400x246.jpeg 400w, https:\/\/semmelweis.hu\/anatomia\/files\/2023\/03\/mih2023-4-768x472.jpeg 768w, https:\/\/semmelweis.hu\/anatomia\/files\/2023\/03\/mih2023-4-753x463.jpeg 753w, https:\/\/semmelweis.hu\/anatomia\/files\/2023\/03\/mih2023-4-620x380.jpeg 620w, https:\/\/semmelweis.hu\/anatomia\/files\/2023\/03\/mih2023-4.jpeg 956w\" sizes=\"auto, (max-width: 600px) 100vw, 600px\" \/><\/a> <a href=\"https:\/\/semmelweis.hu\/anatomia\/files\/2023\/03\/mih2023-6.jpeg\"><img loading=\"lazy\" decoding=\"async\" class=\"aligncenter wp-image-31117\" src=\"https:\/\/semmelweis.hu\/anatomia\/files\/2023\/03\/mih2023-6.jpeg\" alt=\"\" width=\"600\" height=\"393\" srcset=\"https:\/\/semmelweis.hu\/anatomia\/files\/2023\/03\/mih2023-6.jpeg 938w, https:\/\/semmelweis.hu\/anatomia\/files\/2023\/03\/mih2023-6-400x262.jpeg 400w, https:\/\/semmelweis.hu\/anatomia\/files\/2023\/03\/mih2023-6-768x503.jpeg 768w, https:\/\/semmelweis.hu\/anatomia\/files\/2023\/03\/mih2023-6-753x493.jpeg 753w\" sizes=\"auto, (max-width: 600px) 100vw, 600px\" \/><\/a> <a href=\"https:\/\/semmelweis.hu\/anatomia\/files\/2023\/03\/mih2023-7.jpeg\"><img loading=\"lazy\" decoding=\"async\" class=\"aligncenter wp-image-31118\" src=\"https:\/\/semmelweis.hu\/anatomia\/files\/2023\/03\/mih2023-7.jpeg\" alt=\"\" width=\"600\" height=\"400\" srcset=\"https:\/\/semmelweis.hu\/anatomia\/files\/2023\/03\/mih2023-7.jpeg 802w, https:\/\/semmelweis.hu\/anatomia\/files\/2023\/03\/mih2023-7-400x267.jpeg 400w, https:\/\/semmelweis.hu\/anatomia\/files\/2023\/03\/mih2023-7-768x512.jpeg 768w, https:\/\/semmelweis.hu\/anatomia\/files\/2023\/03\/mih2023-7-753x502.jpeg 753w, https:\/\/semmelweis.hu\/anatomia\/files\/2023\/03\/mih2023-7-203x135.jpeg 203w\" sizes=\"auto, (max-width: 600px) 100vw, 600px\" \/><\/a> <a href=\"https:\/\/semmelweis.hu\/anatomia\/files\/2023\/03\/mih2023-8.jpeg\"><img loading=\"lazy\" decoding=\"async\" class=\"aligncenter wp-image-31119\" src=\"https:\/\/semmelweis.hu\/anatomia\/files\/2023\/03\/mih2023-8.jpeg\" alt=\"\" width=\"600\" height=\"396\" srcset=\"https:\/\/semmelweis.hu\/anatomia\/files\/2023\/03\/mih2023-8.jpeg 931w, https:\/\/semmelweis.hu\/anatomia\/files\/2023\/03\/mih2023-8-400x264.jpeg 400w, https:\/\/semmelweis.hu\/anatomia\/files\/2023\/03\/mih2023-8-768x507.jpeg 768w, https:\/\/semmelweis.hu\/anatomia\/files\/2023\/03\/mih2023-8-753x497.jpeg 753w, https:\/\/semmelweis.hu\/anatomia\/files\/2023\/03\/mih2023-8-203x135.jpeg 203w\" sizes=\"auto, (max-width: 600px) 100vw, 600px\" \/><\/a><\/p>\n<p>Csoportk\u00e9p a b\u00edr\u00e1lat ut\u00e1n:<\/p>\n<p><a href=\"https:\/\/semmelweis.hu\/anatomia\/files\/2023\/03\/mih2023-1.jpeg\"><img loading=\"lazy\" decoding=\"async\" class=\"aligncenter wp-image-31112 size-full\" src=\"https:\/\/semmelweis.hu\/anatomia\/files\/2023\/03\/mih2023-1.jpeg\" alt=\"\" width=\"890\" height=\"449\" srcset=\"https:\/\/semmelweis.hu\/anatomia\/files\/2023\/03\/mih2023-1.jpeg 890w, https:\/\/semmelweis.hu\/anatomia\/files\/2023\/03\/mih2023-1-400x202.jpeg 400w, https:\/\/semmelweis.hu\/anatomia\/files\/2023\/03\/mih2023-1-768x387.jpeg 768w, https:\/\/semmelweis.hu\/anatomia\/files\/2023\/03\/mih2023-1-753x380.jpeg 753w\" sizes=\"auto, (max-width: 890px) 100vw, 890px\" \/><\/a> <a href=\"https:\/\/semmelweis.hu\/anatomia\/files\/2023\/03\/mih2023-5.jpeg\"><img loading=\"lazy\" decoding=\"async\" class=\"aligncenter wp-image-31113\" src=\"https:\/\/semmelweis.hu\/anatomia\/files\/2023\/03\/mih2023-5.jpeg\" alt=\"\" width=\"600\" height=\"450\" srcset=\"https:\/\/semmelweis.hu\/anatomia\/files\/2023\/03\/mih2023-5.jpeg 1024w, https:\/\/semmelweis.hu\/anatomia\/files\/2023\/03\/mih2023-5-400x300.jpeg 400w, https:\/\/semmelweis.hu\/anatomia\/files\/2023\/03\/mih2023-5-768x576.jpeg 768w, https:\/\/semmelweis.hu\/anatomia\/files\/2023\/03\/mih2023-5-753x565.jpeg 753w\" sizes=\"auto, (max-width: 600px) 100vw, 600px\" \/><\/a><\/p>\n<p>A kor\u00e1bbi \u00e9vek <a href=\"https:\/\/semmelweis.hu\/anatomia\/az-intezet-alapitvanyai\/mihalkovics-palyazat\/\">p\u00e1ly\u00e1zatai, b\u00edr\u00e1lata, eredm\u00e9nyei itt.<\/a><\/p>\n","protected":false},"excerpt":{"rendered":"<p>A Mih\u00e1lkovics \u00e9s az Ap\u00e1thy Istv\u00e1n Alap\u00edtv\u00e1ny d\u00edjazottjai 2023 \u00a0\u00a0\u00a0\u00a0\u00a0\u00a0\u00a0\u00a0\u00a0\u00a0\u00a0 A Mih\u00e1lkovics Alap\u00edtv\u00e1ny \u00e9s az Ap\u00e1thy Istv\u00e1n Alap\u00edtv\u00e1ny minden \u00e9vben <a href=\"https:\/\/semmelweis.hu\/anatomia\/az-intezet-alapitvanyai\/mihalkovics-palyazat\/\">p\u00e1ly\u00e1zatot<\/a> hirdetnek orvos-, \u00e9s fogorvostanhallgat\u00f3knak az anat\u00f3mia, valamint a fogorvostudom\u00e1ny elm\u00e9leti t\u00e1rgyk\u00f6r\u00e9b\u0151l \u00edrand\u00f3 tudom\u00e1nyos dolgozat, illetve az Anat\u00f3miai M\u00fazeum r\u00e9sz\u00e9re az oktat\u00e1st el\u0151seg\u00edt\u0151 prepar\u00e1tumok k\u00e9sz\u00edt\u00e9s\u00e9re. \u00a0\u00a0\u00a0\u00a0\u00a0\u00a0\u00a0\u00a0\u00a0\u00a0 Ez \u00e9vben a 9 tag\u00fa pontoz\u00f3 szakmai bizotts\u00e1g \u00e9s a &hellip;<\/p>\n","protected":false},"author":349,"featured_media":31112,"comment_status":"closed","ping_status":"closed","sticky":false,"template":"","format":"standard","meta":{"_acf_changed":false,"footnotes":""},"categories":[224,206],"tags":[],"class_list":["post-31111","post","type-post","status-publish","format-standard","has-post-thumbnail","hentry","category-mihalkovics-palyazat","category-oktatas"],"acf":[],"_links":{"self":[{"href":"https:\/\/semmelweis.hu\/anatomia\/wp-json\/wp\/v2\/posts\/31111","targetHints":{"allow":["GET"]}}],"collection":[{"href":"https:\/\/semmelweis.hu\/anatomia\/wp-json\/wp\/v2\/posts"}],"about":[{"href":"https:\/\/semmelweis.hu\/anatomia\/wp-json\/wp\/v2\/types\/post"}],"author":[{"embeddable":true,"href":"https:\/\/semmelweis.hu\/anatomia\/wp-json\/wp\/v2\/users\/349"}],"replies":[{"embeddable":true,"href":"https:\/\/semmelweis.hu\/anatomia\/wp-json\/wp\/v2\/comments?post=31111"}],"version-history":[{"count":9,"href":"https:\/\/semmelweis.hu\/anatomia\/wp-json\/wp\/v2\/posts\/31111\/revisions"}],"predecessor-version":[{"id":31134,"href":"https:\/\/semmelweis.hu\/anatomia\/wp-json\/wp\/v2\/posts\/31111\/revisions\/31134"}],"wp:featuredmedia":[{"embeddable":true,"href":"https:\/\/semmelweis.hu\/anatomia\/wp-json\/wp\/v2\/media\/31112"}],"wp:attachment":[{"href":"https:\/\/semmelweis.hu\/anatomia\/wp-json\/wp\/v2\/media?parent=31111"}],"wp:term":[{"taxonomy":"category","embeddable":true,"href":"https:\/\/semmelweis.hu\/anatomia\/wp-json\/wp\/v2\/categories?post=31111"},{"taxonomy":"post_tag","embeddable":true,"href":"https:\/\/semmelweis.hu\/anatomia\/wp-json\/wp\/v2\/tags?post=31111"}],"curies":[{"name":"wp","href":"https:\/\/api.w.org\/{rel}","templated":true}]}}