{"id":30389,"date":"2022-06-03T16:53:01","date_gmt":"2022-06-03T14:53:01","guid":{"rendered":"https:\/\/semmelweis.hu\/anatomia\/?p=30389"},"modified":"2022-06-10T11:37:14","modified_gmt":"2022-06-10T09:37:14","slug":"csoportfotok-2022","status":"publish","type":"post","link":"https:\/\/semmelweis.hu\/anatomia\/2022\/06\/03\/csoportfotok-2022\/","title":{"rendered":"Csoportfot\u00f3k 2022"},"content":{"rendered":"<p style=\"text-align: center\">A makroszk\u00f3pos anat\u00f3mia szigorlat el\u0151tt, a szorgalmi id\u0151szak v\u00e9g\u00e9n csoportjaink hagyom\u00e1nyosan f\u00e9nyk\u00e9peket k\u00e9sz\u00edtenek a kertben &#8211; gyakorlatvezet\u0151j\u00fckkel. A 2022-es fot\u00f3kb\u00f3l v\u00e1logatunk (n\u00e9met \u00e9vfolyamok).<\/p>\n<p><a href=\"https:\/\/semmelweis.hu\/anatomia\/files\/2022\/06\/IMG_2714-scaled.jpg\"><img loading=\"lazy\" decoding=\"async\" class=\"aligncenter size-large wp-image-30399\" src=\"https:\/\/semmelweis.hu\/anatomia\/files\/2022\/06\/IMG_2714-1024x768.jpg\" alt=\"\" width=\"753\" height=\"565\" srcset=\"https:\/\/semmelweis.hu\/anatomia\/files\/2022\/06\/IMG_2714-1024x768.jpg 1024w, https:\/\/semmelweis.hu\/anatomia\/files\/2022\/06\/IMG_2714-400x300.jpg 400w, https:\/\/semmelweis.hu\/anatomia\/files\/2022\/06\/IMG_2714-768x576.jpg 768w, https:\/\/semmelweis.hu\/anatomia\/files\/2022\/06\/IMG_2714-1536x1152.jpg 1536w, https:\/\/semmelweis.hu\/anatomia\/files\/2022\/06\/IMG_2714-2048x1536.jpg 2048w, https:\/\/semmelweis.hu\/anatomia\/files\/2022\/06\/IMG_2714-753x565.jpg 753w\" sizes=\"auto, (max-width: 753px) 100vw, 753px\" \/><\/a><a href=\"https:\/\/semmelweis.hu\/anatomia\/files\/2022\/06\/IMG_2719-scaled.jpg\"><img loading=\"lazy\" decoding=\"async\" class=\"aligncenter size-large wp-image-30400\" src=\"https:\/\/semmelweis.hu\/anatomia\/files\/2022\/06\/IMG_2719-1024x768.jpg\" alt=\"\" width=\"753\" height=\"565\" srcset=\"https:\/\/semmelweis.hu\/anatomia\/files\/2022\/06\/IMG_2719-1024x768.jpg 1024w, https:\/\/semmelweis.hu\/anatomia\/files\/2022\/06\/IMG_2719-400x300.jpg 400w, https:\/\/semmelweis.hu\/anatomia\/files\/2022\/06\/IMG_2719-768x576.jpg 768w, https:\/\/semmelweis.hu\/anatomia\/files\/2022\/06\/IMG_2719-1536x1152.jpg 1536w, https:\/\/semmelweis.hu\/anatomia\/files\/2022\/06\/IMG_2719-2048x1536.jpg 2048w, https:\/\/semmelweis.hu\/anatomia\/files\/2022\/06\/IMG_2719-753x565.jpg 753w\" sizes=\"auto, (max-width: 753px) 100vw, 753px\" \/><\/a><a href=\"https:\/\/semmelweis.hu\/anatomia\/files\/2022\/06\/image0gr.jpg\"><img loading=\"lazy\" decoding=\"async\" class=\"aligncenter size-large wp-image-30401\" src=\"https:\/\/semmelweis.hu\/anatomia\/files\/2022\/06\/image0gr-1024x983.jpg\" alt=\"\" width=\"753\" height=\"723\" srcset=\"https:\/\/semmelweis.hu\/anatomia\/files\/2022\/06\/image0gr-1024x983.jpg 1024w, https:\/\/semmelweis.hu\/anatomia\/files\/2022\/06\/image0gr-400x384.jpg 400w, https:\/\/semmelweis.hu\/anatomia\/files\/2022\/06\/image0gr-768x737.jpg 768w, https:\/\/semmelweis.hu\/anatomia\/files\/2022\/06\/image0gr-1536x1474.jpg 1536w, https:\/\/semmelweis.hu\/anatomia\/files\/2022\/06\/image0gr-753x723.jpg 753w, https:\/\/semmelweis.hu\/anatomia\/files\/2022\/06\/image0gr.jpg 1598w\" sizes=\"auto, (max-width: 753px) 100vw, 753px\" \/><\/a><a href=\"https:\/\/semmelweis.hu\/anatomia\/files\/2022\/06\/image1gr.jpg\"><img loading=\"lazy\" decoding=\"async\" class=\"aligncenter size-large wp-image-30402\" src=\"https:\/\/semmelweis.hu\/anatomia\/files\/2022\/06\/image1gr-595x1024.jpg\" alt=\"\" width=\"595\" height=\"1024\" srcset=\"https:\/\/semmelweis.hu\/anatomia\/files\/2022\/06\/image1gr-595x1024.jpg 595w, https:\/\/semmelweis.hu\/anatomia\/files\/2022\/06\/image1gr-232x400.jpg 232w, https:\/\/semmelweis.hu\/anatomia\/files\/2022\/06\/image1gr-768x1323.jpg 768w, https:\/\/semmelweis.hu\/anatomia\/files\/2022\/06\/image1gr-892x1536.jpg 892w, https:\/\/semmelweis.hu\/anatomia\/files\/2022\/06\/image1gr-753x1297.jpg 753w, https:\/\/semmelweis.hu\/anatomia\/files\/2022\/06\/image1gr.jpg 1189w\" sizes=\"auto, (max-width: 595px) 100vw, 595px\" \/><\/a><a href=\"https:\/\/semmelweis.hu\/anatomia\/files\/2022\/06\/DM-18-scaled.jpg\"><img loading=\"lazy\" decoding=\"async\" class=\"aligncenter size-large wp-image-30397\" src=\"https:\/\/semmelweis.hu\/anatomia\/files\/2022\/06\/DM-18-1024x768.jpg\" alt=\"\" width=\"753\" height=\"565\" srcset=\"https:\/\/semmelweis.hu\/anatomia\/files\/2022\/06\/DM-18-1024x768.jpg 1024w, https:\/\/semmelweis.hu\/anatomia\/files\/2022\/06\/DM-18-400x300.jpg 400w, https:\/\/semmelweis.hu\/anatomia\/files\/2022\/06\/DM-18-768x576.jpg 768w, https:\/\/semmelweis.hu\/anatomia\/files\/2022\/06\/DM-18-1536x1152.jpg 1536w, https:\/\/semmelweis.hu\/anatomia\/files\/2022\/06\/DM-18-2048x1536.jpg 2048w, https:\/\/semmelweis.hu\/anatomia\/files\/2022\/06\/DM-18-753x565.jpg 753w\" sizes=\"auto, (max-width: 753px) 100vw, 753px\" \/><\/a><a href=\"https:\/\/semmelweis.hu\/anatomia\/files\/2022\/06\/gr17-.jpg\"><img loading=\"lazy\" decoding=\"async\" class=\"aligncenter size-large wp-image-30396\" src=\"https:\/\/semmelweis.hu\/anatomia\/files\/2022\/06\/gr17--1024x768.jpg\" alt=\"\" width=\"753\" height=\"565\" srcset=\"https:\/\/semmelweis.hu\/anatomia\/files\/2022\/06\/gr17--1024x768.jpg 1024w, https:\/\/semmelweis.hu\/anatomia\/files\/2022\/06\/gr17--400x300.jpg 400w, https:\/\/semmelweis.hu\/anatomia\/files\/2022\/06\/gr17--768x576.jpg 768w, https:\/\/semmelweis.hu\/anatomia\/files\/2022\/06\/gr17--1536x1152.jpg 1536w, https:\/\/semmelweis.hu\/anatomia\/files\/2022\/06\/gr17--753x565.jpg 753w, https:\/\/semmelweis.hu\/anatomia\/files\/2022\/06\/gr17-.jpg 2048w\" sizes=\"auto, (max-width: 753px) 100vw, 753px\" \/><\/a><a href=\"https:\/\/semmelweis.hu\/anatomia\/files\/2022\/06\/gr5-1.jpg\"><img loading=\"lazy\" decoding=\"async\" class=\"aligncenter wp-image-30363\" src=\"https:\/\/semmelweis.hu\/anatomia\/files\/2022\/06\/gr5-1.jpg\" alt=\"\" width=\"753\" height=\"565\" srcset=\"https:\/\/semmelweis.hu\/anatomia\/files\/2022\/06\/gr5-1.jpg 959w, https:\/\/semmelweis.hu\/anatomia\/files\/2022\/06\/gr5-1-400x300.jpg 400w, https:\/\/semmelweis.hu\/anatomia\/files\/2022\/06\/gr5-1-768x577.jpg 768w, https:\/\/semmelweis.hu\/anatomia\/files\/2022\/06\/gr5-1-753x565.jpg 753w\" sizes=\"auto, (max-width: 753px) 100vw, 753px\" \/><\/a><a href=\"https:\/\/semmelweis.hu\/anatomia\/files\/2022\/06\/gr5-2.jpg\"><img loading=\"lazy\" decoding=\"async\" class=\"aligncenter size-large wp-image-30364\" src=\"https:\/\/semmelweis.hu\/anatomia\/files\/2022\/06\/gr5-2-1024x768.jpg\" alt=\"\" width=\"753\" height=\"565\" srcset=\"https:\/\/semmelweis.hu\/anatomia\/files\/2022\/06\/gr5-2-1024x768.jpg 1024w, https:\/\/semmelweis.hu\/anatomia\/files\/2022\/06\/gr5-2-400x300.jpg 400w, https:\/\/semmelweis.hu\/anatomia\/files\/2022\/06\/gr5-2-768x576.jpg 768w, https:\/\/semmelweis.hu\/anatomia\/files\/2022\/06\/gr5-2-1536x1152.jpg 1536w, https:\/\/semmelweis.hu\/anatomia\/files\/2022\/06\/gr5-2-753x565.jpg 753w, https:\/\/semmelweis.hu\/anatomia\/files\/2022\/06\/gr5-2.jpg 1706w\" sizes=\"auto, (max-width: 753px) 100vw, 753px\" \/><\/a><a href=\"https:\/\/semmelweis.hu\/anatomia\/files\/2022\/06\/gr7--scaled.jpg\"><img loading=\"lazy\" decoding=\"async\" class=\"aligncenter size-large wp-image-30368\" src=\"https:\/\/semmelweis.hu\/anatomia\/files\/2022\/06\/gr7--1024x768.jpg\" alt=\"\" width=\"753\" height=\"565\" srcset=\"https:\/\/semmelweis.hu\/anatomia\/files\/2022\/06\/gr7--1024x768.jpg 1024w, https:\/\/semmelweis.hu\/anatomia\/files\/2022\/06\/gr7--400x300.jpg 400w, https:\/\/semmelweis.hu\/anatomia\/files\/2022\/06\/gr7--768x576.jpg 768w, https:\/\/semmelweis.hu\/anatomia\/files\/2022\/06\/gr7--1536x1152.jpg 1536w, https:\/\/semmelweis.hu\/anatomia\/files\/2022\/06\/gr7--2048x1536.jpg 2048w, https:\/\/semmelweis.hu\/anatomia\/files\/2022\/06\/gr7--753x565.jpg 753w\" sizes=\"auto, (max-width: 753px) 100vw, 753px\" \/><\/a><a href=\"https:\/\/semmelweis.hu\/anatomia\/files\/2022\/06\/gr74-scaled.jpg\"><img loading=\"lazy\" decoding=\"async\" class=\"aligncenter size-large wp-image-30371\" src=\"https:\/\/semmelweis.hu\/anatomia\/files\/2022\/06\/gr74-1024x768.jpg\" alt=\"\" width=\"753\" height=\"565\" srcset=\"https:\/\/semmelweis.hu\/anatomia\/files\/2022\/06\/gr74-1024x768.jpg 1024w, https:\/\/semmelweis.hu\/anatomia\/files\/2022\/06\/gr74-400x300.jpg 400w, https:\/\/semmelweis.hu\/anatomia\/files\/2022\/06\/gr74-768x576.jpg 768w, https:\/\/semmelweis.hu\/anatomia\/files\/2022\/06\/gr74-1536x1152.jpg 1536w, https:\/\/semmelweis.hu\/anatomia\/files\/2022\/06\/gr74-2048x1536.jpg 2048w, https:\/\/semmelweis.hu\/anatomia\/files\/2022\/06\/gr74-753x565.jpg 753w\" sizes=\"auto, (max-width: 753px) 100vw, 753px\" \/><\/a><a href=\"https:\/\/semmelweis.hu\/anatomia\/files\/2022\/06\/bodigr.jpg\"><img loading=\"lazy\" decoding=\"async\" class=\"aligncenter size-large wp-image-30382\" src=\"https:\/\/semmelweis.hu\/anatomia\/files\/2022\/06\/bodigr-1024x768.jpg\" alt=\"\" width=\"753\" height=\"565\" srcset=\"https:\/\/semmelweis.hu\/anatomia\/files\/2022\/06\/bodigr-1024x768.jpg 1024w, https:\/\/semmelweis.hu\/anatomia\/files\/2022\/06\/bodigr-400x300.jpg 400w, https:\/\/semmelweis.hu\/anatomia\/files\/2022\/06\/bodigr-768x576.jpg 768w, https:\/\/semmelweis.hu\/anatomia\/files\/2022\/06\/bodigr-1536x1151.jpg 1536w, https:\/\/semmelweis.hu\/anatomia\/files\/2022\/06\/bodigr-753x564.jpg 753w\" sizes=\"auto, (max-width: 753px) 100vw, 753px\" \/><\/a><a href=\"https:\/\/semmelweis.hu\/anatomia\/files\/2022\/06\/bodigrr-scaled.jpg\"><img loading=\"lazy\" decoding=\"async\" class=\"aligncenter size-large wp-image-30383\" src=\"https:\/\/semmelweis.hu\/anatomia\/files\/2022\/06\/bodigrr-1024x768.jpg\" alt=\"\" width=\"753\" height=\"565\" srcset=\"https:\/\/semmelweis.hu\/anatomia\/files\/2022\/06\/bodigrr-1024x768.jpg 1024w, https:\/\/semmelweis.hu\/anatomia\/files\/2022\/06\/bodigrr-400x300.jpg 400w, https:\/\/semmelweis.hu\/anatomia\/files\/2022\/06\/bodigrr-768x576.jpg 768w, https:\/\/semmelweis.hu\/anatomia\/files\/2022\/06\/bodigrr-1536x1152.jpg 1536w, https:\/\/semmelweis.hu\/anatomia\/files\/2022\/06\/bodigrr-2048x1536.jpg 2048w, https:\/\/semmelweis.hu\/anatomia\/files\/2022\/06\/bodigrr-753x565.jpg 753w\" sizes=\"auto, (max-width: 753px) 100vw, 753px\" \/><\/a><a href=\"https:\/\/semmelweis.hu\/anatomia\/files\/2022\/06\/ssdd-.jpg\"><img loading=\"lazy\" decoding=\"async\" class=\"aligncenter size-large wp-image-30385\" src=\"https:\/\/semmelweis.hu\/anatomia\/files\/2022\/06\/ssdd--1024x725.jpg\" alt=\"\" width=\"753\" height=\"533\" srcset=\"https:\/\/semmelweis.hu\/anatomia\/files\/2022\/06\/ssdd--1024x725.jpg 1024w, https:\/\/semmelweis.hu\/anatomia\/files\/2022\/06\/ssdd--400x283.jpg 400w, https:\/\/semmelweis.hu\/anatomia\/files\/2022\/06\/ssdd--768x544.jpg 768w, https:\/\/semmelweis.hu\/anatomia\/files\/2022\/06\/ssdd--753x533.jpg 753w, https:\/\/semmelweis.hu\/anatomia\/files\/2022\/06\/ssdd-.jpg 1440w\" sizes=\"auto, (max-width: 753px) 100vw, 753px\" \/><\/a><a href=\"https:\/\/semmelweis.hu\/anatomia\/files\/2022\/06\/ssdd.jpg\"><img loading=\"lazy\" decoding=\"async\" class=\"aligncenter size-large wp-image-30384\" src=\"https:\/\/semmelweis.hu\/anatomia\/files\/2022\/06\/ssdd-1024x727.jpg\" alt=\"\" width=\"753\" height=\"535\" srcset=\"https:\/\/semmelweis.hu\/anatomia\/files\/2022\/06\/ssdd-1024x727.jpg 1024w, https:\/\/semmelweis.hu\/anatomia\/files\/2022\/06\/ssdd-400x284.jpg 400w, https:\/\/semmelweis.hu\/anatomia\/files\/2022\/06\/ssdd-768x545.jpg 768w, https:\/\/semmelweis.hu\/anatomia\/files\/2022\/06\/ssdd-753x534.jpg 753w, https:\/\/semmelweis.hu\/anatomia\/files\/2022\/06\/ssdd.jpg 1440w\" sizes=\"auto, (max-width: 753px) 100vw, 753px\" \/><\/a><a href=\"https:\/\/semmelweis.hu\/anatomia\/files\/2022\/06\/ma-gruppe.png\"><img loading=\"lazy\" decoding=\"async\" class=\"aligncenter wp-image-30387 size-large\" src=\"https:\/\/semmelweis.hu\/anatomia\/files\/2022\/06\/ma-gruppe-473x1024.png\" alt=\"\" width=\"473\" height=\"1024\" srcset=\"https:\/\/semmelweis.hu\/anatomia\/files\/2022\/06\/ma-gruppe-473x1024.png 473w, https:\/\/semmelweis.hu\/anatomia\/files\/2022\/06\/ma-gruppe-185x400.png 185w, https:\/\/semmelweis.hu\/anatomia\/files\/2022\/06\/ma-gruppe-768x1662.png 768w, https:\/\/semmelweis.hu\/anatomia\/files\/2022\/06\/ma-gruppe-710x1536.png 710w, https:\/\/semmelweis.hu\/anatomia\/files\/2022\/06\/ma-gruppe-753x1630.png 753w, https:\/\/semmelweis.hu\/anatomia\/files\/2022\/06\/ma-gruppe.png 828w\" sizes=\"auto, (max-width: 473px) 100vw, 473px\" \/><\/a><\/p>\n<p>Kor\u00e1bbi csoportfot\u00f3k: <a href=\"https:\/\/semmelweis.hu\/anatomia\/2021\/05\/26\/csoportkepek-2021-2\/\"><strong>2021<\/strong> <\/a>&#8211; <a href=\"https:\/\/semmelweis.hu\/anatomia\/de\/2018\/06\/15\/csoportkepek-2018-ungarisch\/\"><strong>2018<\/strong><\/a><strong> &#8211; <a href=\"https:\/\/semmelweis.hu\/anatomia\/de\/2017\/05\/10\/gruppenfotos-2017\/\">2017<\/a> &#8211;<\/strong> <strong><a href=\"https:\/\/semmelweis.hu\/anatomia\/2016\/05\/12\/csoportkepek-2016\/\">2016<\/a><\/strong> \u2013 <a href=\"https:\/\/semmelweis.hu\/anatomia\/2015\/05\/15\/utolso-gyakorlatok-csoportkepek-keszulnek\/\"><strong>2015<\/strong><\/a> \u2013 <a href=\"https:\/\/semmelweis.hu\/anatomia\/kepgaleriak\/csoportkepek-2014\/\"><strong>2014<\/strong><\/a> \u2013 <a href=\"https:\/\/semmelweis.hu\/anatomia\/kepgaleriak\/csoportkepek-2013\/\"><strong>2013<\/strong><\/a> \u2013<a href=\"https:\/\/semmelweis.hu\/anatomia\/kepgaleriak\/csoportkepek-2012\/\"><strong> 2012<\/strong> <\/a>\u2013 <a href=\"https:\/\/semmelweis.hu\/anatomia\/kepgaleriak\/csoportkepek-2011\/\"><strong>2011<\/strong><\/a> \u2013 <a href=\"https:\/\/semmelweis.hu\/anatomia\/kepgaleriak\/csoportkepek-2010-2\/\"><strong>2010<\/strong><\/a> \u2013 <a href=\"https:\/\/semmelweis.hu\/anatomia\/kepgaleriak\/csoportkepek-2009\/\"><strong>2009<\/strong><\/a> \u2013 <a href=\"https:\/\/semmelweis.hu\/anatomia\/kepgaleriak\/csoportkepek-2008\/\"><strong>2008<\/strong><\/a> \u2013 <a href=\"https:\/\/semmelweis.hu\/anatomia\/kepgaleriak\/csoportkepek-2006\/\"><strong>2006<\/strong><\/a> \u2013 <a href=\"https:\/\/semmelweis.hu\/anatomia\/kepgaleriak\/csoportkepek-2005\/\"><strong>2005<\/strong><\/a> \u2013 <a href=\"https:\/\/semmelweis.hu\/anatomia\/kepgaleriak\/csoportkep-1978\/\"><strong>1978<\/strong><\/a> \u2013 <a href=\"https:\/\/semmelweis.hu\/anatomia\/kepgaleriak\/csoportkep-1964\/\"><strong>1964<\/strong><\/a><\/p>\n","protected":false},"excerpt":{"rendered":"<p>A makroszk\u00f3pos anat\u00f3mia szigorlat el\u0151tt, a szorgalmi id\u0151szak v\u00e9g\u00e9n csoportjaink hagyom\u00e1nyosan f\u00e9nyk\u00e9peket k\u00e9sz\u00edtenek a kertben &#8211; gyakorlatvezet\u0151j\u00fckkel. A 2022-es fot\u00f3kb\u00f3l v\u00e1logatunk (n\u00e9met \u00e9vfolyamok). <a href=\"https:\/\/semmelweis.hu\/anatomia\/files\/2022\/06\/IMG_2714-scaled.jpg\"><\/a> <a href=\"https:\/\/semmelweis.hu\/anatomia\/files\/2022\/06\/IMG_2719-scaled.jpg\"><\/a> <a href=\"https:\/\/semmelweis.hu\/anatomia\/files\/2022\/06\/image0gr.jpg\"><\/a> <a href=\"https:\/\/semmelweis.hu\/anatomia\/files\/2022\/06\/image1gr.jpg\"><\/a> <a href=\"https:\/\/semmelweis.hu\/anatomia\/files\/2022\/06\/DM-18-scaled.jpg\"><\/a> <a href=\"https:\/\/semmelweis.hu\/anatomia\/files\/2022\/06\/gr17-.jpg\"><\/a> <a href=\"https:\/\/semmelweis.hu\/anatomia\/files\/2022\/06\/gr5-1.jpg\"><\/a> <a href=\"https:\/\/semmelweis.hu\/anatomia\/files\/2022\/06\/gr5-2.jpg\"><\/a> <a href=\"https:\/\/semmelweis.hu\/anatomia\/files\/2022\/06\/gr7--scaled.jpg\"><\/a> <a href=\"https:\/\/semmelweis.hu\/anatomia\/files\/2022\/06\/gr74-scaled.jpg\"><\/a> <a href=\"https:\/\/semmelweis.hu\/anatomia\/files\/2022\/06\/bodigr.jpg\"><\/a> <a href=\"https:\/\/semmelweis.hu\/anatomia\/files\/2022\/06\/bodigrr-scaled.jpg\"><\/a> <a href=\"https:\/\/semmelweis.hu\/anatomia\/files\/2022\/06\/ssdd-.jpg\"><\/a> <a href=\"https:\/\/semmelweis.hu\/anatomia\/files\/2022\/06\/ssdd.jpg\"><\/a> <a href=\"https:\/\/semmelweis.hu\/anatomia\/files\/2022\/06\/ma-gruppe.png\"><\/a> Kor\u00e1bbi csoportfot\u00f3k: <a href=\"https:\/\/semmelweis.hu\/anatomia\/2021\/05\/26\/csoportkepek-2021-2\/\">2021 <\/a> &#8211; <a href=\"https:\/\/semmelweis.hu\/anatomia\/de\/2018\/06\/15\/csoportkepek-2018-ungarisch\/\">2018<\/a> &#8211; <a href=\"https:\/\/semmelweis.hu\/anatomia\/de\/2017\/05\/10\/gruppenfotos-2017\/\">2017<\/a> &#8211; <a href=\"https:\/\/semmelweis.hu\/anatomia\/2016\/05\/12\/csoportkepek-2016\/\">2016<\/a> \u2013 <a href=\"https:\/\/semmelweis.hu\/anatomia\/2015\/05\/15\/utolso-gyakorlatok-csoportkepek-keszulnek\/\">2015<\/a> \u2013 <a href=\"https:\/\/semmelweis.hu\/anatomia\/kepgaleriak\/csoportkepek-2014\/\">2014<\/a> \u2013 <a href=\"https:\/\/semmelweis.hu\/anatomia\/kepgaleriak\/csoportkepek-2013\/\">2013<\/a> \u2013 <a href=\"https:\/\/semmelweis.hu\/anatomia\/kepgaleriak\/csoportkepek-2012\/\"> 2012 <\/a> \u2013 <a href=\"https:\/\/semmelweis.hu\/anatomia\/kepgaleriak\/csoportkepek-2011\/\">2011<\/a> \u2013 <a href=\"https:\/\/semmelweis.hu\/anatomia\/kepgaleriak\/csoportkepek-2010-2\/\">2010<\/a> \u2013 <a href=\"https:\/\/semmelweis.hu\/anatomia\/kepgaleriak\/csoportkepek-2009\/\">2009<\/a> \u2013 <a href=\"https:\/\/semmelweis.hu\/anatomia\/kepgaleriak\/csoportkepek-2008\/\">2008<\/a> \u2013 <a href=\"https:\/\/semmelweis.hu\/anatomia\/kepgaleriak\/csoportkepek-2006\/\">2006<\/a> \u2013 <a href=\"https:\/\/semmelweis.hu\/anatomia\/kepgaleriak\/csoportkepek-2005\/\">2005<\/a> \u2013 <a href=\"https:\/\/semmelweis.hu\/anatomia\/kepgaleriak\/csoportkep-1978\/\">1978<\/a> \u2013 &hellip;<\/p>\n","protected":false},"author":349,"featured_media":30382,"comment_status":"closed","ping_status":"closed","sticky":false,"template":"","format":"standard","meta":{"_acf_changed":false,"footnotes":""},"categories":[576,206],"tags":[],"class_list":["post-30389","post","type-post","status-publish","format-standard","has-post-thumbnail","hentry","category-csoportkepek","category-oktatas"],"acf":[],"_links":{"self":[{"href":"https:\/\/semmelweis.hu\/anatomia\/wp-json\/wp\/v2\/posts\/30389","targetHints":{"allow":["GET"]}}],"collection":[{"href":"https:\/\/semmelweis.hu\/anatomia\/wp-json\/wp\/v2\/posts"}],"about":[{"href":"https:\/\/semmelweis.hu\/anatomia\/wp-json\/wp\/v2\/types\/post"}],"author":[{"embeddable":true,"href":"https:\/\/semmelweis.hu\/anatomia\/wp-json\/wp\/v2\/users\/349"}],"replies":[{"embeddable":true,"href":"https:\/\/semmelweis.hu\/anatomia\/wp-json\/wp\/v2\/comments?post=30389"}],"version-history":[{"count":4,"href":"https:\/\/semmelweis.hu\/anatomia\/wp-json\/wp\/v2\/posts\/30389\/revisions"}],"predecessor-version":[{"id":30404,"href":"https:\/\/semmelweis.hu\/anatomia\/wp-json\/wp\/v2\/posts\/30389\/revisions\/30404"}],"wp:featuredmedia":[{"embeddable":true,"href":"https:\/\/semmelweis.hu\/anatomia\/wp-json\/wp\/v2\/media\/30382"}],"wp:attachment":[{"href":"https:\/\/semmelweis.hu\/anatomia\/wp-json\/wp\/v2\/media?parent=30389"}],"wp:term":[{"taxonomy":"category","embeddable":true,"href":"https:\/\/semmelweis.hu\/anatomia\/wp-json\/wp\/v2\/categories?post=30389"},{"taxonomy":"post_tag","embeddable":true,"href":"https:\/\/semmelweis.hu\/anatomia\/wp-json\/wp\/v2\/tags?post=30389"}],"curies":[{"name":"wp","href":"https:\/\/api.w.org\/{rel}","templated":true}]}}