{"id":30322,"date":"2022-05-29T19:38:25","date_gmt":"2022-05-29T17:38:25","guid":{"rendered":"https:\/\/semmelweis.hu\/anatomia\/?p=30322"},"modified":"2022-05-29T19:42:20","modified_gmt":"2022-05-29T17:42:20","slug":"kalman-professzor-unneplese","status":"publish","type":"post","link":"https:\/\/semmelweis.hu\/anatomia\/2022\/05\/29\/kalman-professzor-unneplese\/","title":{"rendered":"K\u00e1lm\u00e1n professzor \u00fcnnepl\u00e9se"},"content":{"rendered":"<p style=\"text-align: justify\">2022. m\u00e1jus 27-\u00e9n k\u00f6sz\u00f6nt\u00f6tt\u00fck Koll\u00e9g\u00e1nkat, <strong>Dr. K\u00e1lm\u00e1n Mih\u00e1ly<\/strong> egyetemi tan\u00e1rt 70. sz\u00fclet\u00e9snapja alkalm\u00e1b\u00f3l. A fel\u00faj\u00edtott k\u00f6nyvt\u00e1runkban tartott bens\u0151s\u00e9ges \u00fcnneps\u00e9gen <strong>Dr. Alp\u00e1r Al\u00e1n<\/strong> professzor, int\u00e9zetigazgat\u00f3 r\u00f6vid k\u00f6sz\u00f6nt\u0151 szavai ut\u00e1n <strong>Dr. Csillag Andr\u00e1s<\/strong> professzor, \u00e9vtizedek \u00f3ta K\u00e1lm\u00e1n professzor k\u00f6zeli munkat\u00e1rsa olvasta fel a hossz\u00fa m\u00faltra visszatekint\u0151, komoly, de humorral is f\u0171szerezett k\u00f6sz\u00f6nt\u0151j\u00e9t.<\/p>\n<p style=\"text-align: justify\">Az \u00fcnneps\u00e9g koccint\u00e1ssal \u00e9s a torta kioszt\u00e1s\u00e1val folytat\u00f3dott.<\/p>\n<p><em>(Fot\u00f3: Dobozi \u00c9va)<\/em><\/p>\n<p>&nbsp;<\/p>\n<p><a href=\"https:\/\/semmelweis.hu\/anatomia\/files\/2022\/05\/km20220527_122019.jpg\"><img loading=\"lazy\" decoding=\"async\" class=\"aligncenter size-full wp-image-30323\" src=\"https:\/\/semmelweis.hu\/anatomia\/files\/2022\/05\/km20220527_122019.jpg\" alt=\"\" width=\"1024\" height=\"710\" srcset=\"https:\/\/semmelweis.hu\/anatomia\/files\/2022\/05\/km20220527_122019.jpg 1024w, https:\/\/semmelweis.hu\/anatomia\/files\/2022\/05\/km20220527_122019-400x277.jpg 400w, https:\/\/semmelweis.hu\/anatomia\/files\/2022\/05\/km20220527_122019-768x533.jpg 768w, https:\/\/semmelweis.hu\/anatomia\/files\/2022\/05\/km20220527_122019-175x120.jpg 175w, https:\/\/semmelweis.hu\/anatomia\/files\/2022\/05\/km20220527_122019-753x522.jpg 753w\" sizes=\"auto, (max-width: 1024px) 100vw, 1024px\" \/><\/a> <a href=\"https:\/\/semmelweis.hu\/anatomia\/files\/2022\/05\/km20220527_123253.jpg\"><img loading=\"lazy\" decoding=\"async\" class=\"aligncenter size-full wp-image-30324\" src=\"https:\/\/semmelweis.hu\/anatomia\/files\/2022\/05\/km20220527_123253.jpg\" alt=\"\" width=\"1024\" height=\"768\" srcset=\"https:\/\/semmelweis.hu\/anatomia\/files\/2022\/05\/km20220527_123253.jpg 1024w, https:\/\/semmelweis.hu\/anatomia\/files\/2022\/05\/km20220527_123253-400x300.jpg 400w, https:\/\/semmelweis.hu\/anatomia\/files\/2022\/05\/km20220527_123253-768x576.jpg 768w, https:\/\/semmelweis.hu\/anatomia\/files\/2022\/05\/km20220527_123253-753x565.jpg 753w\" sizes=\"auto, (max-width: 1024px) 100vw, 1024px\" \/><\/a><a href=\"https:\/\/semmelweis.hu\/anatomia\/files\/2022\/05\/km-csa20220527_123657.jpg\"><img loading=\"lazy\" decoding=\"async\" class=\"aligncenter size-full wp-image-30330\" src=\"https:\/\/semmelweis.hu\/anatomia\/files\/2022\/05\/km-csa20220527_123657.jpg\" alt=\"\" width=\"1024\" height=\"754\" srcset=\"https:\/\/semmelweis.hu\/anatomia\/files\/2022\/05\/km-csa20220527_123657.jpg 1024w, https:\/\/semmelweis.hu\/anatomia\/files\/2022\/05\/km-csa20220527_123657-400x295.jpg 400w, https:\/\/semmelweis.hu\/anatomia\/files\/2022\/05\/km-csa20220527_123657-768x566.jpg 768w, https:\/\/semmelweis.hu\/anatomia\/files\/2022\/05\/km-csa20220527_123657-753x554.jpg 753w\" sizes=\"auto, (max-width: 1024px) 100vw, 1024px\" \/><\/a> <a href=\"https:\/\/semmelweis.hu\/anatomia\/files\/2022\/05\/km20220527_123329.jpg\"><img loading=\"lazy\" decoding=\"async\" class=\"aligncenter size-full wp-image-30325\" src=\"https:\/\/semmelweis.hu\/anatomia\/files\/2022\/05\/km20220527_123329.jpg\" alt=\"\" width=\"1024\" height=\"761\" srcset=\"https:\/\/semmelweis.hu\/anatomia\/files\/2022\/05\/km20220527_123329.jpg 1024w, https:\/\/semmelweis.hu\/anatomia\/files\/2022\/05\/km20220527_123329-400x297.jpg 400w, https:\/\/semmelweis.hu\/anatomia\/files\/2022\/05\/km20220527_123329-768x571.jpg 768w, https:\/\/semmelweis.hu\/anatomia\/files\/2022\/05\/km20220527_123329-753x560.jpg 753w\" sizes=\"auto, (max-width: 1024px) 100vw, 1024px\" \/><\/a> <a href=\"https:\/\/semmelweis.hu\/anatomia\/files\/2022\/05\/km20220527_130158.jpg\"><img loading=\"lazy\" decoding=\"async\" class=\"aligncenter size-full wp-image-30326\" src=\"https:\/\/semmelweis.hu\/anatomia\/files\/2022\/05\/km20220527_130158.jpg\" alt=\"\" width=\"1024\" height=\"739\" srcset=\"https:\/\/semmelweis.hu\/anatomia\/files\/2022\/05\/km20220527_130158.jpg 1024w, https:\/\/semmelweis.hu\/anatomia\/files\/2022\/05\/km20220527_130158-400x289.jpg 400w, https:\/\/semmelweis.hu\/anatomia\/files\/2022\/05\/km20220527_130158-768x554.jpg 768w, https:\/\/semmelweis.hu\/anatomia\/files\/2022\/05\/km20220527_130158-753x543.jpg 753w\" sizes=\"auto, (max-width: 1024px) 100vw, 1024px\" \/><\/a> <a href=\"https:\/\/semmelweis.hu\/anatomia\/files\/2022\/05\/km20220527_141229.jpg\"><img loading=\"lazy\" decoding=\"async\" class=\"aligncenter size-full wp-image-30327\" src=\"https:\/\/semmelweis.hu\/anatomia\/files\/2022\/05\/km20220527_141229.jpg\" alt=\"\" width=\"1024\" height=\"700\" srcset=\"https:\/\/semmelweis.hu\/anatomia\/files\/2022\/05\/km20220527_141229.jpg 1024w, https:\/\/semmelweis.hu\/anatomia\/files\/2022\/05\/km20220527_141229-400x273.jpg 400w, https:\/\/semmelweis.hu\/anatomia\/files\/2022\/05\/km20220527_141229-768x525.jpg 768w, https:\/\/semmelweis.hu\/anatomia\/files\/2022\/05\/km20220527_141229-175x120.jpg 175w, https:\/\/semmelweis.hu\/anatomia\/files\/2022\/05\/km20220527_141229-753x515.jpg 753w\" sizes=\"auto, (max-width: 1024px) 100vw, 1024px\" \/><\/a><\/p>\n","protected":false},"excerpt":{"rendered":"<p>2022. m\u00e1jus 27-\u00e9n k\u00f6sz\u00f6nt\u00f6tt\u00fck Koll\u00e9g\u00e1nkat, Dr. K\u00e1lm\u00e1n Mih\u00e1ly egyetemi tan\u00e1rt 70. sz\u00fclet\u00e9snapja alkalm\u00e1b\u00f3l. A fel\u00faj\u00edtott k\u00f6nyvt\u00e1runkban tartott bens\u0151s\u00e9ges \u00fcnneps\u00e9gen Dr. Alp\u00e1r Al\u00e1n professzor, int\u00e9zetigazgat\u00f3 r\u00f6vid k\u00f6sz\u00f6nt\u0151 szavai ut\u00e1n Dr. Csillag Andr\u00e1s professzor, \u00e9vtizedek \u00f3ta K\u00e1lm\u00e1n professzor k\u00f6zeli munkat\u00e1rsa olvasta fel a hossz\u00fa m\u00faltra visszatekint\u0151, komoly, de humorral is f\u0171szerezett k\u00f6sz\u00f6nt\u0151j\u00e9t. Az \u00fcnneps\u00e9g koccint\u00e1ssal \u00e9s a &hellip;<\/p>\n","protected":false},"author":349,"featured_media":30324,"comment_status":"closed","ping_status":"closed","sticky":false,"template":"","format":"standard","meta":{"_acf_changed":false,"footnotes":""},"categories":[20],"tags":[],"class_list":["post-30322","post","type-post","status-publish","format-standard","has-post-thumbnail","hentry","category-intezeti-hirek"],"acf":[],"_links":{"self":[{"href":"https:\/\/semmelweis.hu\/anatomia\/wp-json\/wp\/v2\/posts\/30322","targetHints":{"allow":["GET"]}}],"collection":[{"href":"https:\/\/semmelweis.hu\/anatomia\/wp-json\/wp\/v2\/posts"}],"about":[{"href":"https:\/\/semmelweis.hu\/anatomia\/wp-json\/wp\/v2\/types\/post"}],"author":[{"embeddable":true,"href":"https:\/\/semmelweis.hu\/anatomia\/wp-json\/wp\/v2\/users\/349"}],"replies":[{"embeddable":true,"href":"https:\/\/semmelweis.hu\/anatomia\/wp-json\/wp\/v2\/comments?post=30322"}],"version-history":[{"count":4,"href":"https:\/\/semmelweis.hu\/anatomia\/wp-json\/wp\/v2\/posts\/30322\/revisions"}],"predecessor-version":[{"id":30332,"href":"https:\/\/semmelweis.hu\/anatomia\/wp-json\/wp\/v2\/posts\/30322\/revisions\/30332"}],"wp:featuredmedia":[{"embeddable":true,"href":"https:\/\/semmelweis.hu\/anatomia\/wp-json\/wp\/v2\/media\/30324"}],"wp:attachment":[{"href":"https:\/\/semmelweis.hu\/anatomia\/wp-json\/wp\/v2\/media?parent=30322"}],"wp:term":[{"taxonomy":"category","embeddable":true,"href":"https:\/\/semmelweis.hu\/anatomia\/wp-json\/wp\/v2\/categories?post=30322"},{"taxonomy":"post_tag","embeddable":true,"href":"https:\/\/semmelweis.hu\/anatomia\/wp-json\/wp\/v2\/tags?post=30322"}],"curies":[{"name":"wp","href":"https:\/\/api.w.org\/{rel}","templated":true}]}}