{"id":30056,"date":"2022-02-24T14:41:19","date_gmt":"2022-02-24T13:41:19","guid":{"rendered":"https:\/\/semmelweis.hu\/anatomia\/?p=30056"},"modified":"2022-02-25T08:44:04","modified_gmt":"2022-02-25T07:44:04","slug":"intezetunk-eredmenyei-az-egyetemi-tdk-konferencian","status":"publish","type":"post","link":"https:\/\/semmelweis.hu\/anatomia\/2022\/02\/24\/intezetunk-eredmenyei-az-egyetemi-tdk-konferencian\/","title":{"rendered":"Int\u00e9zet\u00fcnk eredm\u00e9nyei a TDK-Konferenci\u00e1n"},"content":{"rendered":"<p>Int\u00e9zet\u00fcnk <a href=\"https:\/\/semmelweis.hu\/anatomia\/files\/2022\/02\/SE-2022-TDK-konferencia_Anatomia-Int-helyezesek_bovitett.pdf\" target=\"_blank\" rel=\"noopener\">eredm\u00e9nyei a 2022. \u00e9vi egyetemi TDK-Konferenci\u00e1n<\/a><\/p>\n<p><img loading=\"lazy\" decoding=\"async\" class=\"alignnone size-medium wp-image-30060\" src=\"https:\/\/semmelweis.hu\/anatomia\/files\/2022\/02\/oklevel-Lang-Tamas-278x400.jpg\" alt=\"\" width=\"278\" height=\"400\" srcset=\"https:\/\/semmelweis.hu\/anatomia\/files\/2022\/02\/oklevel-Lang-Tamas-278x400.jpg 278w, https:\/\/semmelweis.hu\/anatomia\/files\/2022\/02\/oklevel-Lang-Tamas-712x1024.jpg 712w, https:\/\/semmelweis.hu\/anatomia\/files\/2022\/02\/oklevel-Lang-Tamas-768x1105.jpg 768w, https:\/\/semmelweis.hu\/anatomia\/files\/2022\/02\/oklevel-Lang-Tamas-753x1083.jpg 753w, https:\/\/semmelweis.hu\/anatomia\/files\/2022\/02\/oklevel-Lang-Tamas.jpg 880w\" sizes=\"auto, (max-width: 278px) 100vw, 278px\" \/><\/p>\n<p><a href=\"https:\/\/semmelweis.hu\/anatomia\/files\/2022\/02\/oklevel-Lang-Tamas.pdf\">L\u00e1ng Tam\u00e1s oklevele<\/a><\/p>\n","protected":false},"excerpt":{"rendered":"<p>Int\u00e9zet\u00fcnk <a href=\"https:\/\/semmelweis.hu\/anatomia\/files\/2022\/02\/SE-2022-TDK-konferencia_Anatomia-Int-helyezesek_bovitett.pdf\" target=\"_blank\" rel=\"noopener\">eredm\u00e9nyei a 2022. \u00e9vi egyetemi TDK-Konferenci\u00e1n<\/a><\/p>\n<p><a href=\"https:\/\/semmelweis.hu\/anatomia\/files\/2022\/02\/oklevel-Lang-Tamas.pdf\">L\u00e1ng Tam\u00e1s oklevele<\/a><\/p>\n","protected":false},"author":349,"featured_media":30065,"comment_status":"closed","ping_status":"closed","sticky":false,"template":"","format":"standard","meta":{"_acf_changed":false,"footnotes":""},"categories":[210],"tags":[],"class_list":["post-30056","post","type-post","status-publish","format-standard","has-post-thumbnail","hentry","category-tudomany"],"acf":[],"_links":{"self":[{"href":"https:\/\/semmelweis.hu\/anatomia\/wp-json\/wp\/v2\/posts\/30056","targetHints":{"allow":["GET"]}}],"collection":[{"href":"https:\/\/semmelweis.hu\/anatomia\/wp-json\/wp\/v2\/posts"}],"about":[{"href":"https:\/\/semmelweis.hu\/anatomia\/wp-json\/wp\/v2\/types\/post"}],"author":[{"embeddable":true,"href":"https:\/\/semmelweis.hu\/anatomia\/wp-json\/wp\/v2\/users\/349"}],"replies":[{"embeddable":true,"href":"https:\/\/semmelweis.hu\/anatomia\/wp-json\/wp\/v2\/comments?post=30056"}],"version-history":[{"count":6,"href":"https:\/\/semmelweis.hu\/anatomia\/wp-json\/wp\/v2\/posts\/30056\/revisions"}],"predecessor-version":[{"id":30067,"href":"https:\/\/semmelweis.hu\/anatomia\/wp-json\/wp\/v2\/posts\/30056\/revisions\/30067"}],"wp:featuredmedia":[{"embeddable":true,"href":"https:\/\/semmelweis.hu\/anatomia\/wp-json\/wp\/v2\/media\/30065"}],"wp:attachment":[{"href":"https:\/\/semmelweis.hu\/anatomia\/wp-json\/wp\/v2\/media?parent=30056"}],"wp:term":[{"taxonomy":"category","embeddable":true,"href":"https:\/\/semmelweis.hu\/anatomia\/wp-json\/wp\/v2\/categories?post=30056"},{"taxonomy":"post_tag","embeddable":true,"href":"https:\/\/semmelweis.hu\/anatomia\/wp-json\/wp\/v2\/tags?post=30056"}],"curies":[{"name":"wp","href":"https:\/\/api.w.org\/{rel}","templated":true}]}}