{"id":29804,"date":"2022-01-18T12:03:44","date_gmt":"2022-01-18T11:03:44","guid":{"rendered":"https:\/\/semmelweis.hu\/anatomia\/?page_id=29804"},"modified":"2023-01-26T13:05:22","modified_gmt":"2023-01-26T12:05:22","slug":"2021-2022-tanev-2-felev","status":"publish","type":"post","link":"https:\/\/semmelweis.hu\/anatomia\/2022\/01\/18\/2021-2022-tanev-2-felev\/","title":{"rendered":"2021\/2022. tan\u00e9v 2. f\u00e9l\u00e9v"},"content":{"rendered":"<p>&nbsp;<\/p>\n<h2 style=\"text-align: center\">OKTAT\u00c1SI T\u00c1J\u00c9KOZTAT\u00d3K<\/h2>\n<hr \/>\n<div class=\"responsive-tabs\">\n<h2 class=\"tabtitle\">\u00c1OK I.<br \/>\nMakro II.<\/h2>\n<div class=\"tabcontent\">\n\n<p><strong>\u00c1OK I. Makroszk\u00f3pos anat\u00f3mia \u00e9s fejl\u0151d\u00e9stan <\/strong>tant\u00e1rgy, 2. f\u00e9l\u00e9v<\/p>\n<p>Tanulm\u00e1nyi felel\u0151s: <a href=\"\/anatomia\/?page_id=2458\">Dr. \u00c1d\u00e1m \u00c1gota<\/a> egyetemi docens<\/p>\n<ul>\n<li><a href=\"https:\/\/semmelweis.hu\/anatomia\/files\/2022\/01\/Tematika_makro2_AOK_I_2022tavasz.pdf\">Tematika_makro2_\u00c1OK_I_2022<\/a><\/li>\n<li><a href=\"https:\/\/semmelweis.hu\/anatomia\/files\/2022\/01\/makro_hirdetmeny.pdf\">makro_hirdetm\u00e9ny<\/a><\/li>\n<li>BONCTERMI RENDTART\u00c1S<\/li>\n<\/ul>\n<p>&nbsp;<\/p>\n<hr \/>\n\n<\/div><h2 class=\"tabtitle\">\u00c1OK I.<br \/>\nMikro I.<\/h2>\n<div class=\"tabcontent\">\n\n<p><strong>\u00c1OK I. Mikroszk\u00f3pos anat\u00f3mia \u00e9s fejl\u0151d\u00e9stan I.<\/strong><\/p>\n<p>Tanulm\u00e1nyi felel\u0151s: <a href=\"\/anatomia\/?page_id=2458\">Dr. \u00c1d\u00e1m \u00c1gota<\/a> egyetemi docens<\/p>\n<ul>\n<li><a href=\"https:\/\/semmelweis.hu\/anatomia\/files\/2022\/01\/Tematika_mikro1_AOK_I_2022tavasz.pdf\">Tematika_mikro1_\u00c1OK_I_2022<\/a><\/li>\n<li><a href=\"https:\/\/semmelweis.hu\/anatomia\/files\/2022\/01\/mikro_hirdetmeny.pdf\">mikro_hirdetm\u00e9ny<\/a><\/li>\n<\/ul>\n<p>&nbsp;<\/p>\n<p>&nbsp;<\/p>\n\n<\/div><h2 class=\"tabtitle\">FOK I.<br \/>\nMakro II.<\/h2>\n<div class=\"tabcontent\">\n\n<p><strong>FOK I. Makroszk\u00f3pos Anat\u00f3mia \u00e9s Fejl\u0151d\u00e9stan II.<\/strong><\/p>\n<p>\u00c9vfolyamfelel\u0151s: Dr. P\u00e1lfi Emese egyetemi adjunktus<\/p>\n<ul>\n<li><a href=\"https:\/\/semmelweis.hu\/anatomia\/files\/2022\/04\/makro2-szigorlati-tajekoztato_fejleces-1.pdf\" target=\"_blank\" rel=\"noopener\"><strong>Szigorlati t\u00e1j\u00e9koztat\u00f3<\/strong><\/a><\/li>\n<li><a href=\"https:\/\/semmelweis.hu\/anatomia\/files\/2022\/04\/makro2-versenyvizsga-felhivas_PE_fejleces.pdf\" target=\"_blank\" rel=\"noopener\"><strong>Versenyvizsga felh\u00edv\u00e1s<\/strong><\/a><\/li>\n<li><a href=\"https:\/\/semmelweis.hu\/anatomia\/files\/2022\/02\/makro-2-hirdetmeny_tanmenet-2021_2022_2.pdf\" target=\"_blank\" rel=\"noopener\"><strong>Tananyag, tanmenet<\/strong><\/a><\/li>\n<li><a href=\"https:\/\/semmelweis.hu\/anatomia\/files\/2022\/04\/Makroszkopos-anatomia-es-fejlodestan-I.-FOKOANT338_1M-OMHV-2022_2021_1-1.pdf\" target=\"_blank\" rel=\"noopener\">Oktat\u00f3i Munka Hallgat\u00f3i V\u00e9lem\u00e9nyez\u00e9se: eredm\u00e9nyek, int\u00e9zked\u00e9si terv<\/a><\/li>\n<li><a href=\"https:\/\/semmelweis.hu\/anatomia\/files\/2022\/05\/Demonstratori_kiiras-2022-23ra-2.pdf\" target=\"_blank\" rel=\"noopener\">Demonstr\u00e1tori p\u00e1ly\u00e1zat<\/a><\/li>\n<\/ul>\n\n<\/div><h2 class=\"tabtitle\">FOK I.<br \/>\nMikro I.<\/h2>\n<div class=\"tabcontent\">\n\n<p>\u00c9vfolyamfelel\u0151s: Dr. P\u00e1lfi Emese\u00a0adjunktus<\/p>\n<p><strong>FOK I. Mikroszk\u00f3pos Anat\u00f3mia \u00e9s Fejl\u0151d\u00e9stan I.<\/strong><\/p>\n<ul>\n<li><a href=\"https:\/\/semmelweis.hu\/anatomia\/files\/2022\/04\/mikro1-vizsgatajekoztato_fejleces-1.pdf\" target=\"_blank\" rel=\"noopener\"><strong>Vizsgat\u00e1j\u00e9koztat\u00f3<\/strong><\/a><\/li>\n<li><a href=\"https:\/\/semmelweis.hu\/anatomia\/files\/2022\/02\/mikro1-hirdetmeny_tanmenet-2021_2022_2.pdf\" target=\"_blank\" rel=\"noopener\"><strong>Tananyag, tanmenet, sz\u00f6vettani metszetek<\/strong><\/a><\/li>\n<li><a href=\"https:\/\/semmelweis.hu\/anatomia\/files\/2022\/04\/Mikroszkopos-anatomia-es-fejlodestan-II.-FOKOANT-339_2M-OMHV-2022_2021_1-1.pdf\" target=\"_blank\" rel=\"noopener\">Oktat\u00f3i Munka Hallgat\u00f3i V\u00e9lem\u00e9nyez\u00e9se: eredm\u00e9nyek, int\u00e9zked\u00e9si terv<\/a><\/li>\n<li><a href=\"https:\/\/semmelweis.hu\/anatomia\/files\/2022\/05\/Demonstratori_kiiras-2022-23ra-2.pdf\" target=\"_blank\" rel=\"noopener\">Demonstr\u00e1tori p\u00e1ly\u00e1zat<\/a><\/li>\n<\/ul>\n<p>&nbsp;<\/p>\n<p>&nbsp;<\/p>\n\n<\/div><h2 class=\"tabtitle\"><br \/>\nEKK<\/h2>\n<div class=\"tabcontent\">\n\n<p><strong>Eg\u00e9szs\u00e9g\u00fcgyi \u00fcgyvitelszervez\u0151 szak, Orvostudom\u00e1ny, Hum\u00e1n anat\u00f3mia II.<\/strong><\/p>\n<ul>\n<li><strong>tant\u00e1rgyi el\u0151ad\u00f3:\u00a0<\/strong>Dr. Herberth-Mink\u00f3 Krisztina adjunktus<\/li>\n<li><strong>tanulm\u00e1nyi felel\u0151s:<\/strong> Dr. Herberth-Mink\u00f3 Krisztina adjunktus<\/li>\n<li><strong><a href=\"https:\/\/itc.semmelweis.hu\/moodle\/course\/view.php?id=1516\">kurzus Moodle oldal linkje<\/a><\/strong><\/li>\n<\/ul>\n\n<\/div><h2 class=\"tabtitle\"><br \/>\nGYTK<\/h2>\n<div class=\"tabcontent\">\n\n<p><strong>Anat\u00f3mia<\/strong> tant\u00e1rgy (el\u0151ad\u00e1s\/elm\u00e9let \u00e9s gyakorlat)<\/p>\n<p>Tov\u00e1bbi inform\u00e1ci\u00f3k a tant\u00e1rgy aktu\u00e1lis <a href=\"https:\/\/itc.semmelweis.hu\/moodle\/course\/view.php?id=1620\">Moodle-kurzus-oldal\u00e1n<\/a> tal\u00e1lhat\u00f3ak.<\/p>\n<p><strong>Neptun k\u00f3dok: GYKANT118E1M, GYKANT118G1M<\/strong><\/p>\n<ul>\n<li><strong>tant\u00e1rgyi el\u0151ad\u00f3:<\/strong> <a href=\"https:\/\/semmelweis.hu\/telefonkonyv\/?emp_id=5476\" target=\"_blank\" rel=\"noopener noreferrer\">Dr. Cs\u00e1ki \u00c1gnes<\/a> egyetemi docens<\/li>\n<li><strong>tanulm\u00e1nyi felel\u0151s:<\/strong> <a href=\"https:\/\/semmelweis.hu\/telefonkonyv\/?emp_id=5477\" target=\"_blank\" rel=\"noopener noreferrer\">Sz\u00e1szn\u00e9 Dr. Kocsis Katalin<\/a> adjunktus<\/li>\n<\/ul>\n<p><strong>Tant\u00e1rgyi program<\/strong>:<\/p>\n<ul>\n<li><a href=\"https:\/\/semmelweis.hu\/anatomia\/files\/2022\/01\/2021_22_2-Anatomia-tantargyi_program_.pdf\">Anat\u00f3mia gytk tant\u00e1rgyi program<\/a><\/li>\n<\/ul>\n<p><strong>Tematika, ismertet\u0151k:<\/strong><\/p>\n<ul>\n<li><a href=\"https:\/\/semmelweis.zoom.us\/j\/92305502016\">\u00c1prilis 5. el\u0151ad\u00e1s Zoom link (Meeting ID: 923 0550 2016)<\/a><\/li>\n<li><a href=\"https:\/\/semmelweis.hu\/anatomia\/files\/2022\/03\/Anatomia-demonstracio-tajekoztato-2022-04-GYTK.pdf\">Anat\u00f3mia-demonstr\u00e1ci\u00f3-t\u00e1j\u00e9koztat\u00f3<\/a><\/li>\n<li><a href=\"https:\/\/semmelweis.hu\/anatomia\/files\/2022\/01\/2021_22-gytk-tematika-magyar.pdf\">gytk tematika aktu\u00e1lis<\/a><\/li>\n<li><a href=\"https:\/\/semmelweis.hu\/anatomia\/files\/2022\/01\/2021_22-gytk-szovettan-metszetsor.pdf\">gytk sz\u00f6vettan metszetsor<\/a><\/li>\n<li><a href=\"https:\/\/semmelweis.hu\/anatomia\/files\/2022\/01\/2021_22-SZOVETTAN_metszetek_felismerendok_gytk.pdf\">SZ\u00d6VETTAN_metszetek_felismerend\u0151k_gytk<\/a><\/li>\n<\/ul>\n<p><a href=\"https:\/\/semmelweis.hu\/anatomia\/files\/2023\/01\/GYTK-Anatomia-OMHV-2021_22_2-intezkedesi-terv.pdf\">GYTK Anat\u00f3mia OMHV 2021_22_2 int\u00e9zked\u00e9si terv<\/a><\/p>\n<p>&nbsp;<\/p>\n\n<\/div><h2 class=\"tabtitle\"><br \/>\nKurzusok<\/h2>\n<div class=\"tabcontent\">\n\n<p><strong>Fejl\u0151d\u00e9sbiol\u00f3gia II.<\/strong> <strong>(k\u00f6telez\u0151en v\u00e1laszthat\u00f3 kurzus) (AOVANT834_2M):<\/strong><\/p>\n<ul>\n<li><a href=\"https:\/\/semmelweis.hu\/anatomia\/files\/2022\/01\/fejlodesbiologia-II-tematika-2021_2022-magyar.pdf\">tematika<\/a><\/li>\n<li><a href=\"https:\/\/semmelweis.hu\/anatomia\/files\/2023\/01\/FejlBiol_2_kovetelmenyrendszer.pdf\">K\u00f6vetelm\u00e9nyrendszer<\/a><\/li>\n<\/ul>\n<p>Tov\u00e1bbi inform\u00e1ci\u00f3k a tant\u00e1rgy aktu\u00e1lis <a href=\"https:\/\/itc.semmelweis.hu\/moodle\/course\/view.php?id=252\">Moodle-kurzus-oldal\u00e1n<\/a> tal\u00e1lhat\u00f3ak.<\/p>\n<hr \/>\n<p>&nbsp;<\/p>\n<p class=\"entry-title\"><strong>A j\u00f3ga funkcion\u00e1lis morfol\u00f3giai alapismeretei 1.<\/strong> (szabadon v\u00e1laszthat\u00f3 kurzus):<\/p>\n<p>Tov\u00e1bbi inform\u00e1ci\u00f3k a tant\u00e1rgy aktu\u00e1lis <a href=\"https:\/\/itc.semmelweis.hu\/moodle\/course\/view.php?id=644\">Moodle-kurzus-oldal\u00e1n<\/a> tal\u00e1lhat\u00f3ak.<\/p>\n<p>&nbsp;<\/p>\n<hr \/>\n<p>&nbsp;<\/p>\n<h3><strong>\u00daj: Velesz\u00fcletett sz\u00edvfejl\u0151d\u00e9si rendelleness\u00e9gek fejl\u0151d\u00e9stana a klinikum t\u00fckr\u00e9ben (k\u00f6telez\u0151en v\u00e1laszthat\u00f3 kurzus)\u00a0<\/strong><\/h3>\n<ul>\n<li><a href=\"https:\/\/semmelweis.hu\/anatomia\/files\/2022\/01\/Kovetelmenyrendszer_Veleszuletett-szivfejlodesi-rendellenessegek.pdf\">K\u00f6vetelm\u00e9nyrendszer<\/a><\/li>\n<li><a href=\"https:\/\/semmelweis.hu\/anatomia\/files\/2022\/01\/Tematika-Veleszuletett-szivfejlodesi-rendellenessegek.pdf\">Tematika<\/a><\/li>\n<\/ul>\n<hr \/>\n<p>&nbsp;<\/p>\n<p><strong>Anatomiai prepar\u00e1ci\u00f3 a gyakorlatban (szabadon v\u00e1laszthat\u00f3 kurzus)<\/strong><\/p>\n<ul>\n<li>\u00c1OK &#8211; <a href=\"https:\/\/semmelweis.hu\/anatomia\/files\/2022\/01\/AOK-magyar-kovetelmenyrendszer-2021_2022-1.pdf\" target=\"_blank\" rel=\"noopener\">Tant\u00e1rgyi adatlap<\/a><\/li>\n<li>FOK &#8211; <a href=\"https:\/\/semmelweis.hu\/anatomia\/files\/2022\/01\/FOK-magyar-Anatomiai_preparacio_a_gyakorlatban.pdf\" target=\"_blank\" rel=\"noopener\">Tant\u00e1rgyi adatlap<\/a><\/li>\n<\/ul>\n<hr \/>\n<h3>\u00a0<\/h3>\n<h3><strong>Introduction to Clinical Anatomy<\/strong><\/h3>\n<ul>\n<li><a href=\"https:\/\/semmelweis.hu\/anatomia\/files\/2022\/01\/klinikai-anatomia-tanmenet-2022-tavasz.pdf\">Tematika<\/a><\/li>\n<li><a href=\"https:\/\/semmelweis.hu\/anatomia\/files\/2022\/05\/clinanat-topic-list.pdf\">Topic list<\/a><\/li>\n<\/ul>\n<p>&nbsp;<\/p>\n\n<\/div><h2 class=\"tabtitle\"><br \/>\nOMHV<\/h2>\n<div class=\"tabcontent\">\n\n<h3>Oktat\u00f3i Munka Hallgat\u00f3i V\u00e9lem\u00e9nyez\u00e9se (OMHV)<\/h3>\n<ul>\n<li><strong>\u00c1OK: <a href=\"https:\/\/semmelweis.hu\/anatomia\/files\/2022\/04\/OMHV_intezkedesi_terv_2021_22_1_Anatomia.pdf\" target=\"_blank\" rel=\"noopener\">Int\u00e9zked\u00e9si terv <\/a><\/strong>a 2021\/2022-es tan\u00e9v 1. f\u00e9l\u00e9v\u00e9nek OMHV adatai alapj\u00e1n<\/li>\n<li><strong>FOK: <a href=\"https:\/\/semmelweis.hu\/anatomia\/files\/2022\/11\/Makroszkopos-anatomia-es-fejlodestan-I.-FOKOANT338_1M-OMHV-2022_2021_1-1.pdf\" target=\"_blank\" rel=\"noopener\">Makroszk\u00f3pos anat\u00f3mia \u00e9s fejl\u0151d\u00e9stan I. &#8211; Int\u00e9zked\u00e9si terv<\/a><\/strong> a 2021\/2022-es tan\u00e9v 1. f\u00e9l\u00e9v\u00e9nek OMHV adatai alapj\u00e1n<\/li>\n<li><strong>FOK: <a href=\"https:\/\/semmelweis.hu\/anatomia\/files\/2022\/11\/Mikroszkopos-anatomia-es-fejlodestan-II.-FOKOANT-339_2M-OMHV-2022_2021_1-1.pdf\" target=\"_blank\" rel=\"noopener\">Mikroszk\u00f3pos anat\u00f3mia \u00e9s fejl\u0151d\u00e9stan II. &#8211; Int\u00e9zked\u00e9si terv<\/a><\/strong> a 2021\/2022-es tan\u00e9v 1. f\u00e9l\u00e9v\u00e9nek OMHV adatai alapj\u00e1n<\/li>\n<\/ul>\n<p>&nbsp;<\/p>\n\n<\/div><h2 class=\"tabtitle\"><br \/>\nEgy\u00e9b<\/h2>\n<div class=\"tabcontent\">\n\n<ul>\n<li><strong><a href=\"http:\/\/lib.semmelweis.hu\/app\/content&amp;id=446\">Szabadon let\u00f6lthet\u0151 tank\u00f6nyvek, k\u00f6zt\u00fck a \u201c<em>Funkcion\u00e1lis anat\u00f3mia<\/em>\u201d mindh\u00e1rom k\u00f6tete<\/a><\/strong><a href=\"http:\/\/lib.semmelweis.hu\/app\/content&amp;id=446\"> (2006-os kiad\u00e1s)<\/a><\/li>\n<li>Felt\u00f6lt\u00f6tt el\u0151ad\u00e1saink el\u00e9rhet\u0151s\u00e9ge: <a href=\"https:\/\/semmelweis.hu\/anatomia\/category\/eloadasok\/\">https:\/\/semmelweis.hu\/anatomia\/<\/a> -&gt; <a href=\"https:\/\/semmelweis.hu\/anatomia\/category\/eloadasok\/\"><strong>El\u0151ad\u00e1sok men\u00fc<\/strong> <\/a>&#8211; csak jelsz\u00f3val. <em>Bel\u00e9p\u00e9si n\u00e9v, jelsz\u00f3:<\/em> az els\u0151 napokon k\u00f6z\u00f6lj\u00fck hallgat\u00f3inkkal.<\/li>\n<li><strong><a href=\"https:\/\/semmelweis.hu\/anatomia\/oktatas\/anatomiai-muzeum\/\">Anat\u00f3mia M\u00fazeum<\/a><\/strong>: tanul\u00f3 m\u00fazeum (csonttan, \u00edz\u00fcletek, izmok!).<\/li>\n<\/ul>\n<p><strong>Seg\u00e9danyagok:<\/strong><\/p>\n<ul>\n<li><a href=\"https:\/\/semmelweis.hu\/anatomia\/files\/2017\/09\/a_legfontosabb_anatomiai_fogalmak.pdf\">A legfontosabb anat\u00f3miai fogalmak (pdf)<\/a> (latin-magyar sz\u00f3szedet, Dr. Hajdu)<\/li>\n<li><a href=\"https:\/\/semmelweis.hu\/anatomia\/files\/2017\/09\/hf-mozgasr.pdf\" target=\"_blank\" rel=\"noopener noreferrer\">\u00cdz\u00fcletek \u00e9s a r\u00e1juk hat\u00f3 izmok<\/a> (pdf) (Dr.Hajdu)<\/li>\n<li><b><a href=\"https:\/\/semmelweis.hu\/anatomia\/files\/2014\/04\/koponya.pdf\">A koponya csatorn\u00e1i<\/a> <\/b>(pdf) &#8211; (a ny\u00edl\u00e1sok tartalma az 1. f\u00e9l\u00e9vben m\u00e9g nem kell), t\u00e1bl\u00e1zatban (dr. Altdorfer K.)<\/li>\n<li><a href=\"https:\/\/semmelweis.hu\/anatomia\/files\/2019\/08\/A-koponya-csatorn\u00e1i-Dr.-Finta.pdf\">A koponya csatorn\u00e1i (Dr. Finta) (pdf)<\/a><\/li>\n<li>Dr. Hanics: <a href=\"https:\/\/semmelweis.hu\/anatomia\/files\/2016\/08\/hj-dorsregiok.pdf\">Dorsalis regi\u00f3k<\/a> (pdf)<\/li>\n<li>Dr. N\u00e9meth P\u00e9ter: <a href=\"https:\/\/semmelweis.hu\/anatomia\/files\/2016\/08\/np-agyidegek.jpg\">Agyidegek<\/a> (jpg)<\/li>\n<li><a href=\"https:\/\/semmelweis.hu\/anatomia\/2015\/09\/21\/agytorzsi-keresztmetszetek\/\">Agyt\u00f6rzsi keresztmetszetek<\/a><\/li>\n<\/ul>\n<p>Aktu\u00e1lis egyetemi Tan\u00e9vk\u00f6nyv<\/p>\n<hr \/>\n<p>&nbsp;<\/p>\n<figure id=\"attachment_6766\" aria-describedby=\"caption-attachment-6766\" style=\"width: 300px\" class=\"wp-caption aligncenter\"><a href=\"https:\/\/semmelweis.hu\/anatomia\/files\/2015\/07\/bonctermigyak.jpg\"><img loading=\"lazy\" decoding=\"async\" class=\"wp-image-6766 size-medium\" src=\"https:\/\/semmelweis.hu\/anatomia\/files\/2015\/07\/bonctermigyak-300x200.jpg\" alt=\"bonctermigyak\" width=\"300\" height=\"200\" srcset=\"https:\/\/semmelweis.hu\/anatomia\/files\/2015\/07\/bonctermigyak-300x200.jpg 300w, https:\/\/semmelweis.hu\/anatomia\/files\/2015\/07\/bonctermigyak-1024x683.jpg 1024w, https:\/\/semmelweis.hu\/anatomia\/files\/2015\/07\/bonctermigyak-450x300.jpg 450w\" sizes=\"auto, (max-width: 300px) 100vw, 300px\" \/><\/a><figcaption id=\"caption-attachment-6766\" class=\"wp-caption-text\">Bonctermi gyakorlat (\u00c1OK)<\/figcaption><\/figure>\n<\/div><\/div>\n","protected":false},"excerpt":{"rendered":"<p>&nbsp; OKTAT\u00c1SI T\u00c1J\u00c9KOZTAT\u00d3K \u00c1OK I. Makroszk\u00f3pos anat\u00f3mia \u00e9s fejl\u0151d\u00e9stan tant\u00e1rgy, 2. f\u00e9l\u00e9v Tanulm\u00e1nyi felel\u0151s: <a href=\"\/anatomia\/?page_id=2458\">Dr. \u00c1d\u00e1m \u00c1gota<\/a> egyetemi docens <a href=\"https:\/\/semmelweis.hu\/anatomia\/files\/2022\/01\/Tematika_makro2_AOK_I_2022tavasz.pdf\">Tematika_makro2_\u00c1OK_I_2022<\/a> <a href=\"https:\/\/semmelweis.hu\/anatomia\/files\/2022\/01\/makro_hirdetmeny.pdf\">makro_hirdetm\u00e9ny<\/a> BONCTERMI RENDTART\u00c1S &nbsp; \u00c1OK I. Mikroszk\u00f3pos anat\u00f3mia \u00e9s fejl\u0151d\u00e9stan I. Tanulm\u00e1nyi felel\u0151s: <a href=\"\/anatomia\/?page_id=2458\">Dr. \u00c1d\u00e1m \u00c1gota<\/a> egyetemi docens <a href=\"https:\/\/semmelweis.hu\/anatomia\/files\/2022\/01\/Tematika_mikro1_AOK_I_2022tavasz.pdf\">Tematika_mikro1_\u00c1OK_I_2022<\/a> <a href=\"https:\/\/semmelweis.hu\/anatomia\/files\/2022\/01\/mikro_hirdetmeny.pdf\">mikro_hirdetm\u00e9ny<\/a> &nbsp; &nbsp; FOK I. Makroszk\u00f3pos Anat\u00f3mia \u00e9s Fejl\u0151d\u00e9stan II. \u00c9vfolyamfelel\u0151s: Dr. P\u00e1lfi Emese egyetemi adjunktus <a href=\"https:\/\/semmelweis.hu\/anatomia\/files\/2022\/04\/makro2-szigorlati-tajekoztato_fejleces-1.pdf\" target=\"_blank\" rel=\"noopener\">Szigorlati t\u00e1j\u00e9koztat\u00f3<\/a> <a href=\"https:\/\/semmelweis.hu\/anatomia\/files\/2022\/04\/makro2-versenyvizsga-felhivas_PE_fejleces.pdf\" target=\"_blank\" rel=\"noopener\">Versenyvizsga felh\u00edv\u00e1s<\/a> <a href=\"https:\/\/semmelweis.hu\/anatomia\/files\/2022\/02\/makro-2-hirdetmeny_tanmenet-2021_2022_2.pdf\" target=\"_blank\" rel=\"noopener\">Tananyag, tanmenet<\/a> <a href=\"https:\/\/semmelweis.hu\/anatomia\/files\/2022\/04\/Makroszkopos-anatomia-es-fejlodestan-I.-FOKOANT338_1M-OMHV-2022_2021_1-1.pdf\" target=\"_blank\" rel=\"noopener\">Oktat\u00f3i Munka Hallgat\u00f3i V\u00e9lem\u00e9nyez\u00e9se: eredm\u00e9nyek, int\u00e9zked\u00e9si terv<\/a> <a href=\"https:\/\/semmelweis.hu\/anatomia\/files\/2022\/05\/Demonstratori_kiiras-2022-23ra-2.pdf\" target=\"_blank\" rel=\"noopener\">Demonstr\u00e1tori p\u00e1ly\u00e1zat<\/a> \u00c9vfolyamfelel\u0151s: Dr. P\u00e1lfi Emese\u00a0adjunktus FOK I. Mikroszk\u00f3pos Anat\u00f3mia \u00e9s Fejl\u0151d\u00e9stan &hellip;<\/p>\n","protected":false},"author":101248,"featured_media":0,"comment_status":"closed","ping_status":"closed","sticky":false,"template":"","format":"standard","meta":{"_acf_changed":false,"footnotes":""},"categories":[599],"tags":[],"class_list":["post-29804","post","type-post","status-publish","format-standard","hentry","category-archivum-oktatas-2017tol"],"acf":[],"_links":{"self":[{"href":"https:\/\/semmelweis.hu\/anatomia\/wp-json\/wp\/v2\/posts\/29804","targetHints":{"allow":["GET"]}}],"collection":[{"href":"https:\/\/semmelweis.hu\/anatomia\/wp-json\/wp\/v2\/posts"}],"about":[{"href":"https:\/\/semmelweis.hu\/anatomia\/wp-json\/wp\/v2\/types\/post"}],"author":[{"embeddable":true,"href":"https:\/\/semmelweis.hu\/anatomia\/wp-json\/wp\/v2\/users\/101248"}],"replies":[{"embeddable":true,"href":"https:\/\/semmelweis.hu\/anatomia\/wp-json\/wp\/v2\/comments?post=29804"}],"version-history":[{"count":11,"href":"https:\/\/semmelweis.hu\/anatomia\/wp-json\/wp\/v2\/posts\/29804\/revisions"}],"predecessor-version":[{"id":30830,"href":"https:\/\/semmelweis.hu\/anatomia\/wp-json\/wp\/v2\/posts\/29804\/revisions\/30830"}],"wp:attachment":[{"href":"https:\/\/semmelweis.hu\/anatomia\/wp-json\/wp\/v2\/media?parent=29804"}],"wp:term":[{"taxonomy":"category","embeddable":true,"href":"https:\/\/semmelweis.hu\/anatomia\/wp-json\/wp\/v2\/categories?post=29804"},{"taxonomy":"post_tag","embeddable":true,"href":"https:\/\/semmelweis.hu\/anatomia\/wp-json\/wp\/v2\/tags?post=29804"}],"curies":[{"name":"wp","href":"https:\/\/api.w.org\/{rel}","templated":true}]}}