{"id":27636,"date":"2020-09-15T15:35:44","date_gmt":"2020-09-15T13:35:44","guid":{"rendered":"https:\/\/semmelweis.hu\/anatomia\/?p=27636"},"modified":"2020-09-15T18:21:38","modified_gmt":"2020-09-15T16:21:38","slug":"kivalo-diakkoros-nevelo-dij","status":"publish","type":"post","link":"https:\/\/semmelweis.hu\/anatomia\/2020\/09\/15\/kivalo-diakkoros-nevelo-dij\/","title":{"rendered":"Kiv\u00e1l\u00f3 di\u00e1kk\u00f6r\u00f6s nevel\u0151 d\u00edj"},"content":{"rendered":"<p><a href=\"https:\/\/semmelweis.hu\/anatomia\/files\/2020\/09\/Nagy-N-kivalo-TDK-nevel\u0151-2020.pdf\">Nagy N -kivalo TDK nevel\u0151 2020<\/a><\/p>\n<p><img loading=\"lazy\" decoding=\"async\" class=\"alignnone wp-image-27638 size-medium\" src=\"https:\/\/semmelweis.hu\/anatomia\/files\/2020\/09\/NagyN-e1600186772308-228x300.jpg\" alt=\"\" width=\"228\" height=\"300\" srcset=\"https:\/\/semmelweis.hu\/anatomia\/files\/2020\/09\/NagyN-e1600186772308-228x300.jpg 228w, https:\/\/semmelweis.hu\/anatomia\/files\/2020\/09\/NagyN-e1600186772308.jpg 251w\" sizes=\"auto, (max-width: 228px) 100vw, 228px\" \/><\/p>\n","protected":false},"excerpt":{"rendered":"<p><a href=\"https:\/\/semmelweis.hu\/anatomia\/files\/2020\/09\/Nagy-N-kivalo-TDK-nevel\u0151-2020.pdf\">Nagy N -kivalo TDK nevel\u0151 2020<\/a><\/p>\n","protected":false},"author":101248,"featured_media":27638,"comment_status":"closed","ping_status":"closed","sticky":false,"template":"","format":"standard","meta":{"_acf_changed":false,"footnotes":""},"categories":[222,210],"tags":[],"class_list":["post-27636","post","type-post","status-publish","format-standard","has-post-thumbnail","hentry","category-hirek","category-tudomany"],"acf":[],"_links":{"self":[{"href":"https:\/\/semmelweis.hu\/anatomia\/wp-json\/wp\/v2\/posts\/27636","targetHints":{"allow":["GET"]}}],"collection":[{"href":"https:\/\/semmelweis.hu\/anatomia\/wp-json\/wp\/v2\/posts"}],"about":[{"href":"https:\/\/semmelweis.hu\/anatomia\/wp-json\/wp\/v2\/types\/post"}],"author":[{"embeddable":true,"href":"https:\/\/semmelweis.hu\/anatomia\/wp-json\/wp\/v2\/users\/101248"}],"replies":[{"embeddable":true,"href":"https:\/\/semmelweis.hu\/anatomia\/wp-json\/wp\/v2\/comments?post=27636"}],"version-history":[{"count":4,"href":"https:\/\/semmelweis.hu\/anatomia\/wp-json\/wp\/v2\/posts\/27636\/revisions"}],"predecessor-version":[{"id":27648,"href":"https:\/\/semmelweis.hu\/anatomia\/wp-json\/wp\/v2\/posts\/27636\/revisions\/27648"}],"wp:featuredmedia":[{"embeddable":true,"href":"https:\/\/semmelweis.hu\/anatomia\/wp-json\/wp\/v2\/media\/27638"}],"wp:attachment":[{"href":"https:\/\/semmelweis.hu\/anatomia\/wp-json\/wp\/v2\/media?parent=27636"}],"wp:term":[{"taxonomy":"category","embeddable":true,"href":"https:\/\/semmelweis.hu\/anatomia\/wp-json\/wp\/v2\/categories?post=27636"},{"taxonomy":"post_tag","embeddable":true,"href":"https:\/\/semmelweis.hu\/anatomia\/wp-json\/wp\/v2\/tags?post=27636"}],"curies":[{"name":"wp","href":"https:\/\/api.w.org\/{rel}","templated":true}]}}