{"id":24266,"date":"2019-09-28T18:55:03","date_gmt":"2019-09-28T16:55:03","guid":{"rendered":"http:\/\/semmelweis.hu\/anatomia\/?p=24266"},"modified":"2019-09-28T19:02:45","modified_gmt":"2019-09-28T17:02:45","slug":"kutatok-ejszakaja-az-intezetben-2019","status":"publish","type":"post","link":"https:\/\/semmelweis.hu\/anatomia\/2019\/09\/28\/kutatok-ejszakaja-az-intezetben-2019\/","title":{"rendered":"Kutat\u00f3k \u00e9jszak\u00e1ja az Int\u00e9zetben 2019"},"content":{"rendered":"<p><img loading=\"lazy\" decoding=\"async\" class=\"wp-image-24299 size-medium alignleft\" src=\"https:\/\/semmelweis.hu\/anatomia\/files\/2019\/09\/KE_-logo-300x191.jpg\" alt=\"\" width=\"300\" height=\"191\" srcset=\"https:\/\/semmelweis.hu\/anatomia\/files\/2019\/09\/KE_-logo-300x191.jpg 300w, https:\/\/semmelweis.hu\/anatomia\/files\/2019\/09\/KE_-logo-768x489.jpg 768w, https:\/\/semmelweis.hu\/anatomia\/files\/2019\/09\/KE_-logo-471x300.jpg 471w, https:\/\/semmelweis.hu\/anatomia\/files\/2019\/09\/KE_-logo.jpg 955w\" sizes=\"auto, (max-width: 300px) 100vw, 300px\" \/><\/p>\n<p>&nbsp;<\/p>\n<p style=\"text-align: justify\">2019. szeptember 27-\u00e9n, p\u00e9nteken, 16.00 \u00e9s 21.00 k\u00f6z\u00f6tt, a Kutat\u00f3k \u00e9jszak\u00e1ja program-sorozat keret\u00e9ben Int\u00e9zet\u00fcnkben sz\u00e1mos programot k\u00edn\u00e1ltunk a l\u00e1togat\u00f3knak.<\/p>\n<p>&nbsp;<\/p>\n<p style=\"text-align: justify\">A k\u00e9t el\u0151ad\u00f3terem \u00e9s a k\u00f6nyvt\u00e1r adott helyet az el\u0151ad\u00e1soknak, amelyeknek t\u00e9m\u00e1i k\u00f6z\u00f6tt az autizmus spektrum zavar \u00e9s skizofr\u00e9nia neuropatol\u00f3giai vonatkoz\u00e1sai, a hall\u00e1s mechanizmusa, a thymus \u00e9s a sz\u00edvfejl\u0151d\u00e9si rendelleness\u00e9gek kapcsolata, az amn\u00e9zi\u00e1k \u00e9s mem\u00f3riazavarok ismertet\u00e9se is jelen volt, illetve volt sz\u00f3 arr\u00f3l is, mi a kapcsolat a hum\u00e1n neurol\u00f3giai betegs\u00e9gek \u00e9s a madarak idegrendszere k\u00f6z\u00f6tt.<\/p>\n<p style=\"text-align: justify\">Az \u0150ssejt \u00e9s K\u00eds\u00e9rletes Embriol\u00f3gia Laborat\u00f3riumban PhD hallgat\u00f3k az embryomanipul\u00e1ci\u00f3s technik\u00e1kr\u00f3l tartottak gyakorlati bemutat\u00f3t az \u00e9rdekl\u0151d\u0151knek.<\/p>\n<p style=\"text-align: justify\">\u00c9vek \u00f3ta nagy \u00e9rdekl\u0151d\u00e9sre tartanak sz\u00e1mot a bonctermi \u00e9s a m\u00fazeumi bemutat\u00f3ink. Id\u00e9n h\u00e1rom-h\u00e1rom bonctermi ismertet\u0151t tartottunk a f\u00f6ldszinti \u00e9s az els\u0151 emeleti bonctermekben \u00e9s k\u00e9t l\u00e1togat\u00f3csoport tekinthette meg a m\u00fazeumot. A bonctermi bemutat\u00f3kon a koll\u00e9g\u00e1k mellett a hallgat\u00f3k is akt\u00edvan r\u00e9szt vettek a prepar\u00e1tumok bemutat\u00e1s\u00e1ban \u00e9s v\u00e1laszoltak a l\u00e1togat\u00f3k k\u00e9rd\u00e9seire.<\/p>\n<p><a href=\"https:\/\/semmelweis.hu\/anatomia\/files\/2019\/09\/20190927-Kut\u00c9jsz-Anat-program.pdf\" target=\"_blank\" rel=\"noopener noreferrer\">R\u00e9szletes program<\/a><\/p>\n\r\n        [slb_exclude]\r\n        <div class=\"row galeria-wrapper mx-0 h-auto\">\r\n            <div class=\"col-9 pl-0 pr-2\">\r\n            <span class=\"gallery-item frame\">\r\n\t\t\t\t<div class=\"galeria-left-img\"><a href=\"https:\/\/semmelweis.hu\/anatomia\/files\/2019\/09\/KutEj_20190927_164726.jpg\"><img src=https:\/\/semmelweis.hu\/anatomia\/files\/2019\/09\/KutEj_20190927_164726.jpg  \r\n                            alt=\"\" \r\n                            class=\"attachment-sote-gallery-big size-sote-gallery-big\" \r\n                            srcset=\"https:\/\/semmelweis.hu\/anatomia\/files\/2019\/09\/KutEj_20190927_164726-300x170.jpg 300w, https:\/\/semmelweis.hu\/anatomia\/files\/2019\/09\/KutEj_20190927_164726-768x434.jpg 768w, https:\/\/semmelweis.hu\/anatomia\/files\/2019\/09\/KutEj_20190927_164726-1024x579.jpg 1024w, https:\/\/semmelweis.hu\/anatomia\/files\/2019\/09\/KutEj_20190927_164726-531x300.jpg 531w\" ><\/a><\/div>\r\n            <\/span>\r\n\r\n            <\/div>\r\n\r\n\t\t\t<div class=\"col-3 pl-0 pr-0\">\r\n\t\t\t\t<div class=\"galeria-right-img d-flex justify-content-between flex-column h-100 w-100 px-0 mx-0 \">\r\n                <div class=\"galeria-box\">\r\n\t\t\t\t\t<h3 class=\"galeria-title\">Gal\u00e9ria<\/h3>\r\n\t\t\t\t\t<div class=\"galeria-subtitle\">\r\n\r\n\t\t\t\t\t\t<div class=\"galeria-page-counter\"><span>22<\/span>k\u00e9p<\/div>\r\n                    <\/div> <\/div>\r\n                    <span class=\"gallery-item frame d-none d-md-flex\">\r\n\t\t\t\t\t<div class=\"galeria-small-img mt-0\"><a href=\"https:\/\/semmelweis.hu\/anatomia\/files\/2019\/09\/KutEj_20190927_170338.jpg\"><img src=https:\/\/semmelweis.hu\/anatomia\/files\/2019\/09\/KutEj_20190927_170338.jpg \r\n                                alt=\"\"  \r\n                                class=\"attachment-sote-gallery-small size-sote-gallery-small\" \r\n                                srcset=\"https:\/\/semmelweis.hu\/anatomia\/files\/2019\/09\/KutEj_20190927_170338-300x170.jpg 300w, https:\/\/semmelweis.hu\/anatomia\/files\/2019\/09\/KutEj_20190927_170338-768x434.jpg 768w, https:\/\/semmelweis.hu\/anatomia\/files\/2019\/09\/KutEj_20190927_170338-1024x579.jpg 1024w, https:\/\/semmelweis.hu\/anatomia\/files\/2019\/09\/KutEj_20190927_170338-531x300.jpg 531w\" ><\/a><\/div>\r\n                    <\/span>\r\n                    <span class=\"gallery-item frame d-none d-md-flex\">\r\n\t\t\t\t\t<div class=\"galeria-small-img mt-0\"><a href=\"https:\/\/semmelweis.hu\/anatomia\/files\/2019\/09\/KutEj_20190927_182056.jpg\"><img src=https:\/\/semmelweis.hu\/anatomia\/files\/2019\/09\/KutEj_20190927_182056.jpg \r\n                                alt=\"\" \r\n                                class=\"attachment-sote-gallery-small size-sote-gallery-small\" \r\n                                srcset=\"https:\/\/semmelweis.hu\/anatomia\/files\/2019\/09\/KutEj_20190927_182056-300x170.jpg 300w, https:\/\/semmelweis.hu\/anatomia\/files\/2019\/09\/KutEj_20190927_182056-768x434.jpg 768w, https:\/\/semmelweis.hu\/anatomia\/files\/2019\/09\/KutEj_20190927_182056-1024x579.jpg 1024w, https:\/\/semmelweis.hu\/anatomia\/files\/2019\/09\/KutEj_20190927_182056-531x300.jpg 531w\" ><\/a><\/div>\r\n                    <\/span>\r\n\r\n                <\/div>\r\n\r\n            <\/div>\r\n\r\n            <span class=\"gallery-item\"><div class=\"hidden\"><a href=\"https:\/\/semmelweis.hu\/anatomia\/files\/2019\/09\/KutEj_20190927_182124.jpg\">\r\n        <img src=https:\/\/semmelweis.hu\/anatomia\/files\/2019\/09\/KutEj_20190927_182124.jpg alt=\"\" class=\"attachment-sote-gallery-big size-sote-gallery-big\" srcset=\"https:\/\/semmelweis.hu\/anatomia\/files\/2019\/09\/KutEj_20190927_182124-300x170.jpg 300w, https:\/\/semmelweis.hu\/anatomia\/files\/2019\/09\/KutEj_20190927_182124-768x434.jpg 768w, https:\/\/semmelweis.hu\/anatomia\/files\/2019\/09\/KutEj_20190927_182124-1024x579.jpg 1024w, https:\/\/semmelweis.hu\/anatomia\/files\/2019\/09\/KutEj_20190927_182124-531x300.jpg 531w\" >\r\n        <\/a><\/div><\/span><span class=\"gallery-item\"><div class=\"hidden\"><a href=\"https:\/\/semmelweis.hu\/anatomia\/files\/2019\/09\/KutEj_20190927_192820.jpg\">\r\n        <img src=https:\/\/semmelweis.hu\/anatomia\/files\/2019\/09\/KutEj_20190927_192820.jpg alt=\"\" class=\"attachment-sote-gallery-big size-sote-gallery-big\" srcset=\"https:\/\/semmelweis.hu\/anatomia\/files\/2019\/09\/KutEj_20190927_192820-300x170.jpg 300w, https:\/\/semmelweis.hu\/anatomia\/files\/2019\/09\/KutEj_20190927_192820-768x434.jpg 768w, https:\/\/semmelweis.hu\/anatomia\/files\/2019\/09\/KutEj_20190927_192820-1024x579.jpg 1024w, https:\/\/semmelweis.hu\/anatomia\/files\/2019\/09\/KutEj_20190927_192820-531x300.jpg 531w\" >\r\n        <\/a><\/div><\/span><span class=\"gallery-item\"><div class=\"hidden\"><a href=\"https:\/\/semmelweis.hu\/anatomia\/files\/2019\/09\/KutEj_20190927_190825.jpg\">\r\n        <img src=https:\/\/semmelweis.hu\/anatomia\/files\/2019\/09\/KutEj_20190927_190825.jpg alt=\"\" class=\"attachment-sote-gallery-big size-sote-gallery-big\" srcset=\"https:\/\/semmelweis.hu\/anatomia\/files\/2019\/09\/KutEj_20190927_190825-300x170.jpg 300w, https:\/\/semmelweis.hu\/anatomia\/files\/2019\/09\/KutEj_20190927_190825-768x434.jpg 768w, https:\/\/semmelweis.hu\/anatomia\/files\/2019\/09\/KutEj_20190927_190825-1024x579.jpg 1024w, https:\/\/semmelweis.hu\/anatomia\/files\/2019\/09\/KutEj_20190927_190825-531x300.jpg 531w\" >\r\n        <\/a><\/div><\/span><span class=\"gallery-item\"><div class=\"hidden\"><a href=\"https:\/\/semmelweis.hu\/anatomia\/files\/2019\/09\/KutEj_20190927_190844.jpg\">\r\n        <img src=https:\/\/semmelweis.hu\/anatomia\/files\/2019\/09\/KutEj_20190927_190844.jpg alt=\"\" class=\"attachment-sote-gallery-big size-sote-gallery-big\" srcset=\"https:\/\/semmelweis.hu\/anatomia\/files\/2019\/09\/KutEj_20190927_190844-300x170.jpg 300w, https:\/\/semmelweis.hu\/anatomia\/files\/2019\/09\/KutEj_20190927_190844-768x434.jpg 768w, https:\/\/semmelweis.hu\/anatomia\/files\/2019\/09\/KutEj_20190927_190844-1024x579.jpg 1024w, https:\/\/semmelweis.hu\/anatomia\/files\/2019\/09\/KutEj_20190927_190844-531x300.jpg 531w\" >\r\n        <\/a><\/div><\/span><span class=\"gallery-item\"><div class=\"hidden\"><a href=\"https:\/\/semmelweis.hu\/anatomia\/files\/2019\/09\/KutEj_20190927_202659.jpg\">\r\n        <img src=https:\/\/semmelweis.hu\/anatomia\/files\/2019\/09\/KutEj_20190927_202659.jpg alt=\"\" class=\"attachment-sote-gallery-big size-sote-gallery-big\" srcset=\"https:\/\/semmelweis.hu\/anatomia\/files\/2019\/09\/KutEj_20190927_202659-300x170.jpg 300w, https:\/\/semmelweis.hu\/anatomia\/files\/2019\/09\/KutEj_20190927_202659-768x434.jpg 768w, https:\/\/semmelweis.hu\/anatomia\/files\/2019\/09\/KutEj_20190927_202659-1024x579.jpg 1024w, https:\/\/semmelweis.hu\/anatomia\/files\/2019\/09\/KutEj_20190927_202659-531x300.jpg 531w\" >\r\n        <\/a><\/div><\/span><span class=\"gallery-item\"><div class=\"hidden\"><a href=\"https:\/\/semmelweis.hu\/anatomia\/files\/2019\/09\/KutEj_20190927_190644.jpg\">\r\n        <img src=https:\/\/semmelweis.hu\/anatomia\/files\/2019\/09\/KutEj_20190927_190644.jpg alt=\"\" class=\"attachment-sote-gallery-big size-sote-gallery-big\" srcset=\"https:\/\/semmelweis.hu\/anatomia\/files\/2019\/09\/KutEj_20190927_190644-300x170.jpg 300w, https:\/\/semmelweis.hu\/anatomia\/files\/2019\/09\/KutEj_20190927_190644-768x434.jpg 768w, https:\/\/semmelweis.hu\/anatomia\/files\/2019\/09\/KutEj_20190927_190644-1024x579.jpg 1024w, https:\/\/semmelweis.hu\/anatomia\/files\/2019\/09\/KutEj_20190927_190644-531x300.jpg 531w\" >\r\n        <\/a><\/div><\/span><span class=\"gallery-item\"><div class=\"hidden\"><a href=\"https:\/\/semmelweis.hu\/anatomia\/files\/2019\/09\/KutEj_20190927_192450.jpg\">\r\n        <img src=https:\/\/semmelweis.hu\/anatomia\/files\/2019\/09\/KutEj_20190927_192450.jpg alt=\"\" class=\"attachment-sote-gallery-big size-sote-gallery-big\" srcset=\"https:\/\/semmelweis.hu\/anatomia\/files\/2019\/09\/KutEj_20190927_192450-217x300.jpg 217w, https:\/\/semmelweis.hu\/anatomia\/files\/2019\/09\/KutEj_20190927_192450-768x1062.jpg 768w, https:\/\/semmelweis.hu\/anatomia\/files\/2019\/09\/KutEj_20190927_192450-741x1024.jpg 741w, https:\/\/semmelweis.hu\/anatomia\/files\/2019\/09\/KutEj_20190927_192450.jpg 1956w\" >\r\n        <\/a><\/div><\/span><span class=\"gallery-item\"><div class=\"hidden\"><a href=\"https:\/\/semmelweis.hu\/anatomia\/files\/2019\/09\/KutEj_20190927_192500.jpg\">\r\n        <img src=https:\/\/semmelweis.hu\/anatomia\/files\/2019\/09\/KutEj_20190927_192500.jpg alt=\"\" class=\"attachment-sote-gallery-big size-sote-gallery-big\" srcset=\"https:\/\/semmelweis.hu\/anatomia\/files\/2019\/09\/KutEj_20190927_192500-265x300.jpg 265w, https:\/\/semmelweis.hu\/anatomia\/files\/2019\/09\/KutEj_20190927_192500-768x870.jpg 768w, https:\/\/semmelweis.hu\/anatomia\/files\/2019\/09\/KutEj_20190927_192500-904x1024.jpg 904w\" >\r\n        <\/a><\/div><\/span><span class=\"gallery-item\"><div class=\"hidden\"><a href=\"https:\/\/semmelweis.hu\/anatomia\/files\/2019\/09\/KutEj_20190927_183538.jpg\">\r\n        <img src=https:\/\/semmelweis.hu\/anatomia\/files\/2019\/09\/KutEj_20190927_183538.jpg alt=\"\" class=\"attachment-sote-gallery-big size-sote-gallery-big\" srcset=\"https:\/\/semmelweis.hu\/anatomia\/files\/2019\/09\/KutEj_20190927_183538-300x170.jpg 300w, https:\/\/semmelweis.hu\/anatomia\/files\/2019\/09\/KutEj_20190927_183538-768x434.jpg 768w, https:\/\/semmelweis.hu\/anatomia\/files\/2019\/09\/KutEj_20190927_183538-1024x579.jpg 1024w, https:\/\/semmelweis.hu\/anatomia\/files\/2019\/09\/KutEj_20190927_183538-531x300.jpg 531w\" >\r\n        <\/a><\/div><\/span><span class=\"gallery-item\"><div class=\"hidden\"><a href=\"https:\/\/semmelweis.hu\/anatomia\/files\/2019\/09\/KutEj_20190927_183507.jpg\">\r\n        <img src=https:\/\/semmelweis.hu\/anatomia\/files\/2019\/09\/KutEj_20190927_183507.jpg alt=\"\" class=\"attachment-sote-gallery-big size-sote-gallery-big\" srcset=\"https:\/\/semmelweis.hu\/anatomia\/files\/2019\/09\/KutEj_20190927_183507-300x170.jpg 300w, https:\/\/semmelweis.hu\/anatomia\/files\/2019\/09\/KutEj_20190927_183507-768x434.jpg 768w, https:\/\/semmelweis.hu\/anatomia\/files\/2019\/09\/KutEj_20190927_183507-1024x579.jpg 1024w, https:\/\/semmelweis.hu\/anatomia\/files\/2019\/09\/KutEj_20190927_183507-531x300.jpg 531w\" >\r\n        <\/a><\/div><\/span><span class=\"gallery-item\"><div class=\"hidden\"><a href=\"https:\/\/semmelweis.hu\/anatomia\/files\/2019\/09\/KutEj_20190927_190127.jpg\">\r\n        <img src=https:\/\/semmelweis.hu\/anatomia\/files\/2019\/09\/KutEj_20190927_190127.jpg alt=\"\" class=\"attachment-sote-gallery-big size-sote-gallery-big\" srcset=\"https:\/\/semmelweis.hu\/anatomia\/files\/2019\/09\/KutEj_20190927_190127-300x201.jpg 300w, https:\/\/semmelweis.hu\/anatomia\/files\/2019\/09\/KutEj_20190927_190127-768x515.jpg 768w, https:\/\/semmelweis.hu\/anatomia\/files\/2019\/09\/KutEj_20190927_190127-1024x686.jpg 1024w, https:\/\/semmelweis.hu\/anatomia\/files\/2019\/09\/KutEj_20190927_190127-448x300.jpg 448w\" >\r\n        <\/a><\/div><\/span><span class=\"gallery-item\"><div class=\"hidden\"><a href=\"https:\/\/semmelweis.hu\/anatomia\/files\/2019\/09\/KutEj_20190927_190236.jpg\">\r\n        <img src=https:\/\/semmelweis.hu\/anatomia\/files\/2019\/09\/KutEj_20190927_190236.jpg alt=\"\" class=\"attachment-sote-gallery-big size-sote-gallery-big\" srcset=\"https:\/\/semmelweis.hu\/anatomia\/files\/2019\/09\/KutEj_20190927_190236-300x131.jpg 300w, https:\/\/semmelweis.hu\/anatomia\/files\/2019\/09\/KutEj_20190927_190236-768x336.jpg 768w, https:\/\/semmelweis.hu\/anatomia\/files\/2019\/09\/KutEj_20190927_190236-1024x448.jpg 1024w, https:\/\/semmelweis.hu\/anatomia\/files\/2019\/09\/KutEj_20190927_190236-580x254.jpg 580w\" >\r\n        <\/a><\/div><\/span><span class=\"gallery-item\"><div class=\"hidden\"><a href=\"https:\/\/semmelweis.hu\/anatomia\/files\/2019\/09\/KutEj_20190927_190215.jpg\">\r\n        <img src=https:\/\/semmelweis.hu\/anatomia\/files\/2019\/09\/KutEj_20190927_190215.jpg alt=\"\" class=\"attachment-sote-gallery-big size-sote-gallery-big\" srcset=\"https:\/\/semmelweis.hu\/anatomia\/files\/2019\/09\/KutEj_20190927_190215-300x114.jpg 300w, https:\/\/semmelweis.hu\/anatomia\/files\/2019\/09\/KutEj_20190927_190215-768x292.jpg 768w, https:\/\/semmelweis.hu\/anatomia\/files\/2019\/09\/KutEj_20190927_190215-1024x390.jpg 1024w, https:\/\/semmelweis.hu\/anatomia\/files\/2019\/09\/KutEj_20190927_190215-580x221.jpg 580w\" >\r\n        <\/a><\/div><\/span><span class=\"gallery-item\"><div class=\"hidden\"><a href=\"https:\/\/semmelweis.hu\/anatomia\/files\/2019\/09\/KutEj_20190927_204323.jpg\">\r\n        <img src=https:\/\/semmelweis.hu\/anatomia\/files\/2019\/09\/KutEj_20190927_204323.jpg alt=\"\" class=\"attachment-sote-gallery-big size-sote-gallery-big\" srcset=\"https:\/\/semmelweis.hu\/anatomia\/files\/2019\/09\/KutEj_20190927_204323-269x300.jpg 269w, https:\/\/semmelweis.hu\/anatomia\/files\/2019\/09\/KutEj_20190927_204323-768x857.jpg 768w, https:\/\/semmelweis.hu\/anatomia\/files\/2019\/09\/KutEj_20190927_204323-917x1024.jpg 917w\" >\r\n        <\/a><\/div><\/span><span class=\"gallery-item\"><div class=\"hidden\"><a href=\"https:\/\/semmelweis.hu\/anatomia\/files\/2019\/09\/KutEj_20190927_204359.jpg\">\r\n        <img src=https:\/\/semmelweis.hu\/anatomia\/files\/2019\/09\/KutEj_20190927_204359.jpg alt=\"\" class=\"attachment-sote-gallery-big size-sote-gallery-big\" srcset=\"https:\/\/semmelweis.hu\/anatomia\/files\/2019\/09\/KutEj_20190927_204359-242x300.jpg 242w, https:\/\/semmelweis.hu\/anatomia\/files\/2019\/09\/KutEj_20190927_204359-768x952.jpg 768w, https:\/\/semmelweis.hu\/anatomia\/files\/2019\/09\/KutEj_20190927_204359-826x1024.jpg 826w\" >\r\n        <\/a><\/div><\/span><span class=\"gallery-item\"><div class=\"hidden\"><a href=\"https:\/\/semmelweis.hu\/anatomia\/files\/2019\/09\/KutEj_20190927_213217.jpg\">\r\n        <img src=https:\/\/semmelweis.hu\/anatomia\/files\/2019\/09\/KutEj_20190927_213217.jpg alt=\"\" class=\"attachment-sote-gallery-big size-sote-gallery-big\" srcset=\"https:\/\/semmelweis.hu\/anatomia\/files\/2019\/09\/KutEj_20190927_213217-300x170.jpg 300w, https:\/\/semmelweis.hu\/anatomia\/files\/2019\/09\/KutEj_20190927_213217-768x434.jpg 768w, https:\/\/semmelweis.hu\/anatomia\/files\/2019\/09\/KutEj_20190927_213217-1024x579.jpg 1024w, https:\/\/semmelweis.hu\/anatomia\/files\/2019\/09\/KutEj_20190927_213217-531x300.jpg 531w\" >\r\n        <\/a><\/div><\/span><span class=\"gallery-item\"><div class=\"hidden\"><a href=\"https:\/\/semmelweis.hu\/anatomia\/files\/2019\/09\/KutEj_20190927_213235.jpg\">\r\n        <img src=https:\/\/semmelweis.hu\/anatomia\/files\/2019\/09\/KutEj_20190927_213235.jpg alt=\"\" class=\"attachment-sote-gallery-big size-sote-gallery-big\" srcset=\"https:\/\/semmelweis.hu\/anatomia\/files\/2019\/09\/KutEj_20190927_213235-300x225.jpg 300w, https:\/\/semmelweis.hu\/anatomia\/files\/2019\/09\/KutEj_20190927_213235-768x575.jpg 768w, https:\/\/semmelweis.hu\/anatomia\/files\/2019\/09\/KutEj_20190927_213235-1024x767.jpg 1024w, https:\/\/semmelweis.hu\/anatomia\/files\/2019\/09\/KutEj_20190927_213235-400x300.jpg 400w\" >\r\n        <\/a><\/div><\/span><span class=\"gallery-item\"><div class=\"hidden\"><a href=\"https:\/\/semmelweis.hu\/anatomia\/files\/2019\/09\/KutEj_20190927_195544.jpg\">\r\n        <img src=https:\/\/semmelweis.hu\/anatomia\/files\/2019\/09\/KutEj_20190927_195544.jpg alt=\"\" class=\"attachment-sote-gallery-big size-sote-gallery-big\" srcset=\"https:\/\/semmelweis.hu\/anatomia\/files\/2019\/09\/KutEj_20190927_195544-300x170.jpg 300w, https:\/\/semmelweis.hu\/anatomia\/files\/2019\/09\/KutEj_20190927_195544-768x434.jpg 768w, https:\/\/semmelweis.hu\/anatomia\/files\/2019\/09\/KutEj_20190927_195544-1024x579.jpg 1024w, https:\/\/semmelweis.hu\/anatomia\/files\/2019\/09\/KutEj_20190927_195544-531x300.jpg 531w\" >\r\n        <\/a><\/div><\/span><span class=\"gallery-item\"><div class=\"hidden\"><a href=\"https:\/\/semmelweis.hu\/anatomia\/files\/2019\/09\/KutEj_20190927_195128.jpg\">\r\n        <img src=https:\/\/semmelweis.hu\/anatomia\/files\/2019\/09\/KutEj_20190927_195128.jpg alt=\"\" class=\"attachment-sote-gallery-big size-sote-gallery-big\" srcset=\"https:\/\/semmelweis.hu\/anatomia\/files\/2019\/09\/KutEj_20190927_195128-300x170.jpg 300w, https:\/\/semmelweis.hu\/anatomia\/files\/2019\/09\/KutEj_20190927_195128-768x434.jpg 768w, https:\/\/semmelweis.hu\/anatomia\/files\/2019\/09\/KutEj_20190927_195128-1024x579.jpg 1024w, https:\/\/semmelweis.hu\/anatomia\/files\/2019\/09\/KutEj_20190927_195128-531x300.jpg 531w\" >\r\n        <\/a><\/div><\/span>\r\n            <\/div>\r\n\r\n            [\/slb_exclude]\r\n\t\n<p>&nbsp;<\/p>\n","protected":false},"excerpt":{"rendered":"<p>&nbsp; 2019. szeptember 27-\u00e9n, p\u00e9nteken, 16.00 \u00e9s 21.00 k\u00f6z\u00f6tt, a Kutat\u00f3k \u00e9jszak\u00e1ja program-sorozat keret\u00e9ben Int\u00e9zet\u00fcnkben sz\u00e1mos programot k\u00edn\u00e1ltunk a l\u00e1togat\u00f3knak. &nbsp; A k\u00e9t el\u0151ad\u00f3terem \u00e9s a k\u00f6nyvt\u00e1r adott helyet az el\u0151ad\u00e1soknak, amelyeknek t\u00e9m\u00e1i k\u00f6z\u00f6tt az autizmus spektrum zavar \u00e9s skizofr\u00e9nia neuropatol\u00f3giai vonatkoz\u00e1sai, a hall\u00e1s mechanizmusa, a thymus \u00e9s a sz\u00edvfejl\u0151d\u00e9si rendelleness\u00e9gek kapcsolata, az amn\u00e9zi\u00e1k \u00e9s &hellip;<\/p>\n","protected":false},"author":101248,"featured_media":24269,"comment_status":"closed","ping_status":"closed","sticky":false,"template":"","format":"standard","meta":{"_acf_changed":false,"footnotes":""},"categories":[20,582,529],"tags":[],"class_list":["post-24266","post","type-post","status-publish","format-standard","has-post-thumbnail","hentry","category-intezeti-hirek","category-intezeti-kepek","category-kutatok-ejszakaja"],"acf":[],"_links":{"self":[{"href":"https:\/\/semmelweis.hu\/anatomia\/wp-json\/wp\/v2\/posts\/24266","targetHints":{"allow":["GET"]}}],"collection":[{"href":"https:\/\/semmelweis.hu\/anatomia\/wp-json\/wp\/v2\/posts"}],"about":[{"href":"https:\/\/semmelweis.hu\/anatomia\/wp-json\/wp\/v2\/types\/post"}],"author":[{"embeddable":true,"href":"https:\/\/semmelweis.hu\/anatomia\/wp-json\/wp\/v2\/users\/101248"}],"replies":[{"embeddable":true,"href":"https:\/\/semmelweis.hu\/anatomia\/wp-json\/wp\/v2\/comments?post=24266"}],"version-history":[{"count":10,"href":"https:\/\/semmelweis.hu\/anatomia\/wp-json\/wp\/v2\/posts\/24266\/revisions"}],"predecessor-version":[{"id":24304,"href":"https:\/\/semmelweis.hu\/anatomia\/wp-json\/wp\/v2\/posts\/24266\/revisions\/24304"}],"wp:featuredmedia":[{"embeddable":true,"href":"https:\/\/semmelweis.hu\/anatomia\/wp-json\/wp\/v2\/media\/24269"}],"wp:attachment":[{"href":"https:\/\/semmelweis.hu\/anatomia\/wp-json\/wp\/v2\/media?parent=24266"}],"wp:term":[{"taxonomy":"category","embeddable":true,"href":"https:\/\/semmelweis.hu\/anatomia\/wp-json\/wp\/v2\/categories?post=24266"},{"taxonomy":"post_tag","embeddable":true,"href":"https:\/\/semmelweis.hu\/anatomia\/wp-json\/wp\/v2\/tags?post=24266"}],"curies":[{"name":"wp","href":"https:\/\/api.w.org\/{rel}","templated":true}]}}