{"id":2424,"date":"2014-07-01T23:25:51","date_gmt":"2014-07-01T21:25:51","guid":{"rendered":"http:\/\/www.ana.usn.hu\/hu\/?p=2424"},"modified":"2015-08-08T01:18:49","modified_gmt":"2015-08-07T23:18:49","slug":"uj-igazgato-habilitacios-oklevel-pecsetgyuru","status":"publish","type":"post","link":"https:\/\/semmelweis.hu\/anatomia\/2014\/07\/01\/uj-igazgato-habilitacios-oklevel-pecsetgyuru\/","title":{"rendered":"\u00daj igazgat\u00f3 &#8211; Habilit\u00e1ci\u00f3 &#8211; Pecs\u00e9tgy\u0171r\u0171"},"content":{"rendered":"<p>2014. j\u00falius 1-t\u0151l Int\u00e9zet\u00fcnk megb\u00edzott igazgat\u00f3ja:<br \/> <strong><a title=\"Dr. Gerber G\u00e1bor\" href=\"\/anatomia\/?page_id=2145\">Dr. Gerber G\u00e1bor<\/a><\/strong> DMD, PhD, egyetemi docens<\/p>\n<figure id=\"attachment_6709\" aria-describedby=\"caption-attachment-6709\" style=\"width: 200px\" class=\"wp-caption aligncenter\"><a href=\"https:\/\/semmelweis.hu\/anatomia\/files\/2014\/06\/Gerber-d\u00e9k\u00e1ni-foto.jpg\"><img loading=\"lazy\" decoding=\"async\" class=\"wp-image-6709 size-medium\" src=\"https:\/\/semmelweis.hu\/anatomia\/files\/2014\/06\/Gerber-d\u00e9k\u00e1ni-foto-200x300.jpg\" alt=\"Gerber-d\u00e9k\u00e1ni-foto\" width=\"200\" height=\"300\" srcset=\"https:\/\/semmelweis.hu\/anatomia\/files\/2014\/06\/Gerber-d\u00e9k\u00e1ni-foto-200x300.jpg 200w, https:\/\/semmelweis.hu\/anatomia\/files\/2014\/06\/Gerber-d\u00e9k\u00e1ni-foto.jpg 500w\" sizes=\"auto, (max-width: 200px) 100vw, 200px\" \/><\/a><figcaption id=\"caption-attachment-6709\" class=\"wp-caption-text\">Dr. Gerber G\u00e1bor<\/figcaption><\/figure>\n<p>A <a href=\"https:\/\/semmelweis.hu\/hirek\/2014\/06\/30\/semmelweis-nap-elkezdhetjuk-elvezni-a-valtozasok-gyumolcseit\/\">Semmelweis-napi egyetemi \u00fcnneps\u00e9gen<\/a> vette \u00e1t a lek\u00f6sz\u00f6n\u0151 tansz\u00e9kvezet\u0151knek j\u00e1r\u00f3 <em>arany pecs\u00e9tgy\u0171r\u0171t<\/em> <strong><a title=\"Dr. Csillag Andr\u00e1s\" href=\"\/anatomia\/?page_id=700\">Dr. Csillag Andr\u00e1s<\/a><\/strong> professzor, eddigi igazgat\u00f3nk.<\/p>\n<figure id=\"attachment_2471\" aria-describedby=\"caption-attachment-2471\" style=\"width: 300px\" class=\"wp-caption aligncenter\"><a href=\"https:\/\/semmelweis.hu\/anatomia\/files\/2014\/07\/gyuru-012.jpg\"><img loading=\"lazy\" decoding=\"async\" class=\"wp-image-2471 size-medium\" src=\"https:\/\/semmelweis.hu\/anatomia\/files\/2014\/07\/gyuru-012-300x199.jpg\" alt=\"gyuru--012\" width=\"300\" height=\"199\" srcset=\"https:\/\/semmelweis.hu\/anatomia\/files\/2014\/07\/gyuru-012-300x199.jpg 300w, https:\/\/semmelweis.hu\/anatomia\/files\/2014\/07\/gyuru-012-450x300.jpg 450w, https:\/\/semmelweis.hu\/anatomia\/files\/2014\/07\/gyuru-012.jpg 800w\" sizes=\"auto, (max-width: 300px) 100vw, 300px\" \/><\/a><figcaption id=\"caption-attachment-2471\" class=\"wp-caption-text\">Csillag professzor a pecs\u00e9tgy\u0171r\u0171vel<\/figcaption><\/figure>\n<p>Ugyanekkor kapta meg <em>habilit\u00e1ci\u00f3s oklevel\u00e9t<\/em> <strong>Dr. Alp\u00e1r Al\u00e1n<\/strong> egyetemi docens.<\/p>\n<figure id=\"attachment_2470\" aria-describedby=\"caption-attachment-2470\" style=\"width: 300px\" class=\"wp-caption aligncenter\"><a href=\"https:\/\/semmelweis.hu\/anatomia\/files\/2014\/07\/gyuru-002.jpg\"><img loading=\"lazy\" decoding=\"async\" class=\"wp-image-2470 size-medium\" src=\"https:\/\/semmelweis.hu\/anatomia\/files\/2014\/07\/gyuru-002-300x212.jpg\" alt=\"gyuru--002\" width=\"300\" height=\"212\" srcset=\"https:\/\/semmelweis.hu\/anatomia\/files\/2014\/07\/gyuru-002-300x212.jpg 300w, https:\/\/semmelweis.hu\/anatomia\/files\/2014\/07\/gyuru-002-423x300.jpg 423w, https:\/\/semmelweis.hu\/anatomia\/files\/2014\/07\/gyuru-002.jpg 800w\" sizes=\"auto, (max-width: 300px) 100vw, 300px\" \/><\/a><figcaption id=\"caption-attachment-2470\" class=\"wp-caption-text\">Dr. Alp\u00e1r Al\u00e1n a habilit\u00e1ci\u00f3s oklev\u00e9llel<\/figcaption><\/figure>\n<p>&nbsp;<\/p>\n<p>&nbsp;<\/p>\n","protected":false},"excerpt":{"rendered":"<p>2014. j\u00falius 1-t\u0151l Int\u00e9zet\u00fcnk megb\u00edzott igazgat\u00f3ja: <a title=\"Dr. Gerber G\u00e1bor\" href=\"\/anatomia\/?page_id=2145\">Dr. Gerber G\u00e1bor<\/a> DMD, PhD, egyetemi docens<br \/>\nA <a href=\"https:\/\/semmelweis.hu\/hirek\/2014\/06\/30\/semmelweis-nap-elkezdhetjuk-elvezni-a-valtozasok-gyumolcseit\/\">Semmelweis-napi egyetemi \u00fcnneps\u00e9gen<\/a> vette \u00e1t a lek\u00f6sz\u00f6n\u0151 tansz\u00e9kvezet\u0151knek j\u00e1r\u00f3 arany pecs\u00e9tgy\u0171r\u0171t <a title=\"Dr. Csillag Andr\u00e1s\" href=\"\/anatomia\/?page_id=700\">Dr. Csillag Andr\u00e1s<\/a> professzor, eddigi igazgat\u00f3nk.<br \/>\nUgyanekkor kapta meg habilit\u00e1ci\u00f3s oklevel\u00e9t Dr. Alp\u00e1r Al\u00e1n egyetemi docens.<br \/>\n&nbsp;<br \/>\n&nbsp;<\/p>\n","protected":false},"author":12,"featured_media":6720,"comment_status":"closed","ping_status":"open","sticky":false,"template":"","format":"standard","meta":{"_acf_changed":false,"footnotes":""},"categories":[20,208],"tags":[],"class_list":["post-2424","post","type-post","status-publish","format-standard","has-post-thumbnail","hentry","category-intezeti-hirek","category-kituntetes"],"acf":[],"_links":{"self":[{"href":"https:\/\/semmelweis.hu\/anatomia\/wp-json\/wp\/v2\/posts\/2424","targetHints":{"allow":["GET"]}}],"collection":[{"href":"https:\/\/semmelweis.hu\/anatomia\/wp-json\/wp\/v2\/posts"}],"about":[{"href":"https:\/\/semmelweis.hu\/anatomia\/wp-json\/wp\/v2\/types\/post"}],"author":[{"embeddable":true,"href":"https:\/\/semmelweis.hu\/anatomia\/wp-json\/wp\/v2\/users\/12"}],"replies":[{"embeddable":true,"href":"https:\/\/semmelweis.hu\/anatomia\/wp-json\/wp\/v2\/comments?post=2424"}],"version-history":[{"count":4,"href":"https:\/\/semmelweis.hu\/anatomia\/wp-json\/wp\/v2\/posts\/2424\/revisions"}],"predecessor-version":[{"id":9265,"href":"https:\/\/semmelweis.hu\/anatomia\/wp-json\/wp\/v2\/posts\/2424\/revisions\/9265"}],"wp:featuredmedia":[{"embeddable":true,"href":"https:\/\/semmelweis.hu\/anatomia\/wp-json\/wp\/v2\/media\/6720"}],"wp:attachment":[{"href":"https:\/\/semmelweis.hu\/anatomia\/wp-json\/wp\/v2\/media?parent=2424"}],"wp:term":[{"taxonomy":"category","embeddable":true,"href":"https:\/\/semmelweis.hu\/anatomia\/wp-json\/wp\/v2\/categories?post=2424"},{"taxonomy":"post_tag","embeddable":true,"href":"https:\/\/semmelweis.hu\/anatomia\/wp-json\/wp\/v2\/tags?post=2424"}],"curies":[{"name":"wp","href":"https:\/\/api.w.org\/{rel}","templated":true}]}}