{"id":23145,"date":"2019-05-25T11:01:24","date_gmt":"2019-05-25T09:01:24","guid":{"rendered":"http:\/\/semmelweis.hu\/anatomia\/?p=23145"},"modified":"2020-07-24T15:55:22","modified_gmt":"2020-07-24T13:55:22","slug":"ph-d-napokon-dijnyertes-ph-d-hallgatok","status":"publish","type":"post","link":"https:\/\/semmelweis.hu\/anatomia\/2019\/05\/25\/ph-d-napokon-dijnyertes-ph-d-hallgatok\/","title":{"rendered":"Ph.D. napokon d\u00edjnyertes Ph.D. hallgat\u00f3k"},"content":{"rendered":"<p>Id\u00e9n is megrendez\u00e9sre ker\u00fclt a PhD Tudom\u00e1nyos Napok <strong>2019. \u00e1prilis 25-26.<\/strong>-\u00e1n.<\/p>\n<blockquote class=\"wp-embedded-content\" data-secret=\"nTNZFnjkjJ\"><p><a href=\"https:\/\/semmelweis.hu\/hirek\/2019\/04\/26\/160-eloadast-es-posztert-mutattak-be-a-phd-tudomanyos-napokon\/\">160 el\u0151ad\u00e1st \u00e9s posztert mutattak be a PhD Tudom\u00e1nyos Napokon<\/a><\/p><\/blockquote>\n<p><iframe loading=\"lazy\" class=\"wp-embedded-content\" sandbox=\"allow-scripts\" security=\"restricted\" style=\"position: absolute; clip: rect(1px, 1px, 1px, 1px);\" title=\"&#8220;160 el\u0151ad\u00e1st \u00e9s posztert mutattak be a PhD Tudom\u00e1nyos Napokon&#8221; &#8212; Semmelweis H\u00edrek\" src=\"https:\/\/semmelweis.hu\/hirek\/2019\/04\/26\/160-eloadast-es-posztert-mutattak-be-a-phd-tudomanyos-napokon\/embed\/#?secret=nTNZFnjkjJ\" data-secret=\"nTNZFnjkjJ\" width=\"600\" height=\"338\" frameborder=\"0\" marginwidth=\"0\" marginheight=\"0\" scrolling=\"no\"><\/iframe><\/p>\n<p>Int\u00e9zet\u00fcnk Ph.D. hallgat\u00f3i k\u00f6z\u00fcl ketten is a Ph.D napok d\u00edjazottjai k\u00f6z\u00e9 ker\u00fcltek poszter-bemutat\u00f3jukkal:<\/p>\n<ul>\n<li>\n<h3>Halasy Vikt\u00f3ria (t\u00e9mavezet\u0151je Dr. Nagy N\u00e1ndor)<\/h3>\n<\/li>\n<li>\n<h3>Zahola P\u00e9ter (t\u00e9mavezet\u0151je Dr. Alp\u00e1r Al\u00e1n)<\/h3>\n<\/li>\n<\/ul>\n<p><a href=\"https:\/\/semmelweis.hu\/anatomia\/files\/2019\/07\/PHDTudNapok_nyertesek_2019.pdf\">PHDTudNapok_nyertesek_2019<\/a><\/p>\n","protected":false},"excerpt":{"rendered":"<p>Id\u00e9n is megrendez\u00e9sre ker\u00fclt a PhD Tudom\u00e1nyos Napok 2019. \u00e1prilis 25-26.-\u00e1n.<br \/>\n<a href=\"https:\/\/semmelweis.hu\/hirek\/2019\/04\/26\/160-eloadast-es-posztert-mutattak-be-a-phd-tudomanyos-napokon\/\">160 el\u0151ad\u00e1st \u00e9s posztert mutattak be a PhD Tudom\u00e1nyos Napokon<\/a><\/p>\n<p>Int\u00e9zet\u00fcnk Ph.D. hallgat\u00f3i k\u00f6z\u00fcl ketten is a Ph.D napok d\u00edjazottjai k\u00f6z\u00e9 ker\u00fcltek poszter-bemutat\u00f3jukkal:<\/p>\n<p>Halasy Vikt\u00f3ria (t\u00e9mavezet\u0151je Dr. Nagy N\u00e1ndor)<\/p>\n<p>Zahola P\u00e9ter (t\u00e9mavezet\u0151je Dr. Alp\u00e1r Al\u00e1n)<\/p>\n<p><a href=\"https:\/\/semmelweis.hu\/anatomia\/files\/2019\/07\/PHDTudNapok_nyertesek_2019.pdf\">PHDTudNapok_nyertesek_2019<\/a><\/p>\n","protected":false},"author":101248,"featured_media":17921,"comment_status":"closed","ping_status":"closed","sticky":false,"template":"","format":"standard","meta":{"_acf_changed":false,"footnotes":""},"categories":[210],"tags":[],"class_list":["post-23145","post","type-post","status-publish","format-standard","has-post-thumbnail","hentry","category-tudomany"],"acf":[],"_links":{"self":[{"href":"https:\/\/semmelweis.hu\/anatomia\/wp-json\/wp\/v2\/posts\/23145","targetHints":{"allow":["GET"]}}],"collection":[{"href":"https:\/\/semmelweis.hu\/anatomia\/wp-json\/wp\/v2\/posts"}],"about":[{"href":"https:\/\/semmelweis.hu\/anatomia\/wp-json\/wp\/v2\/types\/post"}],"author":[{"embeddable":true,"href":"https:\/\/semmelweis.hu\/anatomia\/wp-json\/wp\/v2\/users\/101248"}],"replies":[{"embeddable":true,"href":"https:\/\/semmelweis.hu\/anatomia\/wp-json\/wp\/v2\/comments?post=23145"}],"version-history":[{"count":4,"href":"https:\/\/semmelweis.hu\/anatomia\/wp-json\/wp\/v2\/posts\/23145\/revisions"}],"predecessor-version":[{"id":27387,"href":"https:\/\/semmelweis.hu\/anatomia\/wp-json\/wp\/v2\/posts\/23145\/revisions\/27387"}],"wp:featuredmedia":[{"embeddable":true,"href":"https:\/\/semmelweis.hu\/anatomia\/wp-json\/wp\/v2\/media\/17921"}],"wp:attachment":[{"href":"https:\/\/semmelweis.hu\/anatomia\/wp-json\/wp\/v2\/media?parent=23145"}],"wp:term":[{"taxonomy":"category","embeddable":true,"href":"https:\/\/semmelweis.hu\/anatomia\/wp-json\/wp\/v2\/categories?post=23145"},{"taxonomy":"post_tag","embeddable":true,"href":"https:\/\/semmelweis.hu\/anatomia\/wp-json\/wp\/v2\/tags?post=23145"}],"curies":[{"name":"wp","href":"https:\/\/api.w.org\/{rel}","templated":true}]}}