{"id":23120,"date":"2019-06-28T12:53:15","date_gmt":"2019-06-28T10:53:15","guid":{"rendered":"http:\/\/semmelweis.hu\/anatomia\/?p=23120"},"modified":"2019-09-06T15:31:59","modified_gmt":"2019-09-06T13:31:59","slug":"lenhossek-emlekerem-dr-bodi-ildiko","status":"publish","type":"post","link":"https:\/\/semmelweis.hu\/anatomia\/2019\/06\/28\/lenhossek-emlekerem-dr-bodi-ildiko\/","title":{"rendered":"Lenhoss\u00e9k eml\u00e9k\u00e9rem: Dr. B\u00f3di Ildik\u00f3"},"content":{"rendered":"<p style=\"text-align: justify\">A Magyar Anat\u00f3mus T\u00e1rsas\u00e1g (MAT) idei konferenci\u00e1j\u00e1t a FAM\u00c9 2019 \u2013 Magyar K\u00eds\u00e9rletes \u00e9s Klinikai Farmakol\u00f3giai T\u00e1rsas\u00e1g, Magyar Anat\u00f3mus T\u00e1rsas\u00e1g, Magyar Mikrocirkul\u00e1ci\u00f3s \u00e9s Vaszkul\u00e1ris Biol\u00f3giai T\u00e1rsas\u00e1g, Magyar \u00c9lettani T\u00e1rsas\u00e1g \u2013 k\u00f6z\u00f6s v\u00e1ndorgy\u0171l\u00e9se keret\u00e9ben ker\u00fclt megrendez\u00e9sre a Semmelweis Egyetemen. A nemzetk\u00f6zi r\u00e9szv\u00e9tellel megtartott konferencia keret\u00e9ben ker\u00fclt \u00e1tad\u00e1sra a\u00a0<strong>Lenhoss\u00e9k Mih\u00e1ly eml\u00e9k\u00e9rem<\/strong>\u00a0\u00e9s jutalomd\u00edj, melyet a T\u00e1rsas\u00e1g 1973-ban alap\u00edtott, a magyar anat\u00f3mia kiemelked\u0151 alakj\u00e1nak eml\u00e9kezet\u00e9re. Az eml\u00e9k\u00e9rem c\u00e9lja, hogy \u00f6szt\u00f6n\u00f6zze fiatal anat\u00f3mus, hisztol\u00f3gus, embryol\u00f3gus kutat\u00f3k tudom\u00e1nyos munk\u00e1j\u00e1t, lehet\u0151s\u00e9get adjon kiemelked\u0151 eredm\u00e9nyek elismer\u00e9s\u00e9re, \u00e9s \u00edgy hozz\u00e1j\u00e1ruljon a magas szint\u0171 anat\u00f3mus ut\u00e1np\u00f3tl\u00e1s fenntart\u00e1s\u00e1hoz.<\/p>\n<p style=\"text-align: justify\">A b\u00edr\u00e1l\u00f3 bizotts\u00e1g d\u00f6nt\u00e9se alapj\u00e1n munkat\u00e1rsunk <strong>Dr. B\u00f3di Ildik\u00f3<\/strong> nyerte el az eml\u00e9k\u00e9rmet, melyet Dr. Gerber G\u00e1bor, a T\u00e1rsas\u00e1g eln\u00f6ke \u00e9s Dr. Alp\u00e1r Al\u00e1n, a T\u00e1rsas\u00e1g f\u0151titk\u00e1ra adott \u00e1t az \u00fcnnepi szekci\u00f3 keret\u00e9ben.<\/p>\n<p><img loading=\"lazy\" decoding=\"async\" class=\"size-medium wp-image-23121 aligncenter\" src=\"https:\/\/semmelweis.hu\/anatomia\/files\/2019\/06\/k\u00e9p-300x233.jpg\" alt=\"\" width=\"300\" height=\"233\" srcset=\"https:\/\/semmelweis.hu\/anatomia\/files\/2019\/06\/k\u00e9p-300x233.jpg 300w, https:\/\/semmelweis.hu\/anatomia\/files\/2019\/06\/k\u00e9p-768x598.jpg 768w, https:\/\/semmelweis.hu\/anatomia\/files\/2019\/06\/k\u00e9p-1024x797.jpg 1024w, https:\/\/semmelweis.hu\/anatomia\/files\/2019\/06\/k\u00e9p-386x300.jpg 386w, https:\/\/semmelweis.hu\/anatomia\/files\/2019\/06\/k\u00e9p.jpg 1383w\" sizes=\"auto, (max-width: 300px) 100vw, 300px\" \/><\/p>\n","protected":false},"excerpt":{"rendered":"<p>A Magyar Anat\u00f3mus T\u00e1rsas\u00e1g (MAT) idei konferenci\u00e1j\u00e1t a FAM\u00c9 2019 \u2013 Magyar K\u00eds\u00e9rletes \u00e9s Klinikai Farmakol\u00f3giai T\u00e1rsas\u00e1g, Magyar Anat\u00f3mus T\u00e1rsas\u00e1g, Magyar Mikrocirkul\u00e1ci\u00f3s \u00e9s Vaszkul\u00e1ris Biol\u00f3giai T\u00e1rsas\u00e1g, Magyar \u00c9lettani T\u00e1rsas\u00e1g \u2013 k\u00f6z\u00f6s v\u00e1ndorgy\u0171l\u00e9se keret\u00e9ben ker\u00fclt megrendez\u00e9sre a Semmelweis Egyetemen. A nemzetk\u00f6zi r\u00e9szv\u00e9tellel megtartott konferencia keret\u00e9ben ker\u00fclt \u00e1tad\u00e1sra a\u00a0Lenhoss\u00e9k Mih\u00e1ly eml\u00e9k\u00e9rem\u00a0\u00e9s jutalomd\u00edj, melyet a T\u00e1rsas\u00e1g 1973-ban alap\u00edtott, &hellip;<\/p>\n","protected":false},"author":101434,"featured_media":23121,"comment_status":"closed","ping_status":"closed","sticky":false,"template":"","format":"standard","meta":{"_acf_changed":false,"footnotes":""},"categories":[210],"tags":[],"class_list":["post-23120","post","type-post","status-publish","format-standard","has-post-thumbnail","hentry","category-tudomany"],"acf":[],"_links":{"self":[{"href":"https:\/\/semmelweis.hu\/anatomia\/wp-json\/wp\/v2\/posts\/23120","targetHints":{"allow":["GET"]}}],"collection":[{"href":"https:\/\/semmelweis.hu\/anatomia\/wp-json\/wp\/v2\/posts"}],"about":[{"href":"https:\/\/semmelweis.hu\/anatomia\/wp-json\/wp\/v2\/types\/post"}],"author":[{"embeddable":true,"href":"https:\/\/semmelweis.hu\/anatomia\/wp-json\/wp\/v2\/users\/101434"}],"replies":[{"embeddable":true,"href":"https:\/\/semmelweis.hu\/anatomia\/wp-json\/wp\/v2\/comments?post=23120"}],"version-history":[{"count":2,"href":"https:\/\/semmelweis.hu\/anatomia\/wp-json\/wp\/v2\/posts\/23120\/revisions"}],"predecessor-version":[{"id":23135,"href":"https:\/\/semmelweis.hu\/anatomia\/wp-json\/wp\/v2\/posts\/23120\/revisions\/23135"}],"wp:featuredmedia":[{"embeddable":true,"href":"https:\/\/semmelweis.hu\/anatomia\/wp-json\/wp\/v2\/media\/23121"}],"wp:attachment":[{"href":"https:\/\/semmelweis.hu\/anatomia\/wp-json\/wp\/v2\/media?parent=23120"}],"wp:term":[{"taxonomy":"category","embeddable":true,"href":"https:\/\/semmelweis.hu\/anatomia\/wp-json\/wp\/v2\/categories?post=23120"},{"taxonomy":"post_tag","embeddable":true,"href":"https:\/\/semmelweis.hu\/anatomia\/wp-json\/wp\/v2\/tags?post=23120"}],"curies":[{"name":"wp","href":"https:\/\/api.w.org\/{rel}","templated":true}]}}