{"id":22666,"date":"2019-04-18T11:54:54","date_gmt":"2019-04-18T09:54:54","guid":{"rendered":"http:\/\/semmelweis.hu\/anatomia\/?p=22666"},"modified":"2019-05-03T20:49:39","modified_gmt":"2019-05-03T18:49:39","slug":"disztemetes-2019","status":"publish","type":"post","link":"https:\/\/semmelweis.hu\/anatomia\/2019\/04\/18\/disztemetes-2019\/","title":{"rendered":"D\u00edsztemet\u00e9s 2019"},"content":{"rendered":"<p><img loading=\"lazy\" decoding=\"async\" class=\"alignnone size-medium wp-image-12678\" src=\"https:\/\/semmelweis.hu\/anatomia\/files\/2017\/07\/n\u00e9vtelen-300x225.jpg\" alt=\"\" width=\"300\" height=\"225\" srcset=\"https:\/\/semmelweis.hu\/anatomia\/files\/2017\/07\/n\u00e9vtelen-300x225.jpg 300w, https:\/\/semmelweis.hu\/anatomia\/files\/2017\/07\/n\u00e9vtelen-400x300.jpg 400w, https:\/\/semmelweis.hu\/anatomia\/files\/2017\/07\/n\u00e9vtelen.jpg 606w\" sizes=\"auto, (max-width: 300px) 100vw, 300px\" \/><\/p>\n<p>Tisztelt l\u00e1togat\u00f3, kedves hallgat\u00f3k, koll\u00e9g\u00e1k!<\/p>\n<p>Ez\u00faton is megh\u00edvunk mindenkit azon elhunytak b\u00facs\u00faztat\u00e1s\u00e1ra, kik holttest\u00fck felaj\u00e1nl\u00e1s\u00e1val seg\u00edtett\u00e9k az anat\u00f3mia oktat\u00e1s\u00e1t. R\u00e9szletek <a href=\"https:\/\/semmelweis.hu\/anatomia\/files\/2019\/04\/d\u00edsztemet\u00e9s-megh\u00edv\u00f32019.pdf\" target=\"_blank\" rel=\"noopener noreferrer\">ezen a linken<\/a>.<\/p>\n<p>Az esem\u00e9nyr\u0151l k\u00e9sz\u00fclt r\u00f6vid, k\u00e9pes besz\u00e1mol\u00f3nkat <a href=\"https:\/\/semmelweis.hu\/anatomia\/files\/2019\/04\/DI\u0301SZTEMETE\u0301S-2019-pdf.pdf\" target=\"_blank\" rel=\"noopener noreferrer\">itt tekinthetik meg<\/a>.<\/p>\n<figure id=\"attachment_22818\" aria-describedby=\"caption-attachment-22818\" style=\"width: 500px\" class=\"wp-caption aligncenter\"><a href=\"https:\/\/semmelweis.hu\/anatomia\/files\/2019\/04\/20190426_105928a.jpg\"><img loading=\"lazy\" decoding=\"async\" class=\"wp-image-22818\" src=\"https:\/\/semmelweis.hu\/anatomia\/files\/2019\/04\/20190426_105928a-1024x576.jpg\" alt=\"D\u00edsztemet\u00e9s 2019.\" width=\"500\" height=\"281\" srcset=\"https:\/\/semmelweis.hu\/anatomia\/files\/2019\/04\/20190426_105928a-1024x576.jpg 1024w, https:\/\/semmelweis.hu\/anatomia\/files\/2019\/04\/20190426_105928a-300x169.jpg 300w, https:\/\/semmelweis.hu\/anatomia\/files\/2019\/04\/20190426_105928a-768x432.jpg 768w, https:\/\/semmelweis.hu\/anatomia\/files\/2019\/04\/20190426_105928a-533x300.jpg 533w, https:\/\/semmelweis.hu\/anatomia\/files\/2019\/04\/20190426_105928a.jpg 1717w\" sizes=\"auto, (max-width: 500px) 100vw, 500px\" \/><\/a><figcaption id=\"caption-attachment-22818\" class=\"wp-caption-text\">D\u00edsztemet\u00e9s 2019.<\/figcaption><\/figure>\n<p>&nbsp;<\/p>\n","protected":false},"excerpt":{"rendered":"<p>Tisztelt l\u00e1togat\u00f3, kedves hallgat\u00f3k, koll\u00e9g\u00e1k!<br \/>\nEz\u00faton is megh\u00edvunk mindenkit azon elhunytak b\u00facs\u00faztat\u00e1s\u00e1ra, kik holttest\u00fck felaj\u00e1nl\u00e1s\u00e1val seg\u00edtett\u00e9k az anat\u00f3mia oktat\u00e1s\u00e1t. R\u00e9szletek <a href=\"https:\/\/semmelweis.hu\/anatomia\/files\/2019\/04\/d\u00edsztemet\u00e9s-megh\u00edv\u00f32019.pdf\" target=\"_blank\" rel=\"noopener noreferrer\">ezen a linken<\/a>.<br \/>\nAz esem\u00e9nyr\u0151l k\u00e9sz\u00fclt r\u00f6vid, k\u00e9pes besz\u00e1mol\u00f3nkat <a href=\"https:\/\/semmelweis.hu\/anatomia\/files\/2019\/04\/DI\u0301SZTEMETE\u0301S-2019-pdf.pdf\" target=\"_blank\" rel=\"noopener noreferrer\">itt tekinthetik meg<\/a>.<br \/>\n&nbsp;<\/p>\n","protected":false},"author":101246,"featured_media":22818,"comment_status":"closed","ping_status":"closed","sticky":false,"template":"","format":"standard","meta":{"_acf_changed":false,"footnotes":""},"categories":[20,212],"tags":[],"class_list":["post-22666","post","type-post","status-publish","format-standard","has-post-thumbnail","hentry","category-intezeti-hirek","category-kegyelet"],"acf":[],"_links":{"self":[{"href":"https:\/\/semmelweis.hu\/anatomia\/wp-json\/wp\/v2\/posts\/22666","targetHints":{"allow":["GET"]}}],"collection":[{"href":"https:\/\/semmelweis.hu\/anatomia\/wp-json\/wp\/v2\/posts"}],"about":[{"href":"https:\/\/semmelweis.hu\/anatomia\/wp-json\/wp\/v2\/types\/post"}],"author":[{"embeddable":true,"href":"https:\/\/semmelweis.hu\/anatomia\/wp-json\/wp\/v2\/users\/101246"}],"replies":[{"embeddable":true,"href":"https:\/\/semmelweis.hu\/anatomia\/wp-json\/wp\/v2\/comments?post=22666"}],"version-history":[{"count":6,"href":"https:\/\/semmelweis.hu\/anatomia\/wp-json\/wp\/v2\/posts\/22666\/revisions"}],"predecessor-version":[{"id":22821,"href":"https:\/\/semmelweis.hu\/anatomia\/wp-json\/wp\/v2\/posts\/22666\/revisions\/22821"}],"wp:featuredmedia":[{"embeddable":true,"href":"https:\/\/semmelweis.hu\/anatomia\/wp-json\/wp\/v2\/media\/22818"}],"wp:attachment":[{"href":"https:\/\/semmelweis.hu\/anatomia\/wp-json\/wp\/v2\/media?parent=22666"}],"wp:term":[{"taxonomy":"category","embeddable":true,"href":"https:\/\/semmelweis.hu\/anatomia\/wp-json\/wp\/v2\/categories?post=22666"},{"taxonomy":"post_tag","embeddable":true,"href":"https:\/\/semmelweis.hu\/anatomia\/wp-json\/wp\/v2\/tags?post=22666"}],"curies":[{"name":"wp","href":"https:\/\/api.w.org\/{rel}","templated":true}]}}