{"id":21604,"date":"2019-02-14T10:37:40","date_gmt":"2019-02-14T09:37:40","guid":{"rendered":"http:\/\/semmelweis.hu\/anatomia\/?p=21604"},"modified":"2019-02-18T15:19:47","modified_gmt":"2019-02-18T14:19:47","slug":"21604","status":"publish","type":"post","link":"https:\/\/semmelweis.hu\/anatomia\/2019\/02\/14\/21604\/","title":{"rendered":"Kiv\u00e1l\u00f3 TDK-hallgat\u00f3"},"content":{"rendered":"<div dir=\"ltr\">\n<div style=\"color: #000000;font-family: 'Calibri';font-size: 12pt\">\n<div>\n<p style=\"text-align: justify\"><strong>Dr. Keller D\u00e1vid<\/strong> PhD hallgat\u00f3nk kit\u00fcntet\u00e9st vehetett \u00e1t Dr. Merkely B\u00e9l\u00e1t\u00f3l, Egyetem\u00fcnk rektor\u00e1t\u00f3l 2019. febru\u00e1r 13-\u00e1n a TDK konferenci\u00e1n az elm\u00falt 4 \u00e9v TDK-s teljes\u00edtm\u00e9ny\u00e9\u00e9rt. Egy nemzetk\u00f6zi, impakt faktoros k\u00f6zlem\u00e9ny els\u0151 szerz\u0151je, valamint k\u00e9t nemzetk\u00f6zi foly\u00f3iratban megjelent tanulm\u00e1nyban m\u00e1sodszerz\u0151k\u00e9nt szerepel; a Magyar Anat\u00f3mus T\u00e1rsas\u00e1g k\u00fcl\u00f6nd\u00edj\u00e1t is elnyerte. Sz\u00e1mos nemzetk\u00f6zi \u00e9s hazai konferenci\u00e1n szerepelt d\u00edjazott els\u0151szerz\u0151s el\u0151ad\u00f3k\u00e9nt \u00e9s t\u00e1rsszerz\u0151k\u00e9nt. A Semmelweis Egyetem Kiv\u00e1l\u00f3s\u00e1gi List\u00e1j\u00e1nak illetve a Kerpel-Fronius \u00d6d\u00f6n Tehets\u00e9ggondoz\u00f3 programj\u00e1nak tagja 2017-t\u0151l. Ezent\u00fal 2016 \u00f3ta a Budapesti Orvostanhallgat\u00f3k Egyes\u00fclet\u00e9nek vezet\u0151s\u00e9gi tagja. 2018-t\u00f3l tudom\u00e1nyos munk\u00e1j\u00e1t a Semmelweis Egyetem Anat\u00f3miai, Sz\u00f6vet- \u00e9s Fejl\u0151d\u00e9stani Int\u00e9zetben folytatja.<\/p>\n<p style=\"text-align: justify\">T\u00e9mavezet\u0151je, <strong>Dr. Dobolyi \u00c1rp\u00e1d<\/strong> oklevelet vehetett \u00e1t.<\/p>\n<\/div>\n<div style=\"color: #000000;font-family: 'Calibri';font-size: small;font-style: normal;font-weight: normal;text-decoration: none\">\n<div>\u00a0<\/div>\n<div><img loading=\"lazy\" decoding=\"async\" class=\"size-medium wp-image-21625 aligncenter\" src=\"https:\/\/semmelweis.hu\/anatomia\/files\/2019\/02\/RS89816_IMG_9098-scr-300x200.jpg\" alt=\"\" width=\"300\" height=\"200\" srcset=\"https:\/\/semmelweis.hu\/anatomia\/files\/2019\/02\/RS89816_IMG_9098-scr-300x200.jpg 300w, https:\/\/semmelweis.hu\/anatomia\/files\/2019\/02\/RS89816_IMG_9098-scr-768x512.jpg 768w, https:\/\/semmelweis.hu\/anatomia\/files\/2019\/02\/RS89816_IMG_9098-scr-450x300.jpg 450w, https:\/\/semmelweis.hu\/anatomia\/files\/2019\/02\/RS89816_IMG_9098-scr.jpg 950w\" sizes=\"auto, (max-width: 300px) 100vw, 300px\" \/><\/div>\n<div><img loading=\"lazy\" decoding=\"async\" class=\"size-medium wp-image-21626 aligncenter\" src=\"https:\/\/semmelweis.hu\/anatomia\/files\/2019\/02\/RS89815_IMG_9100-scr-300x200.jpg\" alt=\"\" width=\"300\" height=\"200\" srcset=\"https:\/\/semmelweis.hu\/anatomia\/files\/2019\/02\/RS89815_IMG_9100-scr-300x200.jpg 300w, https:\/\/semmelweis.hu\/anatomia\/files\/2019\/02\/RS89815_IMG_9100-scr-768x512.jpg 768w, https:\/\/semmelweis.hu\/anatomia\/files\/2019\/02\/RS89815_IMG_9100-scr-450x300.jpg 450w, https:\/\/semmelweis.hu\/anatomia\/files\/2019\/02\/RS89815_IMG_9100-scr.jpg 950w\" sizes=\"auto, (max-width: 300px) 100vw, 300px\" \/><br \/>\n<img loading=\"lazy\" decoding=\"async\" class=\"wp-image-21608 aligncenter\" src=\"https:\/\/semmelweis.hu\/anatomia\/files\/2019\/02\/RS80661_IMG_4403-scr-200x300.jpg\" alt=\"\" width=\"214\" height=\"321\" srcset=\"https:\/\/semmelweis.hu\/anatomia\/files\/2019\/02\/RS80661_IMG_4403-scr-200x300.jpg 200w, https:\/\/semmelweis.hu\/anatomia\/files\/2019\/02\/RS80661_IMG_4403-scr.jpg 500w\" sizes=\"auto, (max-width: 214px) 100vw, 214px\" \/><\/div>\n<div>\u00a0<strong>Tov\u00e1bbi inform\u00e1ci\u00f3:<\/strong><\/div>\n<div>https:\/\/semmelweis.hu\/hirek\/2019\/02\/13\/tobb-mint-380-eloadas-az-idei-tdk-konferencian\/<\/p>\n<\/div>\n<\/div>\n<\/div>\n<\/div>\n<p>&nbsp;<\/p>\n","protected":false},"excerpt":{"rendered":"<p>Dr. Keller D\u00e1vid PhD hallgat\u00f3nk kit\u00fcntet\u00e9st vehetett \u00e1t Dr. Merkely B\u00e9l\u00e1t\u00f3l, Egyetem\u00fcnk rektor\u00e1t\u00f3l 2019. febru\u00e1r 13-\u00e1n a TDK konferenci\u00e1n az elm\u00falt 4 \u00e9v TDK-s teljes\u00edtm\u00e9ny\u00e9\u00e9rt. Egy nemzetk\u00f6zi, impakt faktoros k\u00f6zlem\u00e9ny els\u0151 szerz\u0151je, valamint k\u00e9t nemzetk\u00f6zi foly\u00f3iratban megjelent tanulm\u00e1nyban m\u00e1sodszerz\u0151k\u00e9nt szerepel; a Magyar Anat\u00f3mus T\u00e1rsas\u00e1g k\u00fcl\u00f6nd\u00edj\u00e1t is elnyerte. Sz\u00e1mos nemzetk\u00f6zi \u00e9s hazai konferenci\u00e1n szerepelt d\u00edjazott els\u0151szerz\u0151s &hellip;<\/p>\n","protected":false},"author":101434,"featured_media":21626,"comment_status":"closed","ping_status":"closed","sticky":false,"template":"","format":"standard","meta":{"_acf_changed":false,"footnotes":""},"categories":[210],"tags":[],"class_list":["post-21604","post","type-post","status-publish","format-standard","has-post-thumbnail","hentry","category-tudomany"],"acf":[],"_links":{"self":[{"href":"https:\/\/semmelweis.hu\/anatomia\/wp-json\/wp\/v2\/posts\/21604","targetHints":{"allow":["GET"]}}],"collection":[{"href":"https:\/\/semmelweis.hu\/anatomia\/wp-json\/wp\/v2\/posts"}],"about":[{"href":"https:\/\/semmelweis.hu\/anatomia\/wp-json\/wp\/v2\/types\/post"}],"author":[{"embeddable":true,"href":"https:\/\/semmelweis.hu\/anatomia\/wp-json\/wp\/v2\/users\/101434"}],"replies":[{"embeddable":true,"href":"https:\/\/semmelweis.hu\/anatomia\/wp-json\/wp\/v2\/comments?post=21604"}],"version-history":[{"count":10,"href":"https:\/\/semmelweis.hu\/anatomia\/wp-json\/wp\/v2\/posts\/21604\/revisions"}],"predecessor-version":[{"id":21672,"href":"https:\/\/semmelweis.hu\/anatomia\/wp-json\/wp\/v2\/posts\/21604\/revisions\/21672"}],"wp:featuredmedia":[{"embeddable":true,"href":"https:\/\/semmelweis.hu\/anatomia\/wp-json\/wp\/v2\/media\/21626"}],"wp:attachment":[{"href":"https:\/\/semmelweis.hu\/anatomia\/wp-json\/wp\/v2\/media?parent=21604"}],"wp:term":[{"taxonomy":"category","embeddable":true,"href":"https:\/\/semmelweis.hu\/anatomia\/wp-json\/wp\/v2\/categories?post=21604"},{"taxonomy":"post_tag","embeddable":true,"href":"https:\/\/semmelweis.hu\/anatomia\/wp-json\/wp\/v2\/tags?post=21604"}],"curies":[{"name":"wp","href":"https:\/\/api.w.org\/{rel}","templated":true}]}}