{"id":21267,"date":"2019-01-29T10:00:49","date_gmt":"2019-01-29T09:00:49","guid":{"rendered":"http:\/\/semmelweis.hu\/anatomia\/?page_id=21267"},"modified":"2019-09-05T18:26:52","modified_gmt":"2019-09-05T16:26:52","slug":"2018-2019-second-semester","status":"publish","type":"post","link":"https:\/\/semmelweis.hu\/anatomia\/en\/2019\/01\/29\/2018-2019-second-semester\/","title":{"rendered":"2018\/2019 Second semester"},"content":{"rendered":"<p>Department lecture materials (ppt, pdf) can be downloaded from &#8222;<a href=\"https:\/\/semmelweis.hu\/anatomia\/category\/lectures\/\" target=\"_blank\" rel=\"noopener noreferrer\">Lectures<\/a>&#8222;, after login.<\/p>\n<p><span style=\"font-size: 12pt\">For the electronic exam every student must have an access to the Semmelweis University <a href=\"http:\/\/itc.semmelweis.hu\/moodle\/?lang=en\" target=\"_blank\" rel=\"noopener noreferrer\">E-learning (Moodle)<\/a> site via &#8222;SeKA&#8221;.<br \/>\n<\/span><span style=\"font-size: 12pt\">Help: <a href=\"https:\/\/seka.semmelweis.hu\/en\" target=\"_blank\" rel=\"noopener noreferrer\">Semmelweis University Central Authentication<\/a><\/span><\/p>\n<hr \/>\n<div class=\"responsive-tabs\">\n<h2 class=\"tabtitle\">EM I-II.<\/h2>\n<div class=\"tabcontent\">\n\n<h3><strong>Course directors: <\/strong><\/h3>\n<ul>\n<li><strong>EM I.:<\/strong>\u00a0Dr. Andrea D. Sz\u00e9kely &#8211;<a href=\"mailto:szekely.andrea@med.semmelweis-univ.hu\"> e-mail<\/a><\/li>\n<li><strong>EM II.:<\/strong> Dr. S\u00e1ndor Katz &#8211; <a href=\"mailto:katz.sandor@med.semmelweis-univ.hu\">e-mail<\/a><\/li>\n<\/ul>\n<h3><strong>Faculty of Medicine:<\/strong><\/h3>\n<p><strong>EM I.<\/strong><\/p>\n<ul>\n<li><a href=\"https:\/\/semmelweis.hu\/anatomia\/files\/2019\/05\/EM-I-ana2-2019-semifinal-examination-announcement.pdf\" target=\"_blank\" rel=\"noopener noreferrer\">Semifinal examination announcement<\/a> (ana2)<\/li>\n<li><a href=\"https:\/\/semmelweis.hu\/anatomia\/files\/2019\/05\/CV-semi-final-examination-announcement.pdf\" target=\"_blank\" rel=\"noopener noreferrer\">CV semifinal examination announcement<\/a><\/li>\n<li><a href=\"https:\/\/semmelweis.hu\/anatomia\/files\/2019\/05\/konzult%C3%A1ci%C3%B3k2019.jpg\" target=\"_blank\" rel=\"noopener noreferrer\"><strong>Dissection room consultations <\/strong><\/a>(possibilities for individ. repetition) for the exams<\/li>\n<li><strong>Competition: <a href=\"https:\/\/semmelweis.hu\/anatomia\/files\/2019\/05\/2019-EM-I-verseny-v\u00e9geredm\u00e9ny.pdf\" target=\"_blank\" rel=\"noopener noreferrer\">results of the 2nd round<\/a> &#8211;\u00a0<\/strong> <a href=\"https:\/\/semmelweis.hu\/anatomia\/files\/2019\/05\/2019-EM-I-verseny-els\u0151-fordul\u00f3-eredm\u00e9nyek.pdf\" target=\"_blank\" rel=\"noopener noreferrer\">results of the 1st round<\/a><\/li>\n<li><span style=\"font-size: 14pt\"><strong><a href=\"https:\/\/semmelweis.hu\/anatomia\/files\/2019\/03\/em1compet2019.pdf\" target=\"_blank\" rel=\"noopener noreferrer\">Competition announcement for EM I. students<\/a><\/strong><\/span><\/li>\n<li>EM I: <a href=\"https:\/\/semmelweis.hu\/anatomia\/education\/2018-2019-second-semester\/video-consultation\/\">Video consultation<\/a> for the midterm<\/li>\n<li><a href=\"https:\/\/semmelweis.hu\/anatomia\/files\/2019\/01\/preliminary-EM-I-ana2-Anatomy-handbook-2019-February.pdf\" target=\"_blank\" rel=\"noopener noreferrer\"><strong>Handbook for EM I<\/strong><\/a><\/li>\n<li><a href=\"https:\/\/semmelweis.hu\/anatomia\/files\/2018\/05\/Tanterem-angol.pdf\" target=\"_blank\" rel=\"noopener noreferrer\">Rules of the lecture hall<\/a><\/li>\n<\/ul>\n<p><strong>EM II.<\/strong><\/p>\n<ul>\n<li><span style=\"font-size: 14pt\"><strong><a href=\"https:\/\/semmelweis.hu\/anatomia\/files\/2019\/05\/information-about-the-final-exam.pdf\" target=\"_blank\" rel=\"noopener noreferrer\">Information about the final exam<\/a><\/strong><\/span><\/li>\n<li><span style=\"font-size: 14pt\"><strong><a href=\"https:\/\/semmelweis.hu\/anatomia\/files\/2019\/08\/vizsgaid\u0151szak-augusztus.pdf\" target=\"_blank\" rel=\"noopener noreferrer\">Dissection room consultations<\/a><\/strong><\/span> (possibilities for individ. repetition) before the final exam<\/li>\n<li><a href=\"https:\/\/semmelweis.hu\/anatomia\/files\/2019\/04\/konz-dem\u00f3-el\u0151tt-\u00e1prilis.pdf\" target=\"_blank\" rel=\"noopener noreferrer\">Dissection room consultations <\/a>(possibilities for individ. repetition) before the midterm<\/li>\n<li><span style=\"font-size: 12pt\"><a href=\"https:\/\/semmelweis.hu\/anatomia\/files\/2019\/04\/2nd_gross_anatomy_midterm_.pdf\" target=\"_blank\" rel=\"noopener noreferrer\">2<sup>nd<\/sup> Anatomy Midterm<\/a><\/span><\/li>\n<li><span style=\"font-size: 12pt\"><a href=\"https:\/\/semmelweis.hu\/anatomia\/files\/2019\/04\/competition-2019-spring-semester.pdf\" target=\"_blank\" rel=\"noopener noreferrer\">Competition announcement for EM II. students<\/a><\/span><\/li>\n<li><span style=\"font-size: 12pt\"><a href=\"https:\/\/semmelweis.hu\/anatomia\/files\/2019\/03\/1st_gross_anatomy_midterm_EM4.pdf\" target=\"_blank\" rel=\"noopener noreferrer\">Anatomy Midterm<\/a><\/span><\/li>\n<li><a href=\"https:\/\/semmelweis.hu\/anatomia\/files\/2019\/03\/konz-dem\u00f3-el\u0151tt-m\u00e1rc.pdf\" target=\"_blank\" rel=\"noopener noreferrer\">Dissection room consultations <\/a>(possibilities for individ. repetition) before the midterm<\/li>\n<li><a href=\"https:\/\/semmelweis.hu\/anatomia\/files\/2019\/02\/weekly-curriculum-4th-semester.pdf\" target=\"_blank\" rel=\"noopener noreferrer\">weekly curriculum 4th semester<\/a><\/li>\n<li><a href=\"https:\/\/semmelweis.hu\/anatomia\/files\/2018\/05\/Tanterem-angol.pdf\" target=\"_blank\" rel=\"noopener noreferrer\">Rules of the lecture hall<\/a><\/li>\n<\/ul>\n\n<\/div><h2 class=\"tabtitle\">ED I-II.<\/h2>\n<div class=\"tabcontent\">\n\n<h3><strong>Course director: <\/strong><\/h3>\n<ul>\n<li><strong>ED I-II.:<\/strong> Dr. Andrea D. Sz\u00e9kely &#8211;<a href=\"mailto:szekely.andrea@med.semmelweis-univ.hu\"> e-mail<\/a><\/li>\n<\/ul>\n<h3><strong>Faculty of Dentistry:<\/strong><\/h3>\n<ul>\n<li>ED I: <a href=\"https:\/\/semmelweis.hu\/anatomia\/files\/2019\/05\/ED-I-ana2-2019-semifinal-announcement.pdf\" target=\"_blank\" rel=\"noopener noreferrer\">semifinal examination announcement<\/a><\/li>\n<li>ED I: <a href=\"https:\/\/semmelweis.hu\/anatomia\/files\/2019\/05\/CV-semi-final-examination-announcement.pdf\" target=\"_blank\" rel=\"noopener noreferrer\">CV semifinal examination announcement<\/a><\/li>\n<li>ED II: <a href=\"https:\/\/semmelweis.hu\/anatomia\/files\/2019\/05\/ED-II-ana4-2019-final-examination-announcement.pdf\" target=\"_blank\" rel=\"noopener noreferrer\">final examination announcement<\/a><\/li>\n<li>D I-II: <a href=\"https:\/\/semmelweis.hu\/anatomia\/files\/2019\/05\/konzult%C3%A1ci%C3%B3k2019.jpg\" target=\"_blank\" rel=\"noopener noreferrer\"><strong>Dissection room consultations <\/strong><\/a>(possibilities for individ. repetition) for the exams<\/li>\n<li><strong>Competition:<\/strong> <strong>results of the 2nd round<\/strong>: <a href=\"https:\/\/semmelweis.hu\/anatomia\/files\/2019\/05\/2019-ED-I-verseny-v\u00e9geredm\u00e9ny.pdf\" target=\"_blank\" rel=\"noopener noreferrer\"><strong>ED I<\/strong><\/a>\u00a0 &#8211; <a href=\"https:\/\/semmelweis.hu\/anatomia\/files\/2019\/05\/2019-ED-II-verseny-v\u00e9geredm\u00e9ny.pdf\" target=\"_blank\" rel=\"noopener noreferrer\"><strong>ED II<\/strong><\/a> &#8211; results of the 1st round: <a href=\"https:\/\/semmelweis.hu\/anatomia\/files\/2019\/05\/2019-ED-I-verseny-els\u0151-fordul\u00f3-eredm\u00e9nyek.pdf\" target=\"_blank\" rel=\"noopener noreferrer\">ED I<\/a> &#8211; <a href=\"https:\/\/semmelweis.hu\/anatomia\/files\/2019\/05\/2019-ED-II-verseny-els\u0151-fordul\u00f3-eredm\u00e9nyek.pdf\" target=\"_blank\" rel=\"noopener noreferrer\">ED II<\/a><\/li>\n<li>ED I: <a href=\"https:\/\/semmelweis.hu\/anatomia\/files\/2019\/04\/zsigertan-FOK_ED_2019.jpg\">Dissection room consultations (individual repetition)<\/a><\/li>\n<li>ED I: <a href=\"https:\/\/semmelweis.hu\/anatomia\/files\/2019\/04\/EDIcomp2019.pdf\" target=\"_blank\" rel=\"noopener noreferrer\">Competition announcement<\/a><\/li>\n<li>ED II: <a href=\"https:\/\/semmelweis.hu\/anatomia\/files\/2019\/04\/EDIIcomp2019.pdf\" target=\"_blank\" rel=\"noopener noreferrer\">Competition announcement<\/a><\/li>\n<li><a href=\"https:\/\/semmelweis.hu\/anatomia\/files\/2019\/01\/ED-I-ana2-Anatomy-handbook-2019-February.pdf\" target=\"_blank\" rel=\"noopener noreferrer\"><strong>Handbook for ED I<\/strong><\/a><\/li>\n<li><a href=\"https:\/\/semmelweis.hu\/anatomia\/files\/2019\/01\/ED-II-ana4-Anatomy-handbook-2019-February.pdf\" target=\"_blank\" rel=\"noopener noreferrer\"><strong>Handbook for ED II<\/strong><\/a><\/li>\n<li><a href=\"https:\/\/semmelweis.hu\/anatomia\/files\/2018\/05\/Tanterem-angol.pdf\" target=\"_blank\" rel=\"noopener noreferrer\">Rules of the lecture hall<\/a><\/li>\n<\/ul>\n\n<\/div><h2 class=\"tabtitle\">Competition<\/h2>\n<div class=\"tabcontent\">\n\n<p><strong>EM I.<\/strong><\/p>\n<ul>\n<li><strong>Competition: <a href=\"https:\/\/semmelweis.hu\/anatomia\/files\/2019\/05\/2019-EM-I-verseny-v\u00e9geredm\u00e9ny.pdf\" target=\"_blank\" rel=\"noopener noreferrer\">results of the 2nd round<\/a> &#8211;<\/strong> <a href=\"https:\/\/semmelweis.hu\/anatomia\/files\/2019\/05\/2019-EM-I-verseny-els\u0151-fordul\u00f3-eredm\u00e9nyek.pdf\" target=\"_blank\" rel=\"noopener noreferrer\">results of the 1st round<\/a><\/li>\n<li><span style=\"font-size: 14pt\"><strong><a href=\"https:\/\/semmelweis.hu\/anatomia\/files\/2019\/03\/em1compet2019.pdf\" target=\"_blank\" rel=\"noopener noreferrer\">Competition announcement for EM I. students<\/a><\/strong><\/span><\/li>\n<\/ul>\n<p><strong>EM II.<\/strong><\/p>\n<ul>\n<li><strong>Competition:<\/strong> results<\/li>\n<li><a href=\"https:\/\/semmelweis.hu\/anatomia\/files\/2019\/04\/competition-2019-spring-semester.pdf\" target=\"_blank\" rel=\"noopener noreferrer\"><span style=\"font-size: 14pt\"><strong>Competition announcement for EM II. students<\/strong><\/span><\/a><\/li>\n<\/ul>\n<p><strong>ED I-II.<\/strong><\/p>\n<ul>\n<li><strong>Competition: <\/strong><strong>results of the 2nd round<\/strong>: <a href=\"https:\/\/semmelweis.hu\/anatomia\/files\/2019\/05\/2019-ED-I-verseny-v\u00e9geredm\u00e9ny.pdf\" target=\"_blank\" rel=\"noopener noreferrer\"><strong>ED I<\/strong><\/a>\u00a0 &#8211; <a href=\"https:\/\/semmelweis.hu\/anatomia\/files\/2019\/05\/2019-ED-II-verseny-v\u00e9geredm\u00e9ny.pdf\" target=\"_blank\" rel=\"noopener noreferrer\"><strong>ED II<\/strong><\/a><\/li>\n<li>results of the 1st round: <a href=\"https:\/\/semmelweis.hu\/anatomia\/files\/2019\/05\/2019-ED-I-verseny-els\u0151-fordul\u00f3-eredm\u00e9nyek.pdf\" target=\"_blank\" rel=\"noopener noreferrer\">ED I<\/a> &#8211; <a href=\"https:\/\/semmelweis.hu\/anatomia\/files\/2019\/05\/2019-ED-II-verseny-els\u0151-fordul\u00f3-eredm\u00e9nyek.pdf\" target=\"_blank\" rel=\"noopener noreferrer\">ED II<\/a><\/li>\n<li><strong><span style=\"font-size: 14pt\">ED I: <a href=\"https:\/\/semmelweis.hu\/anatomia\/files\/2019\/04\/EDIcomp2019.pdf\" target=\"_blank\" rel=\"noopener noreferrer\">Competition announcement<\/a><\/span><\/strong><\/li>\n<li><strong><span style=\"font-size: 14pt\">ED II: <a href=\"https:\/\/semmelweis.hu\/anatomia\/files\/2019\/04\/EDIIcomp2019.pdf\" target=\"_blank\" rel=\"noopener noreferrer\">Competition announcement<\/a><\/span><\/strong><\/li>\n<\/ul>\n<p>&nbsp;<\/p>\n\n<\/div><h2 class=\"tabtitle\">Pharmacy<\/h2>\n<div class=\"tabcontent\">\n\n<p>Tutor: \u00c1gnes Cs\u00e1ki associate professor<br \/>\n\u00a0 \u00a0 \u00a0 \u00a0 \u00a0 \u00a0 \u00a0Katalin Kocsis assistant professor<\/p>\n<ul>\n<li><a href=\"https:\/\/semmelweis.hu\/anatomia\/files\/2019\/01\/anatomy-schedule-2018_19-pharmacy.pdf\" target=\"_blank\" rel=\"noopener noreferrer\">Schedule<\/a><\/li>\n<li><a href=\"https:\/\/semmelweis.hu\/anatomia\/files\/2019\/02\/Faller-textbook-content-list-2019-exam-requirements.pdf\" target=\"_blank\" rel=\"noopener noreferrer\">Exam requirements I.<\/a><\/li>\n<li>Midterm requirements: <br \/>\n<strong>topics of lectures 1-12, and topics of practices of 1st-9th weeks<\/strong><\/li>\n<\/ul>\n\n<\/div><h2 class=\"tabtitle\">Med.Imaging<\/h2>\n<div class=\"tabcontent\">\n\n<p><strong>Medical Imaging subject Anatomy module<\/strong><\/p>\n<p>practicals start in the first week of Semester<\/p>\n<p><a href=\"https:\/\/semmelweis.hu\/anatomia\/files\/2019\/02\/medical-imaging.pdf\" target=\"_blank\" rel=\"noopener noreferrer\">Groups &#8211; lists of students<\/a><\/p>\n\n<\/div><h2 class=\"tabtitle\">Elective<\/h2>\n<div class=\"tabcontent\">\n\n<h3><strong>Elective courses:<\/strong><\/h3>\n<p><strong>Systems Neuroscience 2019<\/strong><\/p>\n<p>Developmental Biology II.<\/p>\n<ul>\n<li><a href=\"https:\/\/semmelweis.hu\/anatomia\/files\/2019\/01\/web-developmental-biology-II-2018_19.pdf\" target=\"_blank\" rel=\"noopener noreferrer\">Schedule<\/a><\/li>\n<li><a href=\"https:\/\/semmelweis.hu\/anatomia\/files\/2019\/04\/fejlbiol-tetelek-dev-biol-exam-topics-2018_2019-II.pdf\" target=\"_blank\" rel=\"noopener noreferrer\">Topic list for the exam<\/a><\/li>\n<\/ul>\n<p>Clinical Anatomy<\/p>\n<ul>\n<li>Schedule<\/li>\n<\/ul>\n\n<\/div><h2 class=\"tabtitle\">Others<\/h2>\n<div class=\"tabcontent\">\n\n<div id=\"GroupWiseSection_1527149632000_puskar.zita@med.semmelweis-univ.hu_61D3C280193C0000B5F3000000000000_\" class=\"GroupWiseMessageBody\">\n<div id=\"GroupWiseSection_1527141796000_katz.sandor@med.semmelweis-univ.hu_9E37FC0319050000AB07000000000000_\" class=\"GroupWiseMessageBody\">\n<div>\n<p><span class=\"GroupwiseReplyHeader\"><span class=\"GroupwiseReplyHeader\">\u00a0<\/span><\/span><\/p>\n<div>\u00a0<\/div>\n<div><strong><span class=\"GroupwiseReplyHeader\"><a href=\"https:\/\/semmelweis.hu\/anatomia\/files\/2018\/09\/calendar-2018-19.pdf\" target=\"_blank\" rel=\"noopener noreferrer\">Calendar 2018-19<\/a>\u00a0<\/span><\/strong><\/div>\n<\/div>\n<div><span class=\"GroupwiseReplyHeader\">\u00a0<\/span><\/div>\n<div><span class=\"GroupwiseReplyHeader\">\u00a0<\/span><\/div>\n<div><span class=\"GroupwiseReplyHeader\">The Study and Examination Policy (Faculty of Medicine, Dentistry and Pharmacy):\u00a0<\/span><\/div>\n<div><span class=\"GroupwiseReplyHeader\">\u00a0<\/span><\/div>\n<div><a href=\"https:\/\/semmelweis.hu\/english\/files\/2016\/06\/The-Study-and-Examination-Policy_Faculty-of-Medicine_Dentistry_Pharmacy.pdf\" target=\"_blank\" rel=\"noopener noreferrer\">https:\/\/semmelweis.hu\/english\/files\/2016\/06\/The-Study-and-Examination-Policy_Faculty-of-Medicine_Dentistry_Pharmacy.pdf<\/a><\/div>\n<\/div>\n<\/div>\n<p><span style=\"font-size: 12pt\">For the electronic exam every student must have an access to the Semmelweis University <a href=\"http:\/\/itc.semmelweis.hu\/moodle\/?lang=en\" target=\"_blank\" rel=\"noopener noreferrer\">E-learning (Moodle)<\/a> site via &#8222;SeKA&#8221;.\u00a0<\/span><span style=\"font-size: 12pt\">Help: <a href=\"https:\/\/seka.semmelweis.hu\/en\" target=\"_blank\" rel=\"noopener noreferrer\">Semmelweis University Central Authentication<\/a><\/span><\/p>\n<p><a href=\"https:\/\/semmelweis.hu\/anatomia\/files\/2016\/09\/Dissection-room-rules-2016-OK.pdf\" target=\"_blank\" rel=\"noopener noreferrer\">Dissection room rules<\/a><\/p>\n<p><strong>Possibilities for individual repetition:<\/strong><\/p>\n<ul>\n<li><strong>Histology:<\/strong> <em>the digitalized Histology slides are available online through the Seka e-learning system.<\/em><\/li>\n<li><span style=\"color: #000000\"><a href=\"https:\/\/semmelweis.hu\/anatomia\/consultations\/\"><strong>Dissection room<\/strong><\/a>\u00a0<\/span> &#8211;\u00a0\u00a0 Responsible: Dr. Katz S\u00e1ndor, Dr. Lendvai D\u00e1vid<\/li>\n<li><strong>Anatomy Museum opening hours<\/strong><\/li>\n<\/ul>\n<p><strong>List of recommended books:<\/strong><\/p>\n<ul>\n<li>\n<p class=\"entry-title\">Recommended Books\u00a0for EM and ED<\/p>\n<\/li>\n<li>\n<p class=\"entry-title\">Recommended Books for EM ED (Atlases)<\/p>\n<\/li>\n<\/ul>\n<p>To download archive lectures (from<em> previous<\/em> semesters): <strong><a href=\"https:\/\/semmelweis.hu\/anatomia\/20152016-first-semester-under-construction\/how-to-download-lectures\/\" target=\"_blank\" rel=\"noopener noreferrer\">Knowledgebase site<\/a><\/strong><\/p>\n<\/div><\/div>\n","protected":false},"excerpt":{"rendered":"<p>Department lecture materials (ppt, pdf) can be downloaded from &#8222; <a href=\"https:\/\/semmelweis.hu\/anatomia\/category\/lectures\/\" target=\"_blank\" rel=\"noopener noreferrer\">Lectures<\/a> &#8222;, after login. For the electronic exam every student must have an access to the Semmelweis University <a href=\"http:\/\/itc.semmelweis.hu\/moodle\/?lang=en\" target=\"_blank\" rel=\"noopener noreferrer\">E-learning (Moodle)<\/a> site via &#8222;SeKA&#8221;. Help: <a href=\"https:\/\/seka.semmelweis.hu\/en\" target=\"_blank\" rel=\"noopener noreferrer\">Semmelweis University Central Authentication<\/a> Course directors: EM I.:\u00a0Dr. Andrea D. Sz\u00e9kely &#8211; <a href=\"mailto:szekely.andrea@med.semmelweis-univ.hu\"> e-mail<\/a> EM II.: Dr. S\u00e1ndor Katz &#8211; <a href=\"mailto:katz.sandor@med.semmelweis-univ.hu\">e-mail<\/a> Faculty of Medicine: EM I. <a href=\"https:\/\/semmelweis.hu\/anatomia\/files\/2019\/05\/EM-I-ana2-2019-semifinal-examination-announcement.pdf\" target=\"_blank\" rel=\"noopener noreferrer\">Semifinal examination announcement<\/a> (ana2) <a href=\"https:\/\/semmelweis.hu\/anatomia\/files\/2019\/05\/CV-semi-final-examination-announcement.pdf\" target=\"_blank\" rel=\"noopener noreferrer\">CV semifinal examination announcement<\/a> <a href=\"https:\/\/semmelweis.hu\/anatomia\/files\/2019\/05\/konzult%C3%A1ci%C3%B3k2019.jpg\" target=\"_blank\" rel=\"noopener noreferrer\">Dissection room consultations <\/a> (possibilities for individ. repetition) &hellip;<\/p>\n","protected":false},"author":101248,"featured_media":0,"comment_status":"closed","ping_status":"closed","sticky":false,"template":"","format":"standard","meta":{"_acf_changed":false,"footnotes":""},"categories":[591],"tags":[],"class_list":["post-21267","post","type-post","status-publish","format-standard","hentry","category-archive-teaching"],"acf":[],"_links":{"self":[{"href":"https:\/\/semmelweis.hu\/anatomia\/wp-json\/wp\/v2\/posts\/21267","targetHints":{"allow":["GET"]}}],"collection":[{"href":"https:\/\/semmelweis.hu\/anatomia\/wp-json\/wp\/v2\/posts"}],"about":[{"href":"https:\/\/semmelweis.hu\/anatomia\/wp-json\/wp\/v2\/types\/post"}],"author":[{"embeddable":true,"href":"https:\/\/semmelweis.hu\/anatomia\/wp-json\/wp\/v2\/users\/101248"}],"replies":[{"embeddable":true,"href":"https:\/\/semmelweis.hu\/anatomia\/wp-json\/wp\/v2\/comments?post=21267"}],"version-history":[{"count":10,"href":"https:\/\/semmelweis.hu\/anatomia\/wp-json\/wp\/v2\/posts\/21267\/revisions"}],"predecessor-version":[{"id":23212,"href":"https:\/\/semmelweis.hu\/anatomia\/wp-json\/wp\/v2\/posts\/21267\/revisions\/23212"}],"wp:attachment":[{"href":"https:\/\/semmelweis.hu\/anatomia\/wp-json\/wp\/v2\/media?parent=21267"}],"wp:term":[{"taxonomy":"category","embeddable":true,"href":"https:\/\/semmelweis.hu\/anatomia\/wp-json\/wp\/v2\/categories?post=21267"},{"taxonomy":"post_tag","embeddable":true,"href":"https:\/\/semmelweis.hu\/anatomia\/wp-json\/wp\/v2\/tags?post=21267"}],"curies":[{"name":"wp","href":"https:\/\/api.w.org\/{rel}","templated":true}]}}