{"id":19989,"date":"2016-03-12T09:09:39","date_gmt":"2016-03-12T08:09:39","guid":{"rendered":"http:\/\/semmelweis.hu\/anatomia\/?p=19989"},"modified":"2018-10-12T09:10:25","modified_gmt":"2018-10-12T07:10:25","slug":"a-2016-evi-tdk-konferencia-szereploi-es-dijazottjai","status":"publish","type":"post","link":"https:\/\/semmelweis.hu\/anatomia\/2016\/03\/12\/a-2016-evi-tdk-konferencia-szereploi-es-dijazottjai\/","title":{"rendered":"A 2016. \u00e9vi TDK-konferencia szerepl\u0151i \u00e9s d\u00edjazottjai"},"content":{"rendered":"<p><span style=\"color: #ff6600\"><strong>A 2016. \u00e9vi TDK-konferencia szerepl\u0151i \u00e9s d\u00edjazottjai Int\u00e9zet\u00fcnkb\u0151l <\/strong>(a kor\u00e1bbi Anat\u00f3miai Int\u00e9zetb\u0151l)<strong>:<\/strong><\/span><\/p>\n<ul>\n<li>Marton Vikt\u00f3ria SE FOK IV., B\u00f3ta Cynthia SE FOK IV. \u2013 <strong>els\u0151 d\u00edj, OTDK jel\u00f6lt <\/strong>&#8211; Fogorvostudom\u00e1nyok szekci\u00f3 &#8211; T\u00e9mavezet\u0151k: Dr. Gerber G\u00e1bor, Anat\u00f3miai, Sz\u00f6vet- \u00e9s Fejl\u0151d\u00e9stani Int\u00e9zet, Dr. Csizmadia D\u00e1niel, Anat\u00f3miai, Sz\u00f6vet- \u00e9s Fejl\u0151d\u00e9stani Int\u00e9zet<strong><br \/>\n<\/strong><\/li>\n<li>T\u00f3th Andr\u00e1s Sebesty\u00e9n SE \u00c1OK V., Balogh M\u00e1rton SE \u00c1OK V. \u2013\u00a0 <strong>els\u0151 d\u00edj, OTDK javasolt <\/strong>&#8211; Idegtudom\u00e1nyok I. szekci\u00f3 &#8211; T\u00e9mavezet\u0151k: Dr. Csillag Andr\u00e1s, Anat\u00f3miai, Sz\u00f6vet- \u00e9s Fejl\u0151d\u00e9stani Int\u00e9zet, Dr. Zachar Gergely, Anat\u00f3miai, Sz\u00f6vet- \u00e9s Fejl\u0151d\u00e9stani Int\u00e9zet<strong><br \/>\n<\/strong><\/li>\n<li>T\u00f3th L\u00e1szl\u00f3 SE \u00c1OK VI., Sz\u00f6ll\u0151si D\u00e1vid SE \u00c1OK VI. \u2013\u00a0 <strong>els\u0151 d\u00edj, OTDK javasolt <\/strong>&#8211; Idegtudom\u00e1nyok II. szekci\u00f3 &#8211; T\u00e9mavezet\u0151k: Dr. K\u00e1lm\u00e1n Mih\u00e1ly, Anat\u00f3miai, Sz\u00f6vet- \u00e9s Fejl\u0151d\u00e9stani Int\u00e9zet, Dr. Kis Petik Katalin, Biofizikai \u00e9s Sug\u00e1rbiol\u00f3giai Int\u00e9zet<strong><br \/>\n<\/strong><\/li>\n<li>Keller D\u00e1vid SE \u00c1OK IV.<\/li>\n<li>W\u00e9ber Katalin SZIE \u00c1llatorvos Tudom\u00e1nyi Kar II., Kisparti Tam\u00e1s SE \u00c1OK III.<\/li>\n<li>Zahola P\u00e9ter SE \u00c1OK V. &#8211; T\u00e9mavezet\u0151: Dr. Alp\u00e1r Al\u00e1n<\/li>\n<li>L\u0151rincz D\u00e1vid \u2013 <strong>els\u0151 d\u00edj<\/strong> az \u00c1llatorvosi Egyetem konferenci\u00e1j\u00e1n (de n\u00e1lunk TDK-s), \u00e9s megy az orsz\u00e1gosra.<\/li>\n<\/ul>\n","protected":false},"excerpt":{"rendered":"<p>A 2016. \u00e9vi TDK-konferencia szerepl\u0151i \u00e9s d\u00edjazottjai Int\u00e9zet\u00fcnkb\u0151l (a kor\u00e1bbi Anat\u00f3miai Int\u00e9zetb\u0151l): Marton Vikt\u00f3ria SE FOK IV., B\u00f3ta Cynthia SE FOK IV. \u2013 els\u0151 d\u00edj, OTDK jel\u00f6lt &#8211; Fogorvostudom\u00e1nyok szekci\u00f3 &#8211; T\u00e9mavezet\u0151k: Dr. Gerber G\u00e1bor, Anat\u00f3miai, Sz\u00f6vet- \u00e9s Fejl\u0151d\u00e9stani Int\u00e9zet, Dr. Csizmadia D\u00e1niel, Anat\u00f3miai, Sz\u00f6vet- \u00e9s Fejl\u0151d\u00e9stani Int\u00e9zet T\u00f3th Andr\u00e1s Sebesty\u00e9n SE \u00c1OK V., Balogh &hellip;<\/p>\n","protected":false},"author":101248,"featured_media":0,"comment_status":"closed","ping_status":"closed","sticky":false,"template":"","format":"standard","meta":{"_acf_changed":false,"footnotes":""},"categories":[218,210],"tags":[],"class_list":["post-19989","post","type-post","status-publish","format-standard","hentry","category-hallgatok","category-tudomany"],"acf":[],"_links":{"self":[{"href":"https:\/\/semmelweis.hu\/anatomia\/wp-json\/wp\/v2\/posts\/19989","targetHints":{"allow":["GET"]}}],"collection":[{"href":"https:\/\/semmelweis.hu\/anatomia\/wp-json\/wp\/v2\/posts"}],"about":[{"href":"https:\/\/semmelweis.hu\/anatomia\/wp-json\/wp\/v2\/types\/post"}],"author":[{"embeddable":true,"href":"https:\/\/semmelweis.hu\/anatomia\/wp-json\/wp\/v2\/users\/101248"}],"replies":[{"embeddable":true,"href":"https:\/\/semmelweis.hu\/anatomia\/wp-json\/wp\/v2\/comments?post=19989"}],"version-history":[{"count":1,"href":"https:\/\/semmelweis.hu\/anatomia\/wp-json\/wp\/v2\/posts\/19989\/revisions"}],"predecessor-version":[{"id":19990,"href":"https:\/\/semmelweis.hu\/anatomia\/wp-json\/wp\/v2\/posts\/19989\/revisions\/19990"}],"wp:attachment":[{"href":"https:\/\/semmelweis.hu\/anatomia\/wp-json\/wp\/v2\/media?parent=19989"}],"wp:term":[{"taxonomy":"category","embeddable":true,"href":"https:\/\/semmelweis.hu\/anatomia\/wp-json\/wp\/v2\/categories?post=19989"},{"taxonomy":"post_tag","embeddable":true,"href":"https:\/\/semmelweis.hu\/anatomia\/wp-json\/wp\/v2\/tags?post=19989"}],"curies":[{"name":"wp","href":"https:\/\/api.w.org\/{rel}","templated":true}]}}