{"id":17999,"date":"2018-06-20T09:09:16","date_gmt":"2018-06-20T07:09:16","guid":{"rendered":"http:\/\/semmelweis.hu\/anatomia\/?p=17999"},"modified":"2019-09-06T15:36:51","modified_gmt":"2019-09-06T13:36:51","slug":"lenhossek-emlekerem-dr-hanics-janos","status":"publish","type":"post","link":"https:\/\/semmelweis.hu\/anatomia\/2018\/06\/20\/lenhossek-emlekerem-dr-hanics-janos\/","title":{"rendered":"Lenhoss\u00e9k eml\u00e9k\u00e9rem: Dr. Hanics J\u00e1nos"},"content":{"rendered":"<p style=\"text-align: justify\">A Magyar Anat\u00f3mus T\u00e1rsas\u00e1g (MAT) XXI. kongresszus\u00e1t a Debreceni Egyetemen tartotta. A nemzetk\u00f6zi r\u00e9szv\u00e9tellel megtartott konferencia keret\u00e9ben ker\u00fclt \u00e1tad\u00e1sra a <strong>Lenhoss\u00e9k Mih\u00e1ly<\/strong> <strong>eml\u00e9k\u00e9rem<\/strong> \u00e9s jutalomd\u00edj, melyet a T\u00e1rsas\u00e1g 1973-ban alap\u00edtott, a magyar anat\u00f3mia kiemelked\u0151 alakj\u00e1nak eml\u00e9kezet\u00e9re. Az eml\u00e9k\u00e9rem c\u00e9lja, hogy \u00f6szt\u00f6n\u00f6zze fiatal anat\u00f3mus, hisztol\u00f3gus, embryol\u00f3gus kutat\u00f3k tudom\u00e1nyos munk\u00e1j\u00e1t, lehet\u0151s\u00e9get adjon kiemelked\u0151 eredm\u00e9nyek elismer\u00e9s\u00e9re, \u00e9s \u00edgy hozz\u00e1j\u00e1ruljon a magas szint\u0171 anat\u00f3mus ut\u00e1np\u00f3tl\u00e1s fenntart\u00e1s\u00e1hoz.<\/p>\n<p style=\"text-align: justify\">A b\u00edr\u00e1l\u00f3 bizotts\u00e1g d\u00f6nt\u00e9se alapj\u00e1n <strong>dr. Hanics J\u00e1nos<\/strong> nyerte el az eml\u00e9k\u00e9rmet, melyet dr. Gerber G\u00e1bor a T\u00e1rsas\u00e1g eln\u00f6ke adott \u00e1t az \u00fcnnepi szekci\u00f3 keret\u00e9ben. Id\u00e9n k\u00fcl\u00f6n\u00f6s jelent\u0151s\u00e9get adott az \u00fcl\u00e9snek, hogy a Lenhoss\u00e9k csal\u00e1d m\u00e1sik kiemelked\u0151 alakj\u00e1r\u00f3l, Lenhoss\u00e9k J\u00f3zsefr\u0151l is megeml\u00e9keztek 200. sz\u00fclet\u00e9snapja alkalm\u00e1b\u00f3l.<\/p>\n<p><img loading=\"lazy\" decoding=\"async\" class=\"size-medium wp-image-18000 aligncenter\" src=\"https:\/\/semmelweis.hu\/anatomia\/files\/2018\/06\/Lenhos\u00e9k-284x300.png\" alt=\"\" width=\"284\" height=\"300\" srcset=\"https:\/\/semmelweis.hu\/anatomia\/files\/2018\/06\/Lenhos\u00e9k-284x300.png 284w, https:\/\/semmelweis.hu\/anatomia\/files\/2018\/06\/Lenhos\u00e9k-768x810.png 768w, https:\/\/semmelweis.hu\/anatomia\/files\/2018\/06\/Lenhos\u00e9k.png 929w\" sizes=\"auto, (max-width: 284px) 100vw, 284px\" \/><\/p>\n","protected":false},"excerpt":{"rendered":"<p>A Magyar Anat\u00f3mus T\u00e1rsas\u00e1g (MAT) XXI. kongresszus\u00e1t a Debreceni Egyetemen tartotta. A nemzetk\u00f6zi r\u00e9szv\u00e9tellel megtartott konferencia keret\u00e9ben ker\u00fclt \u00e1tad\u00e1sra a Lenhoss\u00e9k Mih\u00e1ly eml\u00e9k\u00e9rem \u00e9s jutalomd\u00edj, melyet a T\u00e1rsas\u00e1g 1973-ban alap\u00edtott, a magyar anat\u00f3mia kiemelked\u0151 alakj\u00e1nak eml\u00e9kezet\u00e9re. Az eml\u00e9k\u00e9rem c\u00e9lja, hogy \u00f6szt\u00f6n\u00f6zze fiatal anat\u00f3mus, hisztol\u00f3gus, embryol\u00f3gus kutat\u00f3k tudom\u00e1nyos munk\u00e1j\u00e1t, lehet\u0151s\u00e9get adjon kiemelked\u0151 eredm\u00e9nyek elismer\u00e9s\u00e9re, \u00e9s \u00edgy &hellip;<\/p>\n","protected":false},"author":101434,"featured_media":18054,"comment_status":"closed","ping_status":"closed","sticky":false,"template":"","format":"standard","meta":{"_acf_changed":false,"footnotes":""},"categories":[20,210],"tags":[],"class_list":["post-17999","post","type-post","status-publish","format-standard","has-post-thumbnail","hentry","category-intezeti-hirek","category-tudomany"],"acf":[],"_links":{"self":[{"href":"https:\/\/semmelweis.hu\/anatomia\/wp-json\/wp\/v2\/posts\/17999","targetHints":{"allow":["GET"]}}],"collection":[{"href":"https:\/\/semmelweis.hu\/anatomia\/wp-json\/wp\/v2\/posts"}],"about":[{"href":"https:\/\/semmelweis.hu\/anatomia\/wp-json\/wp\/v2\/types\/post"}],"author":[{"embeddable":true,"href":"https:\/\/semmelweis.hu\/anatomia\/wp-json\/wp\/v2\/users\/101434"}],"replies":[{"embeddable":true,"href":"https:\/\/semmelweis.hu\/anatomia\/wp-json\/wp\/v2\/comments?post=17999"}],"version-history":[{"count":2,"href":"https:\/\/semmelweis.hu\/anatomia\/wp-json\/wp\/v2\/posts\/17999\/revisions"}],"predecessor-version":[{"id":18010,"href":"https:\/\/semmelweis.hu\/anatomia\/wp-json\/wp\/v2\/posts\/17999\/revisions\/18010"}],"wp:featuredmedia":[{"embeddable":true,"href":"https:\/\/semmelweis.hu\/anatomia\/wp-json\/wp\/v2\/media\/18054"}],"wp:attachment":[{"href":"https:\/\/semmelweis.hu\/anatomia\/wp-json\/wp\/v2\/media?parent=17999"}],"wp:term":[{"taxonomy":"category","embeddable":true,"href":"https:\/\/semmelweis.hu\/anatomia\/wp-json\/wp\/v2\/categories?post=17999"},{"taxonomy":"post_tag","embeddable":true,"href":"https:\/\/semmelweis.hu\/anatomia\/wp-json\/wp\/v2\/tags?post=17999"}],"curies":[{"name":"wp","href":"https:\/\/api.w.org\/{rel}","templated":true}]}}