{"id":14897,"date":"2017-11-16T09:32:47","date_gmt":"2017-11-16T08:32:47","guid":{"rendered":"http:\/\/semmelweis.hu\/anatomia\/?p=14897"},"modified":"2018-02-09T11:07:02","modified_gmt":"2018-02-09T10:07:02","slug":"elhunyt-pusztai-ferencne-korabbi-asszisztensnonk","status":"publish","type":"post","link":"https:\/\/semmelweis.hu\/anatomia\/2017\/11\/16\/elhunyt-pusztai-ferencne-korabbi-asszisztensnonk\/","title":{"rendered":"Elhunyt Pusztai Ferencn\u00e9, kor\u00e1bbi asszisztensn\u0151nk"},"content":{"rendered":"<p>2017. november 1-\u00e9n, \u00e9let\u00e9nek 89. \u00e9v\u00e9ben elhunyt <strong>Pusztai Ferencn\u00e9 (S\u00e1rika),<\/strong> kor\u00e1bbi asszisztensn\u0151, k\u00e9s\u0151bb titk\u00e1rn\u0151. Temet\u00e9se november 15-\u00e9n volt.<\/p>\n<p><figure id=\"attachment_15827\" aria-describedby=\"caption-attachment-15827\" style=\"width: 400px\" class=\"wp-caption aligncenter\"><a href=\"https:\/\/semmelweis.hu\/anatomia\/files\/2017\/11\/sarika20171115.jpg\"><img loading=\"lazy\" decoding=\"async\" class=\"wp-image-15827\" src=\"https:\/\/semmelweis.hu\/anatomia\/files\/2017\/11\/sarika20171115-300x169.jpg\" alt=\"\" width=\"400\" height=\"225\" srcset=\"https:\/\/semmelweis.hu\/anatomia\/files\/2017\/11\/sarika20171115-300x169.jpg 300w, https:\/\/semmelweis.hu\/anatomia\/files\/2017\/11\/sarika20171115-768x432.jpg 768w, https:\/\/semmelweis.hu\/anatomia\/files\/2017\/11\/sarika20171115-533x300.jpg 533w, https:\/\/semmelweis.hu\/anatomia\/files\/2017\/11\/sarika20171115.jpg 1000w\" sizes=\"auto, (max-width: 400px) 100vw, 400px\" \/><\/a><figcaption id=\"caption-attachment-15827\" class=\"wp-caption-text\">Fot\u00f3: Horv\u00e1thn\u00e9 Oszwald Erzs\u00e9bet<\/figcaption><\/figure> <figure id=\"attachment_14898\" aria-describedby=\"caption-attachment-14898\" style=\"width: 300px\" class=\"wp-caption aligncenter\"><a href=\"https:\/\/semmelweis.hu\/anatomia\/files\/2017\/11\/sarika-leh.jpg\"><img loading=\"lazy\" decoding=\"async\" class=\"wp-image-14898\" src=\"https:\/\/semmelweis.hu\/anatomia\/files\/2017\/11\/sarika-leh-211x300.jpg\" alt=\"\" width=\"300\" height=\"426\" srcset=\"https:\/\/semmelweis.hu\/anatomia\/files\/2017\/11\/sarika-leh-211x300.jpg 211w, https:\/\/semmelweis.hu\/anatomia\/files\/2017\/11\/sarika-leh.jpg 704w\" sizes=\"auto, (max-width: 300px) 100vw, 300px\" \/><\/a><figcaption id=\"caption-attachment-14898\" class=\"wp-caption-text\">Pusztai Ferencn\u00e9 (a k\u00e9pen jobb oldalt) munkat\u00e1rsaival<\/figcaption><\/figure><\/p>\n<p>&nbsp;<\/p>\n","protected":false},"excerpt":{"rendered":"<p>2017. november 1-\u00e9n, \u00e9let\u00e9nek 89. \u00e9v\u00e9ben elhunyt Pusztai Ferencn\u00e9 (S\u00e1rika), kor\u00e1bbi asszisztensn\u0151, k\u00e9s\u0151bb titk\u00e1rn\u0151. Temet\u00e9se november 15-\u00e9n volt.<br \/>\n&nbsp;<\/p>\n","protected":false},"author":352,"featured_media":14926,"comment_status":"closed","ping_status":"closed","sticky":false,"template":"","format":"standard","meta":{"_acf_changed":false,"footnotes":""},"categories":[193,20],"tags":[],"class_list":["post-14897","post","type-post","status-publish","format-standard","has-post-thumbnail","hentry","category-gyaszjelentes","category-intezeti-hirek"],"acf":[],"_links":{"self":[{"href":"https:\/\/semmelweis.hu\/anatomia\/wp-json\/wp\/v2\/posts\/14897","targetHints":{"allow":["GET"]}}],"collection":[{"href":"https:\/\/semmelweis.hu\/anatomia\/wp-json\/wp\/v2\/posts"}],"about":[{"href":"https:\/\/semmelweis.hu\/anatomia\/wp-json\/wp\/v2\/types\/post"}],"author":[{"embeddable":true,"href":"https:\/\/semmelweis.hu\/anatomia\/wp-json\/wp\/v2\/users\/352"}],"replies":[{"embeddable":true,"href":"https:\/\/semmelweis.hu\/anatomia\/wp-json\/wp\/v2\/comments?post=14897"}],"version-history":[{"count":4,"href":"https:\/\/semmelweis.hu\/anatomia\/wp-json\/wp\/v2\/posts\/14897\/revisions"}],"predecessor-version":[{"id":15829,"href":"https:\/\/semmelweis.hu\/anatomia\/wp-json\/wp\/v2\/posts\/14897\/revisions\/15829"}],"wp:featuredmedia":[{"embeddable":true,"href":"https:\/\/semmelweis.hu\/anatomia\/wp-json\/wp\/v2\/media\/14926"}],"wp:attachment":[{"href":"https:\/\/semmelweis.hu\/anatomia\/wp-json\/wp\/v2\/media?parent=14897"}],"wp:term":[{"taxonomy":"category","embeddable":true,"href":"https:\/\/semmelweis.hu\/anatomia\/wp-json\/wp\/v2\/categories?post=14897"},{"taxonomy":"post_tag","embeddable":true,"href":"https:\/\/semmelweis.hu\/anatomia\/wp-json\/wp\/v2\/tags?post=14897"}],"curies":[{"name":"wp","href":"https:\/\/api.w.org\/{rel}","templated":true}]}}