{"id":12884,"date":"2016-08-10T12:21:39","date_gmt":"2016-08-10T10:21:39","guid":{"rendered":"http:\/\/semmelweis.hu\/anatomia\/?p=12884"},"modified":"2017-08-10T12:24:40","modified_gmt":"2017-08-10T10:24:40","slug":"nyari-idegtudomanyi-kepzes-3","status":"publish","type":"post","link":"https:\/\/semmelweis.hu\/anatomia\/2016\/08\/10\/nyari-idegtudomanyi-kepzes-3\/","title":{"rendered":"Ny\u00e1ri idegtudom\u00e1nyi k\u00e9pz\u00e9s"},"content":{"rendered":"<div>Id\u00e9n ny\u00e1ron m\u00e1r az egyetem \u00e1ltal akkredit\u00e1lt form\u00e1ban ker\u00fclt megrendez\u00e9sre Int\u00e9zet\u00fcnk ny\u00e1ri kurzusa, a Budapest Semester in Cognitive Science (BSCS) program keret\u00e9ben megszervezett Systems Neuroscience ny\u00e1ri k\u00e9pz\u00e9se, amelyen k\u00fclf\u00f6ldi \u00e9s magyar hallgat\u00f3k vettek r\u00e9szt.<\/div>\n<div>A r\u00e9sztvev\u0151k a tanfolyam v\u00e9g\u00e9n <strong>Dr. Gerber G\u00e1bor<\/strong> \u00e1ltal\u00e1nos igazgat\u00f3helyettest\u0151l \u00e9s az Egyes\u00fclt \u00c1llamokban dolgoz\u00f3<strong> Prof. \u00c9rdi P\u00e9ter<\/strong> agykutat\u00f3t\u00f3l, a program egyik alap\u00edt\u00f3 igazgat\u00f3j\u00e1t\u00f3l vehett\u00e9k \u00e1t okleveleiket.\u00a0<\/div>\n<div>\u00a0<\/div>\n<div><a href=\"https:\/\/semmelweis.hu\/anatomia\/files\/2017\/08\/IMG_1719.jpg\"><img loading=\"lazy\" decoding=\"async\" class=\"size-medium wp-image-12886 aligncenter\" src=\"https:\/\/semmelweis.hu\/anatomia\/files\/2017\/08\/IMG_1719-300x200.jpg\" alt=\"\" width=\"300\" height=\"200\" srcset=\"https:\/\/semmelweis.hu\/anatomia\/files\/2017\/08\/IMG_1719-300x200.jpg 300w, https:\/\/semmelweis.hu\/anatomia\/files\/2017\/08\/IMG_1719-768x512.jpg 768w, https:\/\/semmelweis.hu\/anatomia\/files\/2017\/08\/IMG_1719.jpg 1024w, https:\/\/semmelweis.hu\/anatomia\/files\/2017\/08\/IMG_1719-450x300.jpg 450w\" sizes=\"auto, (max-width: 300px) 100vw, 300px\" \/><\/a> <a href=\"https:\/\/semmelweis.hu\/anatomia\/files\/2017\/08\/IMG_1725.jpg\"><img loading=\"lazy\" decoding=\"async\" class=\"size-medium wp-image-12887 aligncenter\" src=\"https:\/\/semmelweis.hu\/anatomia\/files\/2017\/08\/IMG_1725-300x200.jpg\" alt=\"\" width=\"300\" height=\"200\" srcset=\"https:\/\/semmelweis.hu\/anatomia\/files\/2017\/08\/IMG_1725-300x200.jpg 300w, https:\/\/semmelweis.hu\/anatomia\/files\/2017\/08\/IMG_1725-768x512.jpg 768w, https:\/\/semmelweis.hu\/anatomia\/files\/2017\/08\/IMG_1725.jpg 1024w, https:\/\/semmelweis.hu\/anatomia\/files\/2017\/08\/IMG_1725-450x300.jpg 450w\" sizes=\"auto, (max-width: 300px) 100vw, 300px\" \/><\/a> <a href=\"https:\/\/semmelweis.hu\/anatomia\/files\/2017\/08\/IMG_1731.jpg\"><img loading=\"lazy\" decoding=\"async\" class=\"size-medium wp-image-12888 aligncenter\" src=\"https:\/\/semmelweis.hu\/anatomia\/files\/2017\/08\/IMG_1731-300x200.jpg\" alt=\"\" width=\"300\" height=\"200\" srcset=\"https:\/\/semmelweis.hu\/anatomia\/files\/2017\/08\/IMG_1731-300x200.jpg 300w, https:\/\/semmelweis.hu\/anatomia\/files\/2017\/08\/IMG_1731-768x512.jpg 768w, https:\/\/semmelweis.hu\/anatomia\/files\/2017\/08\/IMG_1731.jpg 1024w, https:\/\/semmelweis.hu\/anatomia\/files\/2017\/08\/IMG_1731-450x300.jpg 450w\" sizes=\"auto, (max-width: 300px) 100vw, 300px\" \/><\/a> <a href=\"https:\/\/semmelweis.hu\/anatomia\/files\/2017\/08\/IMG_1741.jpg\"><img loading=\"lazy\" decoding=\"async\" class=\"size-medium wp-image-12885 aligncenter\" src=\"https:\/\/semmelweis.hu\/anatomia\/files\/2017\/08\/IMG_1741-300x200.jpg\" alt=\"\" width=\"300\" height=\"200\" srcset=\"https:\/\/semmelweis.hu\/anatomia\/files\/2017\/08\/IMG_1741-300x200.jpg 300w, https:\/\/semmelweis.hu\/anatomia\/files\/2017\/08\/IMG_1741-768x512.jpg 768w, https:\/\/semmelweis.hu\/anatomia\/files\/2017\/08\/IMG_1741.jpg 1024w, https:\/\/semmelweis.hu\/anatomia\/files\/2017\/08\/IMG_1741-450x300.jpg 450w\" sizes=\"auto, (max-width: 300px) 100vw, 300px\" \/><\/a><\/div>\n<div style=\"text-align: center\">Kor\u00e1bbi k\u00e9pz\u00e9sek: <a href=\"https:\/\/semmelweis.hu\/anatomia\/2015\/08\/14\/nyari-idegtudomanyi-kepzes\/\"><strong>2015.<\/strong><\/a><\/div>\n","protected":false},"excerpt":{"rendered":"<p>Id\u00e9n ny\u00e1ron m\u00e1r az egyetem \u00e1ltal akkredit\u00e1lt form\u00e1ban ker\u00fclt megrendez\u00e9sre Int\u00e9zet\u00fcnk ny\u00e1ri kurzusa, a Budapest Semester in Cognitive Science (BSCS) program keret\u00e9ben megszervezett Systems Neuroscience ny\u00e1ri k\u00e9pz\u00e9se, amelyen k\u00fclf\u00f6ldi \u00e9s magyar hallgat\u00f3k vettek r\u00e9szt. A r\u00e9sztvev\u0151k a tanfolyam v\u00e9g\u00e9n Dr. Gerber G\u00e1bor \u00e1ltal\u00e1nos igazgat\u00f3helyettest\u0151l \u00e9s az Egyes\u00fclt \u00c1llamokban dolgoz\u00f3 Prof. \u00c9rdi P\u00e9ter agykutat\u00f3t\u00f3l, a program &hellip;<\/p>\n","protected":false},"author":352,"featured_media":12885,"comment_status":"closed","ping_status":"closed","sticky":false,"template":"","format":"standard","meta":{"_acf_changed":false,"footnotes":""},"categories":[210],"tags":[],"class_list":["post-12884","post","type-post","status-publish","format-standard","has-post-thumbnail","hentry","category-tudomany"],"acf":[],"_links":{"self":[{"href":"https:\/\/semmelweis.hu\/anatomia\/wp-json\/wp\/v2\/posts\/12884","targetHints":{"allow":["GET"]}}],"collection":[{"href":"https:\/\/semmelweis.hu\/anatomia\/wp-json\/wp\/v2\/posts"}],"about":[{"href":"https:\/\/semmelweis.hu\/anatomia\/wp-json\/wp\/v2\/types\/post"}],"author":[{"embeddable":true,"href":"https:\/\/semmelweis.hu\/anatomia\/wp-json\/wp\/v2\/users\/352"}],"replies":[{"embeddable":true,"href":"https:\/\/semmelweis.hu\/anatomia\/wp-json\/wp\/v2\/comments?post=12884"}],"version-history":[{"count":2,"href":"https:\/\/semmelweis.hu\/anatomia\/wp-json\/wp\/v2\/posts\/12884\/revisions"}],"predecessor-version":[{"id":12890,"href":"https:\/\/semmelweis.hu\/anatomia\/wp-json\/wp\/v2\/posts\/12884\/revisions\/12890"}],"wp:featuredmedia":[{"embeddable":true,"href":"https:\/\/semmelweis.hu\/anatomia\/wp-json\/wp\/v2\/media\/12885"}],"wp:attachment":[{"href":"https:\/\/semmelweis.hu\/anatomia\/wp-json\/wp\/v2\/media?parent=12884"}],"wp:term":[{"taxonomy":"category","embeddable":true,"href":"https:\/\/semmelweis.hu\/anatomia\/wp-json\/wp\/v2\/categories?post=12884"},{"taxonomy":"post_tag","embeddable":true,"href":"https:\/\/semmelweis.hu\/anatomia\/wp-json\/wp\/v2\/tags?post=12884"}],"curies":[{"name":"wp","href":"https:\/\/api.w.org\/{rel}","templated":true}]}}