{"id":12869,"date":"2017-08-09T11:26:58","date_gmt":"2017-08-09T09:26:58","guid":{"rendered":"http:\/\/semmelweis.hu\/anatomia\/?p=12869"},"modified":"2019-09-06T15:40:12","modified_gmt":"2019-09-06T13:40:12","slug":"nyari-idegtudomanyi-kepzes-2","status":"publish","type":"post","link":"https:\/\/semmelweis.hu\/anatomia\/2017\/08\/09\/nyari-idegtudomanyi-kepzes-2\/","title":{"rendered":"Ny\u00e1ri idegtudom\u00e1nyi k\u00e9pz\u00e9s"},"content":{"rendered":"<div dir=\"ltr\">\n<div>\n<div style=\"font-style: normal;font-family: 'Calibri';color: #000000;font-size: small;font-weight: normal;text-decoration: none\">\n<div><span style=\"font-family: arial,sans-serif;color: #222222;font-size: 12pt\">Id\u00e9n ny\u00e1ron m\u00e1r az egyetem \u00e1ltal akkredit\u00e1lt form\u00e1ban ker\u00fclt megrendez\u00e9sre Int\u00e9zet\u00fcnk ny\u00e1ri kurzusa, a Budapest Semester in Cognitive Science (BSCS) program keret\u00e9ben megszervezett Systems Neuroscience ny\u00e1ri k\u00e9pz\u00e9se, amelyen k\u00fclf\u00f6ldi \u00e9s magyar hallgat\u00f3k vettek r\u00e9szt. <\/span><\/div>\n<div><span style=\"font-family: arial,sans-serif;color: #222222;font-size: 12pt\">A r\u00e9sztvev\u0151k a tanfolyam v\u00e9g\u00e9n <strong>Dr. Gerber G\u00e1bor<\/strong> \u00e1ltal\u00e1nos igazgat\u00f3helyettest\u0151l \u00e9s az Egyes\u00fclt \u00c1llamokban dolgoz\u00f3<strong> Prof. \u00c9rdi P\u00e9ter<\/strong> agykutat\u00f3t\u00f3l, a program egyik alap\u00edt\u00f3 igazgat\u00f3j\u00e1t\u00f3l vehett\u00e9k \u00e1t okleveleiket.<\/span>\u00a0<\/div>\n<div><span style=\"font-family: arial,sans-serif;color: #222222;font-size: 12pt\">\u00a0<\/span><\/div>\n<\/div>\n<div style=\"text-align: center\"><a href=\"https:\/\/semmelweis.hu\/anatomia\/files\/2017\/08\/Ny\u00e1ri-egyetem-17.08.04-129-e1502294416852.jpg\"><img loading=\"lazy\" decoding=\"async\" class=\"aligncenter wp-image-12870\" src=\"https:\/\/semmelweis.hu\/anatomia\/files\/2017\/08\/Ny\u00e1ri-egyetem-17.08.04-129-300x201.jpg\" alt=\"\" width=\"450\" height=\"301\" \/><\/a><a href=\"https:\/\/semmelweis.hu\/anatomia\/files\/2017\/08\/Ny\u00e1ri-egyetem-17.08.04-088-e1502294401874.jpg\"><img loading=\"lazy\" decoding=\"async\" class=\"aligncenter wp-image-12871\" src=\"https:\/\/semmelweis.hu\/anatomia\/files\/2017\/08\/Ny\u00e1ri-egyetem-17.08.04-088-300x199.jpg\" alt=\"\" width=\"450\" height=\"299\" \/><\/a><a href=\"https:\/\/semmelweis.hu\/anatomia\/files\/2017\/08\/Ny\u00e1ri-egyetem-17.08.04-094-e1502294435849.jpg\"><img loading=\"lazy\" decoding=\"async\" class=\"aligncenter wp-image-12872\" src=\"https:\/\/semmelweis.hu\/anatomia\/files\/2017\/08\/Ny\u00e1ri-egyetem-17.08.04-094-300x199.jpg\" alt=\"\" width=\"450\" height=\"299\" \/><\/a><em>(K\u00e9pek: Ny\u00e1m\u00e1ndi Piroska)<\/em><\/div>\n<div>\u00a0<\/div>\n<div style=\"text-align: center\"><a href=\"https:\/\/semmelweis.hu\/anatomia\/sysneuro2017\/\"><strong>A kurzus programja<\/strong><\/a><\/div>\n<div>\u00a0<\/div>\n<div style=\"text-align: center\">\u00a0Kor\u00e1bbi k\u00e9pz\u00e9sek:<\/div>\n<\/div>\n<\/div>\n<div style=\"text-align: center\"><strong><a href=\"https:\/\/semmelweis.hu\/anatomia\/2016\/08\/10\/nyari-idegtudomanyi-kepzes-3\/\">2016.<\/a> &#8211; <a href=\"https:\/\/semmelweis.hu\/anatomia\/2015\/08\/14\/nyari-idegtudomanyi-kepzes\/\">2015.<\/a><\/strong><\/div>\n","protected":false},"excerpt":{"rendered":"<p>Id\u00e9n ny\u00e1ron m\u00e1r az egyetem \u00e1ltal akkredit\u00e1lt form\u00e1ban ker\u00fclt megrendez\u00e9sre Int\u00e9zet\u00fcnk ny\u00e1ri kurzusa, a Budapest Semester in Cognitive Science (BSCS) program keret\u00e9ben megszervezett Systems Neuroscience ny\u00e1ri k\u00e9pz\u00e9se, amelyen k\u00fclf\u00f6ldi \u00e9s magyar hallgat\u00f3k vettek r\u00e9szt. A r\u00e9sztvev\u0151k a tanfolyam v\u00e9g\u00e9n Dr. Gerber G\u00e1bor \u00e1ltal\u00e1nos igazgat\u00f3helyettest\u0151l \u00e9s az Egyes\u00fclt \u00c1llamokban dolgoz\u00f3 Prof. \u00c9rdi P\u00e9ter agykutat\u00f3t\u00f3l, a program &hellip;<\/p>\n","protected":false},"author":352,"featured_media":12870,"comment_status":"closed","ping_status":"closed","sticky":false,"template":"","format":"standard","meta":{"_acf_changed":false,"footnotes":""},"categories":[210],"tags":[],"class_list":["post-12869","post","type-post","status-publish","format-standard","has-post-thumbnail","hentry","category-tudomany"],"acf":[],"_links":{"self":[{"href":"https:\/\/semmelweis.hu\/anatomia\/wp-json\/wp\/v2\/posts\/12869","targetHints":{"allow":["GET"]}}],"collection":[{"href":"https:\/\/semmelweis.hu\/anatomia\/wp-json\/wp\/v2\/posts"}],"about":[{"href":"https:\/\/semmelweis.hu\/anatomia\/wp-json\/wp\/v2\/types\/post"}],"author":[{"embeddable":true,"href":"https:\/\/semmelweis.hu\/anatomia\/wp-json\/wp\/v2\/users\/352"}],"replies":[{"embeddable":true,"href":"https:\/\/semmelweis.hu\/anatomia\/wp-json\/wp\/v2\/comments?post=12869"}],"version-history":[{"count":10,"href":"https:\/\/semmelweis.hu\/anatomia\/wp-json\/wp\/v2\/posts\/12869\/revisions"}],"predecessor-version":[{"id":12895,"href":"https:\/\/semmelweis.hu\/anatomia\/wp-json\/wp\/v2\/posts\/12869\/revisions\/12895"}],"wp:featuredmedia":[{"embeddable":true,"href":"https:\/\/semmelweis.hu\/anatomia\/wp-json\/wp\/v2\/media\/12870"}],"wp:attachment":[{"href":"https:\/\/semmelweis.hu\/anatomia\/wp-json\/wp\/v2\/media?parent=12869"}],"wp:term":[{"taxonomy":"category","embeddable":true,"href":"https:\/\/semmelweis.hu\/anatomia\/wp-json\/wp\/v2\/categories?post=12869"},{"taxonomy":"post_tag","embeddable":true,"href":"https:\/\/semmelweis.hu\/anatomia\/wp-json\/wp\/v2\/tags?post=12869"}],"curies":[{"name":"wp","href":"https:\/\/api.w.org\/{rel}","templated":true}]}}