{"id":10461,"date":"2016-02-29T20:48:21","date_gmt":"2016-02-29T19:48:21","guid":{"rendered":"http:\/\/semmelweis.hu\/anatomia\/?p=10461"},"modified":"2016-02-29T20:48:21","modified_gmt":"2016-02-29T19:48:21","slug":"adjunktusi-kinevezes","status":"publish","type":"post","link":"https:\/\/semmelweis.hu\/anatomia\/2016\/02\/29\/adjunktusi-kinevezes\/","title":{"rendered":"Adjunktusi kinevez\u00e9s"},"content":{"rendered":"<p><b>Dr. Lendvai D\u00e1vid<\/b> \u00e1tvette<b> egyetemi adjunktusi kinevez\u00e9s<\/b>\u00e9t (2016 febr.).<\/p>\n<figure id=\"attachment_9472\" aria-describedby=\"caption-attachment-9472\" style=\"width: 500px\" class=\"wp-caption aligncenter\"><a href=\"https:\/\/semmelweis.hu\/anatomia\/files\/2014\/11\/ld-csoport.jpg\"><img loading=\"lazy\" decoding=\"async\" class=\"wp-image-9472\" src=\"https:\/\/semmelweis.hu\/anatomia\/files\/2014\/11\/ld-csoport.jpg\" alt=\"Lendvai\" width=\"500\" height=\"334\" srcset=\"https:\/\/semmelweis.hu\/anatomia\/files\/2014\/11\/ld-csoport.jpg 1000w, https:\/\/semmelweis.hu\/anatomia\/files\/2014\/11\/ld-csoport-300x200.jpg 300w, https:\/\/semmelweis.hu\/anatomia\/files\/2014\/11\/ld-csoport-450x300.jpg 450w\" sizes=\"auto, (max-width: 500px) 100vw, 500px\" \/><\/a><figcaption id=\"caption-attachment-9472\" class=\"wp-caption-text\">Dr. Lendvai D\u00e1vid (2015)<\/figcaption><\/figure>\n","protected":false},"excerpt":{"rendered":"<p>Dr. Lendvai D\u00e1vid \u00e1tvette egyetemi adjunktusi kinevez\u00e9s\u00e9t (2016 febr.).<\/p>\n","protected":false},"author":349,"featured_media":9472,"comment_status":"closed","ping_status":"closed","sticky":false,"template":"","format":"standard","meta":{"_acf_changed":false,"footnotes":""},"categories":[20,208,206],"tags":[],"class_list":["post-10461","post","type-post","status-publish","format-standard","has-post-thumbnail","hentry","category-intezeti-hirek","category-kituntetes","category-oktatas"],"acf":[],"_links":{"self":[{"href":"https:\/\/semmelweis.hu\/anatomia\/wp-json\/wp\/v2\/posts\/10461","targetHints":{"allow":["GET"]}}],"collection":[{"href":"https:\/\/semmelweis.hu\/anatomia\/wp-json\/wp\/v2\/posts"}],"about":[{"href":"https:\/\/semmelweis.hu\/anatomia\/wp-json\/wp\/v2\/types\/post"}],"author":[{"embeddable":true,"href":"https:\/\/semmelweis.hu\/anatomia\/wp-json\/wp\/v2\/users\/349"}],"replies":[{"embeddable":true,"href":"https:\/\/semmelweis.hu\/anatomia\/wp-json\/wp\/v2\/comments?post=10461"}],"version-history":[{"count":1,"href":"https:\/\/semmelweis.hu\/anatomia\/wp-json\/wp\/v2\/posts\/10461\/revisions"}],"predecessor-version":[{"id":10462,"href":"https:\/\/semmelweis.hu\/anatomia\/wp-json\/wp\/v2\/posts\/10461\/revisions\/10462"}],"wp:featuredmedia":[{"embeddable":true,"href":"https:\/\/semmelweis.hu\/anatomia\/wp-json\/wp\/v2\/media\/9472"}],"wp:attachment":[{"href":"https:\/\/semmelweis.hu\/anatomia\/wp-json\/wp\/v2\/media?parent=10461"}],"wp:term":[{"taxonomy":"category","embeddable":true,"href":"https:\/\/semmelweis.hu\/anatomia\/wp-json\/wp\/v2\/categories?post=10461"},{"taxonomy":"post_tag","embeddable":true,"href":"https:\/\/semmelweis.hu\/anatomia\/wp-json\/wp\/v2\/tags?post=10461"}],"curies":[{"name":"wp","href":"https:\/\/api.w.org\/{rel}","templated":true}]}}