{"id":990,"date":"2019-11-11T17:49:41","date_gmt":"2019-11-11T16:49:41","guid":{"rendered":"http:\/\/semmelweis.hu\/alumni\/?p=990"},"modified":"2019-11-11T17:54:00","modified_gmt":"2019-11-11T16:54:00","slug":"990","status":"publish","type":"post","link":"https:\/\/semmelweis.hu\/alumni\/2019\/11\/11\/990\/","title":{"rendered":"Semmelweis M\u00fazeum"},"content":{"rendered":"<div id=\"m_-6353167576725799400GroupWiseSection_1573479864000_No reply@semmelweis-univ.hu_DA95CD8109D30000B4706F6437396132_\">\n<div style=\"text-align: center\"><span style=\"color: #000000\"><strong>Tisztelt Egyetemi Polg\u00e1rok, Kedves Koll\u00e9g\u00e1k!<\/strong><\/span><\/div>\n<\/div>\n<div id=\"m_-6353167576725799400GroupWiseSection_1572875123000_No reply@semmelweis-univ.hu_DA95CD8109D30000B4706F6437396132_\">\n<div style=\"text-align: center\"><\/div>\n<div style=\"text-align: center\"><span style=\"color: #000000\">Egyetem\u00fcnk 250. \u00e9vfordul\u00f3ja alkalm\u00e1val mindny\u00e1junk \u00e9s t\u00e1rsadalmunk haszn\u00e1ra \u00e9s dics\u0151s\u00e9g\u00e9re tavaszra megny\u00edlik az Egyetemi Semmelweis M\u00fazeumunk. <\/span><\/div>\n<div style=\"text-align: center\"><span style=\"color: #000000\">Ehhez k\u00e9rn\u00e9nk a t\u00e1mogat\u00e1st \u00e9s a seg\u00edts\u00e9get a mell\u00e9kelt felh\u00edv\u00e1s szerint!<\/span><\/div>\n<div style=\"text-align: center\"><\/div>\n<div style=\"text-align: center\"><\/div>\n<div><\/div>\n<\/div>\n<div><\/div>\n<div>\n<!-- iframe plugin v.4.9 wordpress.org\/plugins\/iframe\/ -->\n<iframe loading=\"lazy\" src=\"https:\/\/drive.google.com\/file\/d\/1URGp7G-x9dmDTuFdUq4SCA85rl9wzLzI\/preview\" width=\"100%\" height=\"1180\" scrolling=\"yes\" class=\"iframe-class\" frameborder=\"0\"><\/iframe>\n<\/div>\n","protected":false},"excerpt":{"rendered":"<p>Tisztelt Egyetemi Polg\u00e1rok, Kedves Koll\u00e9g\u00e1k!<\/p>\n<p>Egyetem\u00fcnk 250. \u00e9vfordul\u00f3ja alkalm\u00e1val mindny\u00e1junk \u00e9s t\u00e1rsadalmunk haszn\u00e1ra \u00e9s dics\u0151s\u00e9g\u00e9re tavaszra megny\u00edlik az Egyetemi Semmelweis M\u00fazeumunk.<br \/>\nEhhez k\u00e9rn\u00e9nk a t\u00e1mogat\u00e1st \u00e9s a seg\u00edts\u00e9get a mell\u00e9kelt felh\u00edv\u00e1s szerint!<\/p>\n","protected":false},"author":158,"featured_media":0,"comment_status":"closed","ping_status":"closed","sticky":false,"template":"","format":"standard","meta":{"_acf_changed":false,"footnotes":""},"categories":[1],"tags":[],"class_list":["post-990","post","type-post","status-publish","format-standard","hentry","category-hirek"],"acf":[],"publishpress_future_action":{"enabled":false,"date":"1970-01-01 01:00:00","action":"","terms":[],"taxonomy":"","browser_timezone_offset":0},"_links":{"self":[{"href":"https:\/\/semmelweis.hu\/alumni\/wp-json\/wp\/v2\/posts\/990","targetHints":{"allow":["GET"]}}],"collection":[{"href":"https:\/\/semmelweis.hu\/alumni\/wp-json\/wp\/v2\/posts"}],"about":[{"href":"https:\/\/semmelweis.hu\/alumni\/wp-json\/wp\/v2\/types\/post"}],"author":[{"embeddable":true,"href":"https:\/\/semmelweis.hu\/alumni\/wp-json\/wp\/v2\/users\/158"}],"replies":[{"embeddable":true,"href":"https:\/\/semmelweis.hu\/alumni\/wp-json\/wp\/v2\/comments?post=990"}],"version-history":[{"count":9,"href":"https:\/\/semmelweis.hu\/alumni\/wp-json\/wp\/v2\/posts\/990\/revisions"}],"predecessor-version":[{"id":999,"href":"https:\/\/semmelweis.hu\/alumni\/wp-json\/wp\/v2\/posts\/990\/revisions\/999"}],"wp:attachment":[{"href":"https:\/\/semmelweis.hu\/alumni\/wp-json\/wp\/v2\/media?parent=990"}],"wp:term":[{"taxonomy":"category","embeddable":true,"href":"https:\/\/semmelweis.hu\/alumni\/wp-json\/wp\/v2\/categories?post=990"},{"taxonomy":"post_tag","embeddable":true,"href":"https:\/\/semmelweis.hu\/alumni\/wp-json\/wp\/v2\/tags?post=990"}],"curies":[{"name":"wp","href":"https:\/\/api.w.org\/{rel}","templated":true}]}}