{"id":8272,"date":"2023-10-17T07:57:52","date_gmt":"2023-10-17T05:57:52","guid":{"rendered":"https:\/\/semmelweis.hu\/alumni\/?p=8272"},"modified":"2023-10-17T08:11:20","modified_gmt":"2023-10-17T06:11:20","slug":"abschlussball-2024","status":"publish","type":"post","link":"https:\/\/semmelweis.hu\/alumni\/en\/2023\/10\/17\/abschlussball-2024\/","title":{"rendered":"Abschlussball 2024"},"content":{"rendered":"<div style=\"text-align: center\"><strong><span style=\"font-size: 24pt\">ABSCHLUSSBALL 2024 &#8211; UMFRAGE<\/span><\/strong><\/div>\n<div>\u00a0<\/div>\n<div class=\"lead\">Liebe Studenten,<\/div>\n<p style=\"text-align: justify\">Im Zusammenhang mit dem kommenden Abschlussball f\u00fcr das n\u00e4chste Jahr m\u00f6chten wir eine Umfrage durchf\u00fchren, die f\u00fcr den <strong>29. Juni 2024<\/strong> (Samstagabend) im MVM Dome geplant ist, nach der Abschlussfeier der Medizinischen Fakult\u00e4t.<br \/>\nGeplante Uhrzeit: Von 19:00 bis 4:00 Uhr<\/p>\n<p class=\"wpcf7-contact-form-not-found\"><strong>Hiba:<\/strong> Kapcsolatfelv\u00e9teli \u0171rlap nem tal\u00e1lhat\u00f3.<\/p>\n","protected":false},"excerpt":{"rendered":"<p>ABSCHLUSSBALL 2024 &#8211; UMFRAGE<br \/>\n\u00a0<br \/>\nLiebe Studenten,<br \/>\nIm Zusammenhang mit dem kommenden Abschlussball f\u00fcr das n\u00e4chste Jahr m\u00f6chten wir eine Umfrage durchf\u00fchren, die f\u00fcr den 29. Juni 2024 (Samstagabend) im MVM Dome geplant ist, nach der Abschlussfeier der Medizinischen Fakult\u00e4t.<br \/>\nGeplante Uhrzeit: Von 19:00 bis 4:00 Uhr<\/p>\n","protected":false},"author":101627,"featured_media":0,"comment_status":"closed","ping_status":"closed","sticky":false,"template":"","format":"standard","meta":{"_acf_changed":false,"footnotes":""},"categories":[187],"tags":[],"class_list":["post-8272","post","type-post","status-publish","format-standard","hentry","category-events"],"acf":[],"publishpress_future_action":{"enabled":false,"date":"1970-01-01 01:00:00","action":"","terms":[],"taxonomy":"","browser_timezone_offset":0},"_links":{"self":[{"href":"https:\/\/semmelweis.hu\/alumni\/wp-json\/wp\/v2\/posts\/8272","targetHints":{"allow":["GET"]}}],"collection":[{"href":"https:\/\/semmelweis.hu\/alumni\/wp-json\/wp\/v2\/posts"}],"about":[{"href":"https:\/\/semmelweis.hu\/alumni\/wp-json\/wp\/v2\/types\/post"}],"author":[{"embeddable":true,"href":"https:\/\/semmelweis.hu\/alumni\/wp-json\/wp\/v2\/users\/101627"}],"replies":[{"embeddable":true,"href":"https:\/\/semmelweis.hu\/alumni\/wp-json\/wp\/v2\/comments?post=8272"}],"version-history":[{"count":3,"href":"https:\/\/semmelweis.hu\/alumni\/wp-json\/wp\/v2\/posts\/8272\/revisions"}],"predecessor-version":[{"id":8279,"href":"https:\/\/semmelweis.hu\/alumni\/wp-json\/wp\/v2\/posts\/8272\/revisions\/8279"}],"wp:attachment":[{"href":"https:\/\/semmelweis.hu\/alumni\/wp-json\/wp\/v2\/media?parent=8272"}],"wp:term":[{"taxonomy":"category","embeddable":true,"href":"https:\/\/semmelweis.hu\/alumni\/wp-json\/wp\/v2\/categories?post=8272"},{"taxonomy":"post_tag","embeddable":true,"href":"https:\/\/semmelweis.hu\/alumni\/wp-json\/wp\/v2\/tags?post=8272"}],"curies":[{"name":"wp","href":"https:\/\/api.w.org\/{rel}","templated":true}]}}