{"id":6477,"date":"2023-09-27T08:54:03","date_gmt":"2023-09-27T06:54:03","guid":{"rendered":"https:\/\/semmelweis.hu\/alumni\/?p=6477"},"modified":"2025-02-25T14:24:58","modified_gmt":"2025-02-25T13:24:58","slug":"se-alumni-filmklub-szelid","status":"publish","type":"post","link":"https:\/\/semmelweis.hu\/alumni\/2023\/09\/27\/se-alumni-filmklub-szelid\/","title":{"rendered":"Alumni Filmklub &#8211; Szel\u00edd 2023.12.08."},"content":{"rendered":"<h5 class=\"x11i5rnm xat24cr x1mh8g0r x1vvkbs xtlvy1s\">\u00a0<\/h5>\n<div><img loading=\"lazy\" decoding=\"async\" class=\"aligncenter wp-image-6478 size-full\" src=\"https:\/\/semmelweis.hu\/alumni\/files\/2023\/09\/szelid-film.jpg\" alt=\"\" width=\"872\" height=\"403\" srcset=\"https:\/\/semmelweis.hu\/alumni\/files\/2023\/09\/szelid-film.jpg 872w, https:\/\/semmelweis.hu\/alumni\/files\/2023\/09\/szelid-film-400x185.jpg 400w, https:\/\/semmelweis.hu\/alumni\/files\/2023\/09\/szelid-film-768x355.jpg 768w, https:\/\/semmelweis.hu\/alumni\/files\/2023\/09\/szelid-film-753x348.jpg 753w\" sizes=\"auto, (max-width: 872px) 100vw, 872px\" \/><\/div>\n<div>\u00a0<\/div>\n<div>\n<div class=\"xdj266r x11i5rnm xat24cr x1mh8g0r x1vvkbs\" style=\"text-align: center\">A Nemzeti Film Int\u00e9zettel k\u00f6z\u00f6s szervez\u00e9sben zajl\u00f3 Filmklub sorozatunk k\u00f6vetkez\u0151 filmvet\u00edt\u00e9se:<\/div>\n<div style=\"text-align: center\">\u00a0<\/div>\n<h2 class=\"x11i5rnm xat24cr x1mh8g0r x1vvkbs xtlvy1s\" style=\"text-align: center\"><strong>Szel\u00edd<\/strong><\/h2>\n<h5 class=\"x11i5rnm xat24cr x1mh8g0r x1vvkbs xtlvy1s\" style=\"text-align: center\"><span style=\"font-size: 14pt\">(Csuja L\u00e1szl\u00f3, 2022-es rendez\u00e9s\u00e9ben)<\/span><\/h5>\n<\/div>\n<p>&nbsp;<\/p>\n<p style=\"text-align: center\">Edina egy n\u0151i test\u00e9p\u00edt\u0151, aki egy\u00fctt \u00e9l edz\u0151j\u00e9vel, \u00c1d\u00e1mmal. Hogy megnyerj\u00e9k a vil\u00e1gbajnoks\u00e1got, Edin\u00e1nak komoly \u00e1ldozatot kell hoznia. Ek\u00f6zben k\u00fcl\u00f6n\u00f6s kapcsolatba ker\u00fcl egy titokzatos f\u00e9rfival. A tal\u00e1lkoz\u00e1s mindent megv\u00e1ltoztat, amiben a n\u0151 addig hitt.<\/p>\n<p>A Szel\u00edd vil\u00e1gpremierje a vil\u00e1g egyik legrangosabb filmfesztiv\u00e1lja, az amerikai Sundance Filmfesztiv\u00e1l versenyprogramj\u00e1ban lesz (World Cinema). A Szel\u00edd az els\u0151 magyar j\u00e1t\u00e9kfilm, amely versenybe ker\u00fcl a Sundance-en. A megh\u00edv\u00e1s rangj\u00e1t n\u00f6veli, hogy a fesztiv\u00e1l \u00e9vek \u00f3ta az Oscar-d\u00edj egyik legfontosabb el\u0151szob\u00e1ja, ahol a legnagyobb szt\u00e1rok \u00e9s szt\u00e1rrendez\u0151k szerepelnek. Csuja L\u00e1szl\u00f3 \u00e9s Nemes Anna k\u00f6z\u00f6sen jegyzik a Szel\u00eddet. Csuja a Vir\u00e1gv\u00f6lgy c\u00edm\u0171 els\u0151 j\u00e1t\u00e9kfilmj\u00e9vel a zs\u0171ri d\u00edj\u00e1t nyerte el az \u2019A\u2019 kateg\u00f3ri\u00e1s Karlovy Vary Nemzetk\u00f6zi Filmfesztiv\u00e1l East of the West versenyprogramj\u00e1ban. Nemes Anna a Magyar K\u00e9pz\u0151m\u0171v\u00e9szeti Egyetem fest\u0151m\u0171v\u00e9sz doktorandusza, \u0151 k\u00e9sz\u00edtette el a Szel\u00edd el\u0151k\u00e9p\u00e9nek tekinthet\u0151 Sz\u00e9p sz\u00f6rnyeteg c\u00edm\u0171, n\u0151i test\u00e9p\u00edt\u0151kr\u0151l sz\u00f3l\u00f3 essz\u00e9-dokumentumfilmet, ahol Csonka Esztert felfedezte. Csonka a Szel\u00edd amat\u0151r f\u0151szerepl\u0151je, nemzetk\u00f6zi h\u00edr\u0171 test\u00e9p\u00edt\u0151, aki m\u00e1r k\u00f6zel h\u00fasz \u00e9vet t\u00f6lt\u00f6tt el a test\u00e9p\u00edt\u00e9s vil\u00e1g\u00e1ban. Filmben partnere a szint\u00e9n amat\u0151r Tur\u00f3s Gy\u00f6rgy, test\u00e9p\u00edt\u0151-fitnesz edz\u0151. A film a Muhi Andr\u00e1s \u00e9s Ferenczy G\u00e1bor producerek vezette FocusFox gy\u00e1rt\u00e1s\u00e1ban, a n\u00e9met Komplizen Film koprodukci\u00f3j\u00e1ban, a Nemzeti Filmint\u00e9zet Zrt., \u00e9s a n\u00e9met ARTE\/ZDF t\u00e1mogat\u00e1s\u00e1val k\u00e9sz\u00fclt. A Szel\u00edd operat\u0151re Nagy Z\u00e1gon (Mes\u00e9k a z\u00e1rk\u00e1b\u00f3l, Kilenc h\u00f3nap h\u00e1bor\u00fa, Sz\u00e9p sz\u00f6rny), v\u00e1g\u00f3ja Csabai Attila (Ter\u00e1pia, Arany\u00e9let, Vir\u00e1gv\u00f6lgy).<\/p>\n<p>&nbsp;<\/p>\n<div class=\"fontos_div\">\n<p><span style=\"color: #800000\"><strong>Id\u0151pont:<\/strong><\/span><\/p>\n<p>2023.12.08. (p\u00e9ntek)<\/p>\n<p>18:30-t\u00f3l<\/p>\n<p><strong>Film hossza:<\/strong> 92 perc<\/p>\n<p><span style=\"color: #800000\"><strong>Helysz\u00edn:<\/strong><\/span><\/p>\n<p>Semmelweis Szalon<\/p>\n<p>1085 Budapest, \u00dcll\u0151i \u00fat 26. 1. emelet (108.)<\/p>\n<\/div>\n<p>&nbsp;<\/p>\n<div class=\"x11i5rnm xat24cr x1mh8g0r x1vvkbs xtlvy1s\"><span style=\"color: #800000\"><strong>Az esem\u00e9nyen val\u00f3 r\u00e9szv\u00e9tel ingyenes, de regisztr\u00e1ci\u00f3hoz k\u00f6t\u00f6tt, melyet az al\u00e1bbiakban tudnak megtenni:\u00a0<\/strong><\/span><\/div>\n<div class=\"x11i5rnm xat24cr x1mh8g0r x1vvkbs xtlvy1s\">\u00a0<\/div>\n<div>\u00a0<\/div>\n<div class=\"x11i5rnm xat24cr x1mh8g0r x1vvkbs xtlvy1s\">V\u00e1runk mindenkit szeretettel!<\/div>\n<div>\u00a0<\/div>\n","protected":false},"excerpt":{"rendered":"<p>\u00a0 \u00a0 A Nemzeti Film Int\u00e9zettel k\u00f6z\u00f6s szervez\u00e9sben zajl\u00f3 Filmklub sorozatunk k\u00f6vetkez\u0151 filmvet\u00edt\u00e9se: \u00a0 Szel\u00edd (Csuja L\u00e1szl\u00f3, 2022-es rendez\u00e9s\u00e9ben) &nbsp; Edina egy n\u0151i test\u00e9p\u00edt\u0151, aki egy\u00fctt \u00e9l edz\u0151j\u00e9vel, \u00c1d\u00e1mmal. Hogy megnyerj\u00e9k a vil\u00e1gbajnoks\u00e1got, Edin\u00e1nak komoly \u00e1ldozatot kell hoznia. Ek\u00f6zben k\u00fcl\u00f6n\u00f6s kapcsolatba ker\u00fcl egy titokzatos f\u00e9rfival. A tal\u00e1lkoz\u00e1s mindent megv\u00e1ltoztat, amiben a n\u0151 addig hitt. A &hellip;<\/p>\n","protected":false},"author":101947,"featured_media":6478,"comment_status":"closed","ping_status":"closed","sticky":false,"template":"","format":"standard","meta":{"_acf_changed":false,"footnotes":""},"categories":[176],"tags":[251],"class_list":["post-6477","post","type-post","status-publish","format-standard","has-post-thumbnail","hentry","category-filmklub-hu","tag-alumnifilmklub"],"acf":[],"publishpress_future_action":{"enabled":false,"date":"1970-01-01 01:00:00","action":"","terms":[],"taxonomy":"","browser_timezone_offset":0},"_links":{"self":[{"href":"https:\/\/semmelweis.hu\/alumni\/wp-json\/wp\/v2\/posts\/6477","targetHints":{"allow":["GET"]}}],"collection":[{"href":"https:\/\/semmelweis.hu\/alumni\/wp-json\/wp\/v2\/posts"}],"about":[{"href":"https:\/\/semmelweis.hu\/alumni\/wp-json\/wp\/v2\/types\/post"}],"author":[{"embeddable":true,"href":"https:\/\/semmelweis.hu\/alumni\/wp-json\/wp\/v2\/users\/101947"}],"replies":[{"embeddable":true,"href":"https:\/\/semmelweis.hu\/alumni\/wp-json\/wp\/v2\/comments?post=6477"}],"version-history":[{"count":9,"href":"https:\/\/semmelweis.hu\/alumni\/wp-json\/wp\/v2\/posts\/6477\/revisions"}],"predecessor-version":[{"id":21439,"href":"https:\/\/semmelweis.hu\/alumni\/wp-json\/wp\/v2\/posts\/6477\/revisions\/21439"}],"wp:featuredmedia":[{"embeddable":true,"href":"https:\/\/semmelweis.hu\/alumni\/wp-json\/wp\/v2\/media\/6478"}],"wp:attachment":[{"href":"https:\/\/semmelweis.hu\/alumni\/wp-json\/wp\/v2\/media?parent=6477"}],"wp:term":[{"taxonomy":"category","embeddable":true,"href":"https:\/\/semmelweis.hu\/alumni\/wp-json\/wp\/v2\/categories?post=6477"},{"taxonomy":"post_tag","embeddable":true,"href":"https:\/\/semmelweis.hu\/alumni\/wp-json\/wp\/v2\/tags?post=6477"}],"curies":[{"name":"wp","href":"https:\/\/api.w.org\/{rel}","templated":true}]}}