{"id":5362,"date":"2023-08-02T14:32:17","date_gmt":"2023-08-02T12:32:17","guid":{"rendered":"https:\/\/semmelweis.hu\/alumni\/?p=5362"},"modified":"2024-04-05T11:50:47","modified_gmt":"2024-04-05T09:50:47","slug":"jubileumi-evfolyamtalalkozo-9","status":"publish","type":"post","link":"https:\/\/semmelweis.hu\/alumni\/2023\/08\/02\/jubileumi-evfolyamtalalkozo-9\/","title":{"rendered":"JUBILEUMI \u00c9VFOLYAMTAL\u00c1LKOZ\u00d3 \u201969, \u201979, \u201989, \u201999, \u201909, \u201919 \u00c9VEKBEN V\u00c9GZETTEK R\u00c9SZ\u00c9RE"},"content":{"rendered":"<div class=\"lead\">Semmelweis Egyetem, ami \u00f6sszek\u00f6t &#8211; a Semmelweis Egyetem Alumni Igazgat\u00f3s\u00e1ga \u00e9vfolyamtal\u00e1lkoz\u00f3t szervez az 1969-ben, 1979-ben, 1989-ben, 1999-ben, 2009-ben \u00e9s 2019-ben v\u00e9gzettek, valamint k\u00eds\u00e9r\u0151j\u00fck sz\u00e1m\u00e1ra.<\/div>\n<p><img loading=\"lazy\" decoding=\"async\" class=\"size-medium wp-image-4654 alignright\" src=\"https:\/\/semmelweis.hu\/alumni\/files\/2022\/11\/evfolyamtalalkozo_1990_1991_-25-scaled-1-1536x1024-1-400x267.jpg\" alt=\"\" width=\"400\" height=\"267\" srcset=\"https:\/\/semmelweis.hu\/alumni\/files\/2022\/11\/evfolyamtalalkozo_1990_1991_-25-scaled-1-1536x1024-1-400x267.jpg 400w, https:\/\/semmelweis.hu\/alumni\/files\/2022\/11\/evfolyamtalalkozo_1990_1991_-25-scaled-1-1536x1024-1-1024x683.jpg 1024w, https:\/\/semmelweis.hu\/alumni\/files\/2022\/11\/evfolyamtalalkozo_1990_1991_-25-scaled-1-1536x1024-1-768x512.jpg 768w, https:\/\/semmelweis.hu\/alumni\/files\/2022\/11\/evfolyamtalalkozo_1990_1991_-25-scaled-1-1536x1024-1-753x502.jpg 753w, https:\/\/semmelweis.hu\/alumni\/files\/2022\/11\/evfolyamtalalkozo_1990_1991_-25-scaled-1-1536x1024-1-203x135.jpg 203w, https:\/\/semmelweis.hu\/alumni\/files\/2022\/11\/evfolyamtalalkozo_1990_1991_-25-scaled-1-1536x1024-1.jpg 1536w\" sizes=\"auto, (max-width: 400px) 100vw, 400px\" \/><\/p>\n<p><b>Tervezett program<\/b>, mely az el\u0151zetes ig\u00e9nyek szerint lett kialak\u00edtva, de m\u00f3dos\u00edthat\u00f3 az \u00e9vfolyamokkal t\u00f6rt\u00e9n\u0151 egyeztet\u00e9sek ut\u00e1n:<\/p>\n<ul>\n<li>16:00-t\u00f3l Bel\u00e9ptet\u00e9s<\/li>\n<li>16:30-19:30 K\u00f6tetlen besz\u00e9lget\u00e9sek<\/li>\n<li>19:30-t\u00f3l \u00dcnnepi \u00e1ll\u00f3fogad\u00e1s, benne:\n<ul>\n<li>19:30-19:45 K\u00f6sz\u00f6nt\u0151k<\/li>\n<li>19:45-23:00 Sv\u00e9dasztalos \u00e1ll\u00f3fogad\u00e1s<\/li>\n<\/ul>\n<\/li>\n<\/ul>\n<div class=\"keretes w-100\">\n<p><strong>Helysz\u00edn:<\/strong><br \/>\n<span style=\"font-size: 1rem\">Semmelweis Egyetem Nagyv\u00e1rad t\u00e9ri Elm\u00e9leti T\u00f6mb<br \/>\n<\/span><span style=\"font-size: 1rem\">1089 Budapest, Nagyv\u00e1rad t\u00e9r 4.<\/p>\n<p><\/span><strong style=\"font-size: 1rem\">Id\u0151pont:<\/strong><span style=\"font-size: 1rem\"> <br \/>\n<\/span><span style=\"font-size: 1rem\">2024.05.04. szombat 16:00-23:00<\/span><\/p>\n<\/div>\n<p><strong>Regisztr\u00e1ci\u00f3s hat\u00e1rid\u0151: <del>2024.03.25.\u00a0<\/del> Meghosszabb\u00edtva<\/strong><\/p>\n<p>K\u00e9rj\u00fck, k\u00fcldje tov\u00e1bb volt \u00e9vfolyamt\u00e1rsainak a lehet\u0151s\u00e9get, hogy ne maradjon le senki az esem\u00e9nyr\u0151l!<\/p>\n<p><strong>R\u00e9szv\u00e9teli k\u00f6lts\u00e9g:<\/strong> 11.000 Ft\/f\u0151, mely tartalmazza a napk\u00f6zbeni programokon val\u00f3 r\u00e9szv\u00e9telt, illetve a korl\u00e1tlan k\u00e1v\u00e9-, tea-, \u00fcd\u00edt\u0151-, \u00e1sv\u00e1nyv\u00edz- \u00e9s pog\u00e1csafogyaszt\u00e1st, valamint az esti sv\u00e9dasztalos \u00e1ll\u00f3fogad\u00e1son val\u00f3 r\u00e9szv\u00e9telt is (italfogyaszt\u00e1ssal).\u00a0<\/p>\n<div class=\"fontos_div\">\n<p>Lehet\u0151s\u00e9g van k\u00fcl\u00f6nb\u00f6z\u0151 t\u00e1mogat\u00f3i fokozat\u00fa v\u00e1s\u00e1rl\u00e1sra, mellyel a Semmelweis Egyetem Alap\u00edtv\u00e1nyt t\u00e1mogathatja:<\/p>\n<p style=\"padding-left: 40px\">Ez\u00fcst fokozat\u00fa t\u00e1mogat\u00e1s: 20.000 Ft\/f\u0151<\/p>\n<p style=\"padding-left: 40px\">Arany fokozat\u00fa t\u00e1mogat\u00e1s: 40.000 Ft\/f\u0151<\/p>\n<\/div>\n<p><em>A t\u00e1mogat\u00f3i fokozatok ugyanazokat a szolg\u00e1ltat\u00e1sokat tartalmazz\u00e1k, de k\u00e9rj\u00fck, hogy lehet\u0151s\u00e9gei szerint t\u00e1mogassa a szervez\u00e9st \u00e9s az Alap\u00edtv\u00e1ny tev\u00e9kenys\u00e9g\u00e9t!<\/em><\/p>\n<div class=\"fontos_div\">\n<p>Amennyiben k\u00eds\u00e9r\u0151vel \u00e9rkezik, a k\u00eds\u00e9r\u0151 sz\u00e1m\u00e1ra is sz\u00fcks\u00e9ges megv\u00e1s\u00e1rolnia a jegyet!<\/p>\n<\/div>\n<p>A fizet\u00e9si lehet\u0151s\u00e9gekr\u0151l a regisztr\u00e1ci\u00f3 ut\u00e1n e-mailben k\u00fcld\u00fcnk inform\u00e1ci\u00f3kat.<\/p>\n<h2 style=\"text-align: left\">Regisztr\u00e1ci\u00f3:<\/h2>\n<p class=\"wpcf7-contact-form-not-found\"><strong>Hiba:<\/strong> Kapcsolatfelv\u00e9teli \u0171rlap nem tal\u00e1lhat\u00f3.<\/p>\n<div class=\"w-100 lead\">\u00a0<\/div>\n<div>\u00a0<\/div>\n<p><img loading=\"lazy\" decoding=\"async\" class=\"aligncenter wp-image-5364 size-large\" src=\"https:\/\/semmelweis.hu\/alumni\/files\/2023\/08\/20230513_215432_632-1024x683.jpg\" alt=\"\" width=\"753\" height=\"502\" srcset=\"https:\/\/semmelweis.hu\/alumni\/files\/2023\/08\/20230513_215432_632-1024x683.jpg 1024w, https:\/\/semmelweis.hu\/alumni\/files\/2023\/08\/20230513_215432_632-400x267.jpg 400w, https:\/\/semmelweis.hu\/alumni\/files\/2023\/08\/20230513_215432_632-768x512.jpg 768w, https:\/\/semmelweis.hu\/alumni\/files\/2023\/08\/20230513_215432_632-1536x1024.jpg 1536w, https:\/\/semmelweis.hu\/alumni\/files\/2023\/08\/20230513_215432_632-753x502.jpg 753w, https:\/\/semmelweis.hu\/alumni\/files\/2023\/08\/20230513_215432_632-203x135.jpg 203w, https:\/\/semmelweis.hu\/alumni\/files\/2023\/08\/20230513_215432_632.jpg 1800w\" sizes=\"auto, (max-width: 753px) 100vw, 753px\" \/><\/p>\n","protected":false},"excerpt":{"rendered":"<p>Semmelweis Egyetem, ami \u00f6sszek\u00f6t &#8211; a Semmelweis Egyetem Alumni Igazgat\u00f3s\u00e1ga \u00e9vfolyamtal\u00e1lkoz\u00f3t szervez az 1969-ben, 1979-ben, 1989-ben, 1999-ben, 2009-ben \u00e9s 2019-ben v\u00e9gzettek, valamint k\u00eds\u00e9r\u0151j\u00fck sz\u00e1m\u00e1ra. Tervezett program, mely az el\u0151zetes ig\u00e9nyek szerint lett kialak\u00edtva, de m\u00f3dos\u00edthat\u00f3 az \u00e9vfolyamokkal t\u00f6rt\u00e9n\u0151 egyeztet\u00e9sek ut\u00e1n: 16:00-t\u00f3l Bel\u00e9ptet\u00e9s 16:30-19:30 K\u00f6tetlen besz\u00e9lget\u00e9sek 19:30-t\u00f3l \u00dcnnepi \u00e1ll\u00f3fogad\u00e1s, benne: 19:30-19:45 K\u00f6sz\u00f6nt\u0151k 19:45-23:00 Sv\u00e9dasztalos \u00e1ll\u00f3fogad\u00e1s Helysz\u00edn: &hellip;<\/p>\n","protected":false},"author":101627,"featured_media":5364,"comment_status":"closed","ping_status":"closed","sticky":false,"template":"","format":"standard","meta":{"_acf_changed":false,"footnotes":""},"categories":[157],"tags":[],"class_list":["post-5362","post","type-post","status-publish","format-standard","has-post-thumbnail","hentry","category-rendezvenyek"],"acf":[],"publishpress_future_action":{"enabled":false,"date":"1970-01-01 01:00:00","action":"","terms":[],"taxonomy":"","browser_timezone_offset":0},"_links":{"self":[{"href":"https:\/\/semmelweis.hu\/alumni\/wp-json\/wp\/v2\/posts\/5362","targetHints":{"allow":["GET"]}}],"collection":[{"href":"https:\/\/semmelweis.hu\/alumni\/wp-json\/wp\/v2\/posts"}],"about":[{"href":"https:\/\/semmelweis.hu\/alumni\/wp-json\/wp\/v2\/types\/post"}],"author":[{"embeddable":true,"href":"https:\/\/semmelweis.hu\/alumni\/wp-json\/wp\/v2\/users\/101627"}],"replies":[{"embeddable":true,"href":"https:\/\/semmelweis.hu\/alumni\/wp-json\/wp\/v2\/comments?post=5362"}],"version-history":[{"count":11,"href":"https:\/\/semmelweis.hu\/alumni\/wp-json\/wp\/v2\/posts\/5362\/revisions"}],"predecessor-version":[{"id":14909,"href":"https:\/\/semmelweis.hu\/alumni\/wp-json\/wp\/v2\/posts\/5362\/revisions\/14909"}],"wp:featuredmedia":[{"embeddable":true,"href":"https:\/\/semmelweis.hu\/alumni\/wp-json\/wp\/v2\/media\/5364"}],"wp:attachment":[{"href":"https:\/\/semmelweis.hu\/alumni\/wp-json\/wp\/v2\/media?parent=5362"}],"wp:term":[{"taxonomy":"category","embeddable":true,"href":"https:\/\/semmelweis.hu\/alumni\/wp-json\/wp\/v2\/categories?post=5362"},{"taxonomy":"post_tag","embeddable":true,"href":"https:\/\/semmelweis.hu\/alumni\/wp-json\/wp\/v2\/tags?post=5362"}],"curies":[{"name":"wp","href":"https:\/\/api.w.org\/{rel}","templated":true}]}}