{"id":4194,"date":"2022-06-30T11:22:14","date_gmt":"2022-06-30T09:22:14","guid":{"rendered":"https:\/\/semmelweis.hu\/alumni\/?p=4194"},"modified":"2022-07-28T11:24:00","modified_gmt":"2022-07-28T09:24:00","slug":"dr-kornafeld-anna-semmelweiseskent-rengeteg-kivalo-mesterrel-talalkozhatunk","status":"publish","type":"post","link":"https:\/\/semmelweis.hu\/alumni\/2022\/06\/30\/dr-kornafeld-anna-semmelweiseskent-rengeteg-kivalo-mesterrel-talalkozhatunk\/","title":{"rendered":"DR. KORNAFELD ANNA: SEMMELWEISESK\u00c9NT RENGETEG KIV\u00c1L\u00d3 MESTERREL TAL\u00c1LKOZHATUNK"},"content":{"rendered":"<blockquote class=\"wp-embedded-content\" data-secret=\"ahAzAnCL0I\"><p><a href=\"https:\/\/semmelweis.hu\/hirek\/2022\/07\/20\/dr-kornafeld-anna-semmelweiseskent-rengeteg-kivalo-mesterrel-talalkozhatunk\/\">Dr. Kornafeld Anna: Semmelweisesk\u00e9nt rengeteg kiv\u00e1l\u00f3 mesterrel tal\u00e1lkozhatunk<\/a><\/p><\/blockquote>\n<p><iframe loading=\"lazy\" class=\"wp-embedded-content\" sandbox=\"allow-scripts\" security=\"restricted\" style=\"position: absolute; clip: rect(1px, 1px, 1px, 1px);\" title=\"&#8220;Dr. Kornafeld Anna: Semmelweisesk\u00e9nt rengeteg kiv\u00e1l\u00f3 mesterrel tal\u00e1lkozhatunk&#8221; &#8212; Semmelweis H\u00edrek\" src=\"https:\/\/semmelweis.hu\/hirek\/2022\/07\/20\/dr-kornafeld-anna-semmelweiseskent-rengeteg-kivalo-mesterrel-talalkozhatunk\/embed\/#?secret=ahAzAnCL0I\" data-secret=\"ahAzAnCL0I\" width=\"600\" height=\"338\" frameborder=\"0\" marginwidth=\"0\" marginheight=\"0\" scrolling=\"no\"><\/iframe><\/p>\n","protected":false},"excerpt":{"rendered":"<p><a href=\"https:\/\/semmelweis.hu\/hirek\/2022\/07\/20\/dr-kornafeld-anna-semmelweiseskent-rengeteg-kivalo-mesterrel-talalkozhatunk\/\">Dr. Kornafeld Anna: Semmelweisesk\u00e9nt rengeteg kiv\u00e1l\u00f3 mesterrel tal\u00e1lkozhatunk<\/a><\/p>\n","protected":false},"author":101627,"featured_media":0,"comment_status":"closed","ping_status":"closed","sticky":false,"template":"","format":"standard","meta":{"_acf_changed":false,"footnotes":""},"categories":[1],"tags":[115],"class_list":["post-4194","post","type-post","status-publish","format-standard","hentry","category-hirek","tag-alumni-portrek"],"acf":[],"publishpress_future_action":{"enabled":false,"date":"1970-01-01 01:00:00","action":"","terms":[],"taxonomy":"","browser_timezone_offset":0},"_links":{"self":[{"href":"https:\/\/semmelweis.hu\/alumni\/wp-json\/wp\/v2\/posts\/4194","targetHints":{"allow":["GET"]}}],"collection":[{"href":"https:\/\/semmelweis.hu\/alumni\/wp-json\/wp\/v2\/posts"}],"about":[{"href":"https:\/\/semmelweis.hu\/alumni\/wp-json\/wp\/v2\/types\/post"}],"author":[{"embeddable":true,"href":"https:\/\/semmelweis.hu\/alumni\/wp-json\/wp\/v2\/users\/101627"}],"replies":[{"embeddable":true,"href":"https:\/\/semmelweis.hu\/alumni\/wp-json\/wp\/v2\/comments?post=4194"}],"version-history":[{"count":1,"href":"https:\/\/semmelweis.hu\/alumni\/wp-json\/wp\/v2\/posts\/4194\/revisions"}],"predecessor-version":[{"id":4195,"href":"https:\/\/semmelweis.hu\/alumni\/wp-json\/wp\/v2\/posts\/4194\/revisions\/4195"}],"wp:attachment":[{"href":"https:\/\/semmelweis.hu\/alumni\/wp-json\/wp\/v2\/media?parent=4194"}],"wp:term":[{"taxonomy":"category","embeddable":true,"href":"https:\/\/semmelweis.hu\/alumni\/wp-json\/wp\/v2\/categories?post=4194"},{"taxonomy":"post_tag","embeddable":true,"href":"https:\/\/semmelweis.hu\/alumni\/wp-json\/wp\/v2\/tags?post=4194"}],"curies":[{"name":"wp","href":"https:\/\/api.w.org\/{rel}","templated":true}]}}