{"id":41588,"date":"2026-04-28T09:54:16","date_gmt":"2026-04-28T07:54:16","guid":{"rendered":"https:\/\/semmelweis.hu\/alumni\/?p=41588"},"modified":"2026-04-28T09:54:16","modified_gmt":"2026-04-28T07:54:16","slug":"kozel-500-alumnus-reszvetelevel-valosult-meg-a-semmelweis-jubileumi-evfolyamtalalkozo-a-tavaszi-felevben","status":"publish","type":"post","link":"https:\/\/semmelweis.hu\/alumni\/2026\/04\/28\/kozel-500-alumnus-reszvetelevel-valosult-meg-a-semmelweis-jubileumi-evfolyamtalalkozo-a-tavaszi-felevben\/","title":{"rendered":"K\u00f6zel 500 alumnus r\u00e9szv\u00e9tel\u00e9vel val\u00f3sult meg a Semmelweis jubileumi \u00e9vfolyamtal\u00e1lkoz\u00f3 a tavaszi f\u00e9l\u00e9vben"},"content":{"rendered":"<h6 style=\"text-align: justify\"><strong>Az 1966-ban, 1976-ban, 1986-ban, 1996-ban, 2006-ban, 2016-ban v\u00e9gzett orvosok, fogorvosok \u00e9s gy\u00f3gyszer\u00e9szek r\u00e9sz\u00e9re rendezett jubileumi \u00e9vfolyamtal\u00e1lkoz\u00f3t a Nemzetk\u00f6zi Kapcsolatok \u00e9s Alumni Igazgat\u00f3s\u00e1g \u00e1prilis v\u00e9g\u00e9n a Nagyv\u00e1rad t\u00e9ri Elm\u00e9leti T\u00f6mbben. Az \u00fcnnepi rendezv\u00e9ny sor\u00e1n a 10, 20, 30, 40, 50 vagy 60 \u00e9vvel ezel\u0151tt a Semmelweis Egyetemen v\u00e9gzett alumnusoknak biztos\u00edtottunk lehet\u0151s\u00e9get az \u00fajra-tal\u00e1lkoz\u00e1sra \u00e9s a k\u00f6z\u00f6s eml\u00e9kek felid\u00e9z\u00e9s\u00e9re a r\u00e9gi bar\u00e1tokkal, csoport- \u00e9s \u00e9vfolyamt\u00e1rsakkal. A megjelenteket dr. Heged\u00fcs Tam\u00e1s, a Nemzetk\u00f6zi Kapcsolatok \u00e9s Alumni Igazgat\u00f3s\u00e1g igazgat\u00f3ja k\u00f6sz\u00f6nt\u00f6tte. Az est folyam\u00e1n a j\u00f3 hangulatr\u00f3l az alumnusok alkotta Medicolor Zenekar gondoskodott.<\/strong><\/h6>\n<p><img loading=\"lazy\" decoding=\"async\" class=\"aligncenter wp-image-41589 size-full\" src=\"https:\/\/semmelweis.hu\/alumni\/files\/2026\/04\/04.18_Evfolyamtalalkozo-23-scaled.jpg\" alt=\"\" width=\"2560\" height=\"1707\" srcset=\"https:\/\/semmelweis.hu\/alumni\/files\/2026\/04\/04.18_Evfolyamtalalkozo-23-scaled.jpg 2560w, https:\/\/semmelweis.hu\/alumni\/files\/2026\/04\/04.18_Evfolyamtalalkozo-23-400x267.jpg 400w, https:\/\/semmelweis.hu\/alumni\/files\/2026\/04\/04.18_Evfolyamtalalkozo-23-1024x683.jpg 1024w, https:\/\/semmelweis.hu\/alumni\/files\/2026\/04\/04.18_Evfolyamtalalkozo-23-768x512.jpg 768w, https:\/\/semmelweis.hu\/alumni\/files\/2026\/04\/04.18_Evfolyamtalalkozo-23-1536x1024.jpg 1536w, https:\/\/semmelweis.hu\/alumni\/files\/2026\/04\/04.18_Evfolyamtalalkozo-23-2048x1365.jpg 2048w, https:\/\/semmelweis.hu\/alumni\/files\/2026\/04\/04.18_Evfolyamtalalkozo-23-753x502.jpg 753w, https:\/\/semmelweis.hu\/alumni\/files\/2026\/04\/04.18_Evfolyamtalalkozo-23-203x135.jpg 203w\" sizes=\"auto, (max-width: 2560px) 100vw, 2560px\" \/><\/p>\n<h6 style=\"text-align: justify\">Az \u00e9vfolyamtal\u00e1lkoz\u00f3 sor\u00e1n az \u00c1ltal\u00e1nos Orvostudom\u00e1nyi Kar (\u00c1OK), a Fogorvostudom\u00e1nyi Kar (FOK) \u00e9s a Gy\u00f3gyszer\u00e9sztudom\u00e1nyi Kar (GYTK) alumnusai visszat\u00e9rtek a Nagyv\u00e1rad t\u00e9ri Elm\u00e9leti T\u00f6mb (NET) el\u0151ad\u00f3i \u00e9s szemin\u00e1riumi termeibe, ahol felid\u00e9zhett\u00e9k k\u00f6z\u00f6s eml\u00e9keiket az egyetemi \u00e9vekb\u0151l, valamint megoszthatt\u00e1k egym\u00e1ssal az elm\u00falt id\u0151szak esem\u00e9nyeit, szakmai \u00fatjuk fordulatait \u00e9s szem\u00e9lyes t\u00f6rt\u00e9neteiket. A helysz\u00ednnek k\u00f6sz\u00f6nhet\u0151en a r\u00e9sztvev\u0151k visszaeml\u00e9kezhettek a k\u00f6z\u00f6s tanul\u00e1s, a vizsg\u00e1k \u00e9s a k\u00f6z\u00f6ss\u00e9gi esem\u00e9nyek t\u00f6rt\u00e9neteire, sikerekre \u00e9s kudarcokra egyar\u00e1nt. A k\u00f6tetlen besz\u00e9lget\u00e9sek sor\u00e1n az alumnusok megoszthatt\u00e1k egym\u00e1ssal szakmai p\u00e1ly\u00e1juk alakul\u00e1s\u00e1t, \u00e9let\u00fatjuk fontos \u00e1llom\u00e1sait, valamint betekint\u00e9st nyerhettek egym\u00e1s jelenlegi tev\u00e9kenys\u00e9g\u00e9be is.<\/h6>\n<h6 style=\"text-align: justify\">Az est a D\u00edszteremben \u00e9s a Tan\u00e1csteremben folytat\u00f3dott. Az \u00fcnnepi \u00e1ll\u00f3fogad\u00e1st megel\u0151z\u0151en dr. Heged\u00fcs Tam\u00e1s, a Nemzetk\u00f6zi Kapcsolatok \u00e9s Alumni Igazgat\u00f3s\u00e1g igazgat\u00f3ja mondott k\u00f6sz\u00f6nt\u0151t. Besz\u00e9d\u00e9ben a Semmelweis Alumni k\u00f6z\u00f6ss\u00e9g \u00f6sszetart\u00f3 erej\u00e9t \u00e9s az egyetemhez f\u0171z\u0151d\u0151 szakmai \u00e9s \u00e9rzelmi k\u00f6t\u0151d\u00e9s jelent\u0151s\u00e9g\u00e9t is hangs\u00falyozta.<\/h6>\n<h6 style=\"text-align: justify\">A\u00a0 jubileumi \u00e9vfolyamtal\u00e1lkoz\u00f3 k\u00f6zel 500 alumnus r\u00e9szv\u00e9tel\u00e9vel val\u00f3sult meg nemcsak k\u00f6z\u00f6ss\u00e9gi, hanem j\u00f3t\u00e9konys\u00e1gi esem\u00e9nyk\u00e9nt. Az elm\u00falt \u00e9vekhez hasonl\u00f3an id\u00e9n is volt lehet\u0151s\u00e9g az esem\u00e9ny kapcs\u00e1n t\u00e1mogat\u00e1st felaj\u00e1nlani, \u00edgy a Semmelweis Alumni K\u00f6z\u00f6ss\u00e9g az int\u00e9zm\u00e9ny ir\u00e1nti elk\u00f6telezetts\u00e9g\u00fck jelenk\u00e9nt ez alkalommal is t\u00e1mogatta a Semmelweis Egyetem Alap\u00edtv\u00e1ny tev\u00e9kenys\u00e9g\u00e9t.<\/h6>\n\r\n        [slb_exclude]\r\n        <div class=\"row galeria-wrapper mx-0 h-auto\">\r\n            <div class=\"col-9 pl-0 pr-2\">\r\n            <span class=\"gallery-item frame\">\r\n\t\t\t\t<div class=\"galeria-left-img\"><a href=\"https:\/\/semmelweis.hu\/alumni\/files\/2026\/04\/04.18_Evfolyamtalalkozo-102-scaled.jpg\"><img src=https:\/\/semmelweis.hu\/alumni\/files\/2026\/04\/04.18_Evfolyamtalalkozo-102-scaled.jpg  \r\n                            alt=\"\" \r\n                            class=\"attachment-sote-gallery-big size-sote-gallery-big\" \r\n                            srcset=\"https:\/\/semmelweis.hu\/alumni\/files\/2026\/04\/04.18_Evfolyamtalalkozo-102-400x267.jpg 400w, https:\/\/semmelweis.hu\/alumni\/files\/2026\/04\/04.18_Evfolyamtalalkozo-102-1024x683.jpg 1024w, https:\/\/semmelweis.hu\/alumni\/files\/2026\/04\/04.18_Evfolyamtalalkozo-102-768x512.jpg 768w, https:\/\/semmelweis.hu\/alumni\/files\/2026\/04\/04.18_Evfolyamtalalkozo-102-1536x1024.jpg 1536w, https:\/\/semmelweis.hu\/alumni\/files\/2026\/04\/04.18_Evfolyamtalalkozo-102-2048x1365.jpg 2048w, https:\/\/semmelweis.hu\/alumni\/files\/2026\/04\/04.18_Evfolyamtalalkozo-102-753x502.jpg 753w, https:\/\/semmelweis.hu\/alumni\/files\/2026\/04\/04.18_Evfolyamtalalkozo-102-203x135.jpg 203w\" ><\/a><\/div>\r\n            <\/span>\r\n\r\n            <\/div>\r\n\r\n\t\t\t<div class=\"col-3 pl-0 pr-0\">\r\n\t\t\t\t<div class=\"galeria-right-img d-flex justify-content-between flex-column h-100 w-100 px-0 mx-0 \">\r\n                <div class=\"galeria-box\">\r\n\t\t\t\t\t<h3 class=\"galeria-title\">Gal\u00e9ria<\/h3>\r\n\t\t\t\t\t<div class=\"galeria-subtitle\">\r\n\r\n\t\t\t\t\t\t<div class=\"galeria-page-counter\"><span>6<\/span>k\u00e9p<\/div>\r\n                    <\/div> <\/div>\r\n                    <span class=\"gallery-item frame d-none d-md-flex\">\r\n\t\t\t\t\t<div class=\"galeria-small-img mt-0\"><a href=\"https:\/\/semmelweis.hu\/alumni\/files\/2026\/04\/04.18_Evfolyamtalalkozo-33-scaled.jpg\"><img src=https:\/\/semmelweis.hu\/alumni\/files\/2026\/04\/04.18_Evfolyamtalalkozo-33-scaled.jpg \r\n                                alt=\"\"  \r\n                                class=\"attachment-sote-gallery-small size-sote-gallery-small\" \r\n                                srcset=\"https:\/\/semmelweis.hu\/alumni\/files\/2026\/04\/04.18_Evfolyamtalalkozo-33-400x267.jpg 400w, https:\/\/semmelweis.hu\/alumni\/files\/2026\/04\/04.18_Evfolyamtalalkozo-33-1024x683.jpg 1024w, https:\/\/semmelweis.hu\/alumni\/files\/2026\/04\/04.18_Evfolyamtalalkozo-33-768x512.jpg 768w, https:\/\/semmelweis.hu\/alumni\/files\/2026\/04\/04.18_Evfolyamtalalkozo-33-1536x1024.jpg 1536w, https:\/\/semmelweis.hu\/alumni\/files\/2026\/04\/04.18_Evfolyamtalalkozo-33-2048x1365.jpg 2048w, https:\/\/semmelweis.hu\/alumni\/files\/2026\/04\/04.18_Evfolyamtalalkozo-33-753x502.jpg 753w, https:\/\/semmelweis.hu\/alumni\/files\/2026\/04\/04.18_Evfolyamtalalkozo-33-203x135.jpg 203w\" ><\/a><\/div>\r\n                    <\/span>\r\n                    <span class=\"gallery-item frame d-none d-md-flex\">\r\n\t\t\t\t\t<div class=\"galeria-small-img mt-0\"><a href=\"https:\/\/semmelweis.hu\/alumni\/files\/2026\/04\/04.18_Evfolyamtalalkozo-35-scaled.jpg\"><img src=https:\/\/semmelweis.hu\/alumni\/files\/2026\/04\/04.18_Evfolyamtalalkozo-35-scaled.jpg \r\n                                alt=\"\" \r\n                                class=\"attachment-sote-gallery-small size-sote-gallery-small\" \r\n                                srcset=\"https:\/\/semmelweis.hu\/alumni\/files\/2026\/04\/04.18_Evfolyamtalalkozo-35-400x267.jpg 400w, https:\/\/semmelweis.hu\/alumni\/files\/2026\/04\/04.18_Evfolyamtalalkozo-35-1024x683.jpg 1024w, https:\/\/semmelweis.hu\/alumni\/files\/2026\/04\/04.18_Evfolyamtalalkozo-35-768x512.jpg 768w, https:\/\/semmelweis.hu\/alumni\/files\/2026\/04\/04.18_Evfolyamtalalkozo-35-1536x1024.jpg 1536w, https:\/\/semmelweis.hu\/alumni\/files\/2026\/04\/04.18_Evfolyamtalalkozo-35-2048x1365.jpg 2048w, https:\/\/semmelweis.hu\/alumni\/files\/2026\/04\/04.18_Evfolyamtalalkozo-35-753x502.jpg 753w, https:\/\/semmelweis.hu\/alumni\/files\/2026\/04\/04.18_Evfolyamtalalkozo-35-203x135.jpg 203w\" ><\/a><\/div>\r\n                    <\/span>\r\n\r\n                <\/div>\r\n\r\n            <\/div>\r\n\r\n            <span class=\"gallery-item\"><div class=\"hidden\"><a href=\"https:\/\/semmelweis.hu\/alumni\/files\/2026\/04\/04.18_Evfolyamtalalkozo-71-scaled.jpg\">\r\n        <img src=https:\/\/semmelweis.hu\/alumni\/files\/2026\/04\/04.18_Evfolyamtalalkozo-71-scaled.jpg alt=\"\" class=\"attachment-sote-gallery-big size-sote-gallery-big\" srcset=\"https:\/\/semmelweis.hu\/alumni\/files\/2026\/04\/04.18_Evfolyamtalalkozo-71-400x267.jpg 400w, https:\/\/semmelweis.hu\/alumni\/files\/2026\/04\/04.18_Evfolyamtalalkozo-71-1024x683.jpg 1024w, https:\/\/semmelweis.hu\/alumni\/files\/2026\/04\/04.18_Evfolyamtalalkozo-71-768x512.jpg 768w, https:\/\/semmelweis.hu\/alumni\/files\/2026\/04\/04.18_Evfolyamtalalkozo-71-1536x1024.jpg 1536w, https:\/\/semmelweis.hu\/alumni\/files\/2026\/04\/04.18_Evfolyamtalalkozo-71-2048x1365.jpg 2048w, https:\/\/semmelweis.hu\/alumni\/files\/2026\/04\/04.18_Evfolyamtalalkozo-71-753x502.jpg 753w, https:\/\/semmelweis.hu\/alumni\/files\/2026\/04\/04.18_Evfolyamtalalkozo-71-203x135.jpg 203w\" >\r\n        <\/a><\/div><\/span><span class=\"gallery-item\"><div class=\"hidden\"><a href=\"https:\/\/semmelweis.hu\/alumni\/files\/2026\/04\/04.18_Evfolyamtalalkozo-106-scaled.jpg\">\r\n        <img src=https:\/\/semmelweis.hu\/alumni\/files\/2026\/04\/04.18_Evfolyamtalalkozo-106-scaled.jpg alt=\"\" class=\"attachment-sote-gallery-big size-sote-gallery-big\" srcset=\"https:\/\/semmelweis.hu\/alumni\/files\/2026\/04\/04.18_Evfolyamtalalkozo-106-400x267.jpg 400w, https:\/\/semmelweis.hu\/alumni\/files\/2026\/04\/04.18_Evfolyamtalalkozo-106-1024x683.jpg 1024w, https:\/\/semmelweis.hu\/alumni\/files\/2026\/04\/04.18_Evfolyamtalalkozo-106-768x512.jpg 768w, https:\/\/semmelweis.hu\/alumni\/files\/2026\/04\/04.18_Evfolyamtalalkozo-106-1536x1024.jpg 1536w, https:\/\/semmelweis.hu\/alumni\/files\/2026\/04\/04.18_Evfolyamtalalkozo-106-2048x1365.jpg 2048w, https:\/\/semmelweis.hu\/alumni\/files\/2026\/04\/04.18_Evfolyamtalalkozo-106-753x502.jpg 753w, https:\/\/semmelweis.hu\/alumni\/files\/2026\/04\/04.18_Evfolyamtalalkozo-106-203x135.jpg 203w\" >\r\n        <\/a><\/div><\/span><span class=\"gallery-item\"><div class=\"hidden\"><a href=\"https:\/\/semmelweis.hu\/alumni\/files\/2026\/04\/04.18_Evfolyamtalalkozo-76-scaled.jpg\">\r\n        <img src=https:\/\/semmelweis.hu\/alumni\/files\/2026\/04\/04.18_Evfolyamtalalkozo-76-scaled.jpg alt=\"\" class=\"attachment-sote-gallery-big size-sote-gallery-big\" srcset=\"https:\/\/semmelweis.hu\/alumni\/files\/2026\/04\/04.18_Evfolyamtalalkozo-76-400x267.jpg 400w, https:\/\/semmelweis.hu\/alumni\/files\/2026\/04\/04.18_Evfolyamtalalkozo-76-1024x683.jpg 1024w, https:\/\/semmelweis.hu\/alumni\/files\/2026\/04\/04.18_Evfolyamtalalkozo-76-768x512.jpg 768w, https:\/\/semmelweis.hu\/alumni\/files\/2026\/04\/04.18_Evfolyamtalalkozo-76-1536x1024.jpg 1536w, https:\/\/semmelweis.hu\/alumni\/files\/2026\/04\/04.18_Evfolyamtalalkozo-76-2048x1365.jpg 2048w, https:\/\/semmelweis.hu\/alumni\/files\/2026\/04\/04.18_Evfolyamtalalkozo-76-753x502.jpg 753w, https:\/\/semmelweis.hu\/alumni\/files\/2026\/04\/04.18_Evfolyamtalalkozo-76-203x135.jpg 203w\" >\r\n        <\/a><\/div><\/span>\r\n            <\/div>\r\n\r\n            [\/slb_exclude]\r\n\t\n<div class=\"fontos_div\">\n<h6>Tov\u00e1bbi rendezv\u00e9nyfot\u00f3k a <a href=\"https:\/\/www.facebook.com\/media\/set\/?vanity=alumnisemmelweisuniv&amp;set=a.1605604564687899\">Semmelweis Alumni <em>Facebook oldal\u00e1n<\/em><\/a>\u00a0\u00e9rhet\u0151ek el.<\/h6>\n<\/div>\n<h6><em>A Semmelweis Alumni <\/em><em>a hagyom\u00e1nyokat folytatva <\/em><em>2026. november 21-\u00e9n az 1961-ben, 1971-ben, 1981-ben, 1991-ben, 2001-ben, 2011-ben \u00e9s a 2021-ben v\u00e9gzettek \u00e9s k\u00eds\u00e9r\u0151j\u00fck sz\u00e1m\u00e1ra fog jubileumi \u00e9vfolyamtal\u00e1lkoz\u00f3t szervezni, <\/em><em>amelyre sok szeretettel v\u00e1rjuk a Semmelweis Egyetem egykori hallgat\u00f3it \u00e9s k\u00eds\u00e9r\u0151iket. <\/em><\/h6>\n<h6>Tov\u00e1bbi r\u00e9szletek \u00e9s a jelentkez\u00e9si fel\u00fclet <a href=\"https:\/\/semmelweis.hu\/alumni\/2026\/01\/27\/jubileumi-evfolyamtalalkozok-2026\/\">ide kattintva\u00a0<\/a>\u00e9rhet\u0151 el.<\/h6>\n<p>&nbsp;<\/p>\n<h6><span style=\"font-size: 10pt\">dr. Fecser Zsuzsanna &#8211; Semmelweis Egyetem Nemzetk\u00f6zi Kapcsolatok \u00e9s Alumni Igazgat\u00f3s\u00e1g<\/span><\/h6>\n<h6><span style=\"font-size: 10pt\">Fot\u00f3: Lipt\u00e1k Zolt\u00e1n &#8211; Semmelweis Egyetem Nemzetk\u00f6zi Kapcsolatok \u00e9s Alumni Igazgat\u00f3s\u00e1g<\/span><\/h6>\n","protected":false},"excerpt":{"rendered":"<p>Az 1966-ban, 1976-ban, 1986-ban, 1996-ban, 2006-ban, 2016-ban v\u00e9gzett orvosok, fogorvosok \u00e9s gy\u00f3gyszer\u00e9szek r\u00e9sz\u00e9re rendezett jubileumi \u00e9vfolyamtal\u00e1lkoz\u00f3t a Nemzetk\u00f6zi Kapcsolatok \u00e9s Alumni Igazgat\u00f3s\u00e1g \u00e1prilis v\u00e9g\u00e9n a Nagyv\u00e1rad t\u00e9ri Elm\u00e9leti T\u00f6mbben. Az \u00fcnnepi rendezv\u00e9ny sor\u00e1n a 10, 20, 30, 40, 50 vagy 60 \u00e9vvel ezel\u0151tt a Semmelweis Egyetemen v\u00e9gzett alumnusoknak biztos\u00edtottunk lehet\u0151s\u00e9get az \u00fajra-tal\u00e1lkoz\u00e1sra \u00e9s a k\u00f6z\u00f6s &hellip;<\/p>\n","protected":false},"author":102491,"featured_media":41589,"comment_status":"closed","ping_status":"closed","sticky":false,"template":"","format":"standard","meta":{"_acf_changed":false,"footnotes":""},"categories":[239,1],"tags":[],"class_list":["post-41588","post","type-post","status-publish","format-standard","has-post-thumbnail","hentry","category-evfolyamtalalkozo","category-hirek"],"acf":[],"publishpress_future_action":{"enabled":false,"date":"1970-01-01 01:00:00","action":"","terms":[],"taxonomy":"","browser_timezone_offset":0},"_links":{"self":[{"href":"https:\/\/semmelweis.hu\/alumni\/wp-json\/wp\/v2\/posts\/41588","targetHints":{"allow":["GET"]}}],"collection":[{"href":"https:\/\/semmelweis.hu\/alumni\/wp-json\/wp\/v2\/posts"}],"about":[{"href":"https:\/\/semmelweis.hu\/alumni\/wp-json\/wp\/v2\/types\/post"}],"author":[{"embeddable":true,"href":"https:\/\/semmelweis.hu\/alumni\/wp-json\/wp\/v2\/users\/102491"}],"replies":[{"embeddable":true,"href":"https:\/\/semmelweis.hu\/alumni\/wp-json\/wp\/v2\/comments?post=41588"}],"version-history":[{"count":3,"href":"https:\/\/semmelweis.hu\/alumni\/wp-json\/wp\/v2\/posts\/41588\/revisions"}],"predecessor-version":[{"id":41600,"href":"https:\/\/semmelweis.hu\/alumni\/wp-json\/wp\/v2\/posts\/41588\/revisions\/41600"}],"wp:featuredmedia":[{"embeddable":true,"href":"https:\/\/semmelweis.hu\/alumni\/wp-json\/wp\/v2\/media\/41589"}],"wp:attachment":[{"href":"https:\/\/semmelweis.hu\/alumni\/wp-json\/wp\/v2\/media?parent=41588"}],"wp:term":[{"taxonomy":"category","embeddable":true,"href":"https:\/\/semmelweis.hu\/alumni\/wp-json\/wp\/v2\/categories?post=41588"},{"taxonomy":"post_tag","embeddable":true,"href":"https:\/\/semmelweis.hu\/alumni\/wp-json\/wp\/v2\/tags?post=41588"}],"curies":[{"name":"wp","href":"https:\/\/api.w.org\/{rel}","templated":true}]}}