{"id":41436,"date":"2026-04-29T14:40:57","date_gmt":"2026-04-29T12:40:57","guid":{"rendered":"https:\/\/semmelweis.hu\/alumni\/?p=41436"},"modified":"2026-04-29T14:42:41","modified_gmt":"2026-04-29T12:42:41","slug":"bor-tudas-es-elmeny-egy-helyen-ii-semmelweis-borongolo","status":"publish","type":"post","link":"https:\/\/semmelweis.hu\/alumni\/2026\/04\/29\/bor-tudas-es-elmeny-egy-helyen-ii-semmelweis-borongolo\/","title":{"rendered":"Bor, tud\u00e1s \u00e9s \u00e9lm\u00e9ny egy helyen \u2013 II. Semmelweis BORONGOL\u00d3"},"content":{"rendered":"<h6>\u00c1prilis 17-\u00e9n k\u00f6zel <strong>450 r\u00e9sztvev\u0151vel<\/strong> ker\u00fclt megrendez\u00e9sre a <strong>II. Semmelweis Borongol\u00f3<\/strong>, amely az <a href=\"https:\/\/www.orszagosbortura.hu\/\">Orsz\u00e1gos Bort\u00far\u00e1val<\/a> k\u00f6z\u00f6s szervez\u00e9sben val\u00f3sult meg. A rendezv\u00e9ny t\u00f6bbek k\u00f6z\u00f6tt kiv\u00e1l\u00f3 lehet\u0151s\u00e9get biztos\u00edtott az egyetem keretein bel\u00fcl a \u201e<strong>Borkultur\u00e1lis alapismeretek \u00e9s eg\u00e9szs\u00e9g\u00fcgyi vonatkoz\u00e1sai<\/strong>\u201d c\u00edm\u0171 szabadon v\u00e1laszthat\u00f3 kurzus hallgat\u00f3i sz\u00e1m\u00e1ra, hogy k\u00f6zvetlen tapasztalatokon kereszt\u00fcl b\u0151v\u00edts\u00e9k ismereteiket a bor vil\u00e1g\u00e1r\u00f3l.<\/h6>\n<p><img loading=\"lazy\" decoding=\"async\" class=\"size-large wp-image-41401 aligncenter\" src=\"https:\/\/semmelweis.hu\/alumni\/files\/2026\/04\/RS236125_0E1A0804_scl-1024x683.jpg\" alt=\"\" width=\"753\" height=\"502\" srcset=\"https:\/\/semmelweis.hu\/alumni\/files\/2026\/04\/RS236125_0E1A0804_scl-1024x683.jpg 1024w, https:\/\/semmelweis.hu\/alumni\/files\/2026\/04\/RS236125_0E1A0804_scl-400x267.jpg 400w, https:\/\/semmelweis.hu\/alumni\/files\/2026\/04\/RS236125_0E1A0804_scl-768x512.jpg 768w, https:\/\/semmelweis.hu\/alumni\/files\/2026\/04\/RS236125_0E1A0804_scl-753x502.jpg 753w, https:\/\/semmelweis.hu\/alumni\/files\/2026\/04\/RS236125_0E1A0804_scl-203x135.jpg 203w, https:\/\/semmelweis.hu\/alumni\/files\/2026\/04\/RS236125_0E1A0804_scl.jpg 1200w\" sizes=\"auto, (max-width: 753px) 100vw, 753px\" \/><\/p>\n<h6>Az esem\u00e9nyen <strong>37 hazai bor\u00e1szati ki\u00e1ll\u00edt\u00f3<\/strong> k\u00e9pviseltette mag\u00e1t, az orsz\u00e1g legjelent\u0151sebb borvid\u00e9keir\u0151l: Tokajt\u00f3l a Balatonig, Vill\u00e1nyt\u00f3l Etyekig. A l\u00e1togat\u00f3k \u00edgy egyetlen helysz\u00ednen \u201eborongolhattak\u201d v\u00e9gig <strong>Magyarorsz\u00e1g v\u00e1ltozatos bork\u00edn\u00e1lat\u00e1n<\/strong>, mik\u00f6zben k\u00f6zvetlen\u00fcl a termel\u0151kt\u0151l hallhattak a borok m\u00f6g\u00f6tt \u00e1ll\u00f3 t\u00f6rt\u00e9netekr\u0151l \u00e9s szakmai r\u00e9szletekr\u0151l.<\/h6>\n<h6>Kiemelked\u0151 szerepet kaptak a fiatal bor\u00e1szok is: a <strong>Junibor \u2013 Fiatal Bor\u00e1szok Egyes\u00fclete<\/strong> tagjai sz\u00e9p sz\u00e1mban voltak jelen, bemutatva a felt\u00f6rekv\u0151 gener\u00e1ci\u00f3 lend\u00fclet\u00e9t \u00e9s innovat\u00edv szeml\u00e9let\u00e9t. A bor\u00e1szatok sz\u00e1m\u00e1ra az esem\u00e9ny nemcsak bemutatkoz\u00e1si lehet\u0151s\u00e9get, hanem k\u00f6zvetlen kapcsolat\u00e9p\u00edt\u00e9st is jelentett a fiatal, nyitott k\u00f6z\u00f6ns\u00e9ggel.<\/h6>\n<h6><img loading=\"lazy\" decoding=\"async\" class=\"size-large wp-image-41402 aligncenter\" src=\"https:\/\/semmelweis.hu\/alumni\/files\/2026\/04\/RS236139_0E1A0860_scl-1024x683.jpg\" alt=\"\" width=\"753\" height=\"502\" srcset=\"https:\/\/semmelweis.hu\/alumni\/files\/2026\/04\/RS236139_0E1A0860_scl-1024x683.jpg 1024w, https:\/\/semmelweis.hu\/alumni\/files\/2026\/04\/RS236139_0E1A0860_scl-400x267.jpg 400w, https:\/\/semmelweis.hu\/alumni\/files\/2026\/04\/RS236139_0E1A0860_scl-768x512.jpg 768w, https:\/\/semmelweis.hu\/alumni\/files\/2026\/04\/RS236139_0E1A0860_scl-753x502.jpg 753w, https:\/\/semmelweis.hu\/alumni\/files\/2026\/04\/RS236139_0E1A0860_scl-203x135.jpg 203w, https:\/\/semmelweis.hu\/alumni\/files\/2026\/04\/RS236139_0E1A0860_scl.jpg 1200w\" sizes=\"auto, (max-width: 753px) 100vw, 753px\" \/><\/h6>\n<h6>A program k\u00fcl\u00f6nlegess\u00e9g\u00e9t tov\u00e1bb emelte, hogy az <strong>ALIBI M\u0171gy\u0171jt\u0151 \u00e9s Mec\u00e9n\u00e1s Szalon m\u0171v\u00e9szei<\/strong> is bemutatkoztak alkot\u00e1saikkal, \u00edgy a borok mell\u00e9 a k\u00e9pz\u0151m\u0171v\u00e9szet is t\u00e1rsult. A vend\u00e9gek k\u00e9nyelm\u00e9r\u0151l \u00e9s hidrat\u00e1l\u00e1s\u00e1r\u00f3l a SPAR Magyarorsz\u00e1g gondoskodott, hozz\u00e1j\u00e1rulva a g\u00f6rd\u00fcl\u00e9keny lebonyol\u00edt\u00e1shoz.<\/h6>\n<h6>A rendezv\u00e9nyt v\u00e9gig <strong>remek hangulat jellemezte<\/strong>: a r\u00e9sztvev\u0151k \u00e9rdekl\u0151d\u00e9ssel hallgatt\u00e1k a bor\u00e1szok szem\u00e9lyes t\u00f6rt\u00e9neteit, mik\u00f6zben lehet\u0151s\u00e9g ny\u00edlt nemcsak k\u00f3stol\u00e1sra, hanem a helysz\u00ednen t\u00f6rt\u00e9n\u0151 v\u00e1s\u00e1rl\u00e1sra is. Ez a k\u00f6zvetlen \u00e9lm\u00e9ny tov\u00e1bb er\u0151s\u00edtette a bor \u00e9s fogyaszt\u00f3 k\u00f6z\u00f6tti kapcsolatot.<\/h6>\n<h6>A Semmelweis Egyetem Nemzetk\u00f6zi Kapcsolatok \u00e9s Alumni Igazgat\u00f3s\u00e1ga minden esetben felh\u00edvja a figyelmet a\u00a0<strong><u>kultur\u00e1lt borfogyaszt\u00e1sra<\/u><\/strong>, illetve t\u00e1mogatja azt a k\u00fczdelmet, amelyet az eg\u00e9szs\u00e9g\u00fcgyi \u00e1gazat folytat az alkoholfogyaszt\u00e1sb\u00f3l ered\u0151 betegs\u00e9gek visszaszor\u00edt\u00e1s\u00e1\u00e9rt.<\/h6>\n<h6>Tov\u00e1bbi rendezv\u00e9nyfot\u00f3k a Semmelweis Alumni\u00a0<a href=\"https:\/\/www.facebook.com\/media\/set\/?vanity=alumnisemmelweisuniv&amp;set=a.1599406338641055&amp;locale=hu_HU\">Facebook oldal\u00e1n<\/a>\u00a0\u00e9rhet\u0151ek el.<\/h6>\n<div class=\"fontos_div\">\n<h6>A k\u00f6vetkez\u0151 bork\u00f3stol\u00f3 esem\u00e9ny\u00fcnk <strong>2026. m\u00e1jus 11-\u00e9n<\/strong> ker\u00fcl megrendez\u00e9sre a <strong>St. Andrea Sz\u0151l\u0151birtok<\/strong> boraival.<br \/>\nTov\u00e1bbi r\u00e9szletek a\u00a0<a href=\"https:\/\/semmelweis.hu\/alumni\/2026\/04\/22\/st-andrea-szolobirtok-borkostolo-a-semmelweis-szalonban\/\">honlapunkon<\/a> olvashat\u00f3k.<\/h6>\n<\/div>\n<p><em>Sz\u00f6veg: Zs. T\u00f3th Anna, Semmelweis Egyetem Nemzetk\u00f6zi Kapcsolatok \u00e9s Alumni Igazgat\u00f3s\u00e1g<\/em><br \/>\n<em>Fot\u00f3: Barta B\u00e1lint, Semmelweis Egyetem<\/em><\/p>\n","protected":false},"excerpt":{"rendered":"<p>\u00c1prilis 17-\u00e9n k\u00f6zel 450 r\u00e9sztvev\u0151vel ker\u00fclt megrendez\u00e9sre a II. Semmelweis Borongol\u00f3, amely az <a href=\"https:\/\/www.orszagosbortura.hu\/\">Orsz\u00e1gos Bort\u00far\u00e1val<\/a> k\u00f6z\u00f6s szervez\u00e9sben val\u00f3sult meg. A rendezv\u00e9ny t\u00f6bbek k\u00f6z\u00f6tt kiv\u00e1l\u00f3 lehet\u0151s\u00e9get biztos\u00edtott az egyetem keretein bel\u00fcl a \u201eBorkultur\u00e1lis alapismeretek \u00e9s eg\u00e9szs\u00e9g\u00fcgyi vonatkoz\u00e1sai\u201d c\u00edm\u0171 szabadon v\u00e1laszthat\u00f3 kurzus hallgat\u00f3i sz\u00e1m\u00e1ra, hogy k\u00f6zvetlen tapasztalatokon kereszt\u00fcl b\u0151v\u00edts\u00e9k ismereteiket a bor vil\u00e1g\u00e1r\u00f3l. Az esem\u00e9nyen 37 hazai bor\u00e1szati ki\u00e1ll\u00edt\u00f3 &hellip;<\/p>\n","protected":false},"author":102615,"featured_media":41401,"comment_status":"closed","ping_status":"closed","sticky":false,"template":"","format":"standard","meta":{"_acf_changed":false,"footnotes":""},"categories":[236,30,1],"tags":[],"class_list":["post-41436","post","type-post","status-publish","format-standard","has-post-thumbnail","hentry","category-borkostolo","category-egyeb-kategoria-hu","category-hirek"],"acf":[],"publishpress_future_action":{"enabled":false,"date":"1970-01-01 01:00:00","action":"","terms":[],"taxonomy":"","browser_timezone_offset":0},"_links":{"self":[{"href":"https:\/\/semmelweis.hu\/alumni\/wp-json\/wp\/v2\/posts\/41436","targetHints":{"allow":["GET"]}}],"collection":[{"href":"https:\/\/semmelweis.hu\/alumni\/wp-json\/wp\/v2\/posts"}],"about":[{"href":"https:\/\/semmelweis.hu\/alumni\/wp-json\/wp\/v2\/types\/post"}],"author":[{"embeddable":true,"href":"https:\/\/semmelweis.hu\/alumni\/wp-json\/wp\/v2\/users\/102615"}],"replies":[{"embeddable":true,"href":"https:\/\/semmelweis.hu\/alumni\/wp-json\/wp\/v2\/comments?post=41436"}],"version-history":[{"count":6,"href":"https:\/\/semmelweis.hu\/alumni\/wp-json\/wp\/v2\/posts\/41436\/revisions"}],"predecessor-version":[{"id":41630,"href":"https:\/\/semmelweis.hu\/alumni\/wp-json\/wp\/v2\/posts\/41436\/revisions\/41630"}],"wp:featuredmedia":[{"embeddable":true,"href":"https:\/\/semmelweis.hu\/alumni\/wp-json\/wp\/v2\/media\/41401"}],"wp:attachment":[{"href":"https:\/\/semmelweis.hu\/alumni\/wp-json\/wp\/v2\/media?parent=41436"}],"wp:term":[{"taxonomy":"category","embeddable":true,"href":"https:\/\/semmelweis.hu\/alumni\/wp-json\/wp\/v2\/categories?post=41436"},{"taxonomy":"post_tag","embeddable":true,"href":"https:\/\/semmelweis.hu\/alumni\/wp-json\/wp\/v2\/tags?post=41436"}],"curies":[{"name":"wp","href":"https:\/\/api.w.org\/{rel}","templated":true}]}}