{"id":41414,"date":"2026-04-22T16:37:12","date_gmt":"2026-04-22T14:37:12","guid":{"rendered":"https:\/\/semmelweis.hu\/alumni\/?p=41414"},"modified":"2026-04-22T17:51:19","modified_gmt":"2026-04-22T15:51:19","slug":"st-andrea-szolobirtok-borkostolo-a-semmelweis-szalonban","status":"publish","type":"post","link":"https:\/\/semmelweis.hu\/alumni\/2026\/04\/22\/st-andrea-szolobirtok-borkostolo-a-semmelweis-szalonban\/","title":{"rendered":"St.Andrea Sz\u0151l\u0151birtok &#8211; bork\u00f3stol\u00f3 a Semmelweis Szalonban"},"content":{"rendered":"<h3 style=\"text-align: justify\"><strong>Egri cs\u00facsborok \u00e9s t\u00f6rt\u00e9netek egy ikonikus pinc\u00e9szett\u0151l<\/strong><\/h3>\n<h6 style=\"text-align: justify\">A\u00a0<i>Semmelweis Nemzetk\u00f6zi Kapcsolatok \u00e9s Alumni Igazgat\u00f3s\u00e1g<\/i>\u00a0\u00e9s az\u00a0<i>Orsz\u00e1gos Bort\u00fara<\/i>\u00a0t\u00f6retlen n\u00e9pszer\u0171s\u00e9gnek \u00f6rvend\u0151 bork\u00f3stol\u00f3 rendezv\u00e9nysorozata m\u00e1jusban folytat\u00f3dik a Semmelweis Alumni k\u00f6z\u00f6ss\u00e9g r\u00e9sz\u00e9re!<\/h6>\n<h6 style=\"text-align: justify\"><strong>Vend\u00e9g bor\u00e1szat: St. Andrea Sz\u0151l\u0151birtok <\/strong>\u2013 Az \u00c9v Pinc\u00e9szete Magyarorsz\u00e1gon 2025 d\u00edj nyertese<\/h6>\n<p><img decoding=\"async\" src=\"https:\/\/semmelweis.hu\/alumni\/files\/2026\/04\/large_SE_alumni_2026_majus_d5310f30cf.png\" \/><\/p>\n<h6 style=\"text-align: justify\"><strong>Id\u0151pont:<\/strong> 2026. 05. 11. (h\u00e9tf\u0151) 18:30<strong><br \/>\nHelysz\u00edn:\u00a0<\/strong>Semmelweis Szalon (1085 Budapest, \u00dcll\u0151i \u00fat 26. 1. emelet)<\/h6>\n<div class=\"keretes\">\n<h6><strong><span style=\"text-decoration: underline\">Borsor<\/span><\/strong><\/h6>\n<ol>\n<li>\n<h6>\u00a0St. Andrea<strong> \u00d6r\u00f6kk\u00e9 <\/strong>Egri Csillag Superior 2024<\/h6>\n<\/li>\n<li>\n<h6>\u00a0St. Andrea <strong>Boldogs\u00e1gos<\/strong> Egri Csillag 2023<\/h6>\n<\/li>\n<li>\n<h6>\u00a0St. Andrea <strong>\u00c1ld\u00e1s<\/strong> Egri Bikav\u00e9r Superior 2024<\/h6>\n<\/li>\n<li>\n<h6>\u00a0St. Andrea <strong>Mereng\u0151<\/strong> Egri Bikav\u00e9r Superior 2022<\/h6>\n<\/li>\n<li>\n<h6>\u00a0St. Andrea <strong>Nagy-Eged<\/strong> Egri Bikav\u00e9r Grand Superior 2022<\/h6>\n<\/li>\n<\/ol>\n<\/div>\n<h6 style=\"text-align: justify\"><strong>Tervezett program:<\/strong><\/h6>\n<h6 style=\"text-align: justify\">18:00-18:30 vend\u00e9gfogad\u00e1s<\/h6>\n<h6 style=\"text-align: justify\">18:30-20:00 vezetett bork\u00f3stol\u00f3 Dr. L\u0151rincz Gy\u00f6rgy, a bor\u00e1szat tulajdonos\u00e1nak \u00e9s bor\u00e1sz\u00e1nak tolm\u00e1csol\u00e1s\u00e1ban<\/h6>\n<h6 style=\"text-align: justify\">20:00-21:00 k\u00f6tetlen besz\u00e9lget\u00e9s<\/h6>\n<h6 style=\"text-align: justify\"><strong><u>Bor\u00e1szat kitekint\u0151:<\/u><\/strong><\/h6>\n<h6 style=\"text-align: justify\">A <strong>St. Andrea Sz\u0151l\u0151birtok<\/strong>\u00a0az Egri borvid\u00e9k egyik meghat\u00e1roz\u00f3, t\u00f6bbsz\u00f6r\u00f6sen d\u00edjnyertes pinc\u00e9szete, ahol a hagyom\u00e1ny \u00e9s az innov\u00e1ci\u00f3 k\u00fcl\u00f6nleges harm\u00f3ni\u00e1ban tal\u00e1lkozik. A csal\u00e1di birtok t\u00f6bb gener\u00e1ci\u00f3 tud\u00e1s\u00e1ra \u00e9p\u00edtve olyan karakteres borokat alkot, amelyek hitelesen t\u00fckr\u00f6zik a term\u0151hely egyedis\u00e9g\u00e9t \u00e9s a sz\u0151l\u0151fajt\u00e1k gazdags\u00e1g\u00e1t. A bor\u00e1szat filoz\u00f3fi\u00e1ja szerint a min\u0151s\u00e9g m\u00e1r a sz\u0151l\u0151ben megsz\u00fcletik, majd gondos, prec\u00edz munk\u00e1val v\u00e1lik igaz\u00e1n eml\u00e9kezetes \u00e9lm\u00e9nny\u00e9 a poh\u00e1rban.<\/h6>\n<h6 style=\"text-align: justify\"><strong>Egy bork\u00f3stol\u00f3 a St. Andrea vil\u00e1g\u00e1ban nem csup\u00e1n az \u00edzekr\u0151l sz\u00f3l, hanem t\u00f6rt\u00e9netekr\u0151l, \u00e9rzelmekr\u0151l \u00e9s felfedez\u00e9sr\u0151l<\/strong>: minden t\u00e9tel egy \u00fajabb r\u00e9teget t\u00e1r fel az <strong>Egri borvid\u00e9k<\/strong> soksz\u00edn\u0171s\u00e9g\u00e9b\u0151l. A gondosan \u00f6ssze\u00e1ll\u00edtott borsor \u2013 a klasszikust\u00f3l a cs\u00facsborokig \u2013 lehet\u0151s\u00e9get ad arra, hogy a vend\u00e9gek val\u00f3di betekint\u00e9st nyerjenek egy ikonikus pinc\u00e9szet filoz\u00f3fi\u00e1j\u00e1ba \u00e9s legszebb alkot\u00e1saiba.<\/h6>\n<h6 style=\"text-align: justify\"><u>A r\u00e9szv\u00e9teli d\u00edj tartalmazza:<\/u><\/h6>\n<h6 style=\"text-align: justify\">\u25b8 5 t\u00e9teles bork\u00f3stol\u00f3<br \/>\n\u25b8 sajtv\u00e1logat\u00e1st, borkorcsoly\u00e1t, kokt\u00e9lszendvicseket (az \u00edzlel\u0151bimb\u00f3k fitten tart\u00e1s\u00e1hoz)<br \/>\n\u25b8 korl\u00e1tlan sz\u00f3da- \u00e9s \u00fcd\u00edt\u0151fogyaszt\u00e1st (a megfelel\u0151 hidrat\u00e1l\u00e1shoz)<\/h6>\n<h6 style=\"text-align: justify\"><strong>R\u00e9szv\u00e9teli d\u00edj:<\/strong> 11.990 Ft\/f\u0151<\/h6>\n<h6 style=\"text-align: justify\"><span style=\"text-decoration: underline\"><strong>Jegyv\u00e1s\u00e1rl\u00e1si \u00fatmutat\u00f3:<\/strong><\/span><\/h6>\n<h6 style=\"text-align: justify\">Jegyv\u00e1s\u00e1rl\u00e1sra kiz\u00e1r\u00f3lag az Orsz\u00e1gos Bort\u00fara mobilalkalmaz\u00e1s\u00e1ban, a <strong>Bort\u00fara Appon <\/strong>kereszt\u00fcl van lehet\u0151s\u00e9g: <a href=\"https:\/\/www.orszagosbortura.hu\/esemenyek\/y0atyiu7uorxn7eh6mdpo\">https:\/\/www.orszagosbortura.hu\/esemenyek\/hcwtcsannumdznu7vdszy<\/a><\/h6>\n<h6 style=\"text-align: justify\">A Bort\u00fara App ingyenesen let\u00f6lthet\u0151 mobiltelefonra az App Store \u00e9s a Google Play \u00e1ruh\u00e1zb\u00f3l az al\u00e1bbi linkre kattintva: <a href=\"https:\/\/app.orszagosbortura.hu\/\">https:\/\/app.orszagosbortura.hu\/<\/a><\/h6>\n<h6 style=\"text-align: justify\">Az alkalmaz\u00e1son bel\u00fcli regisztr\u00e1ci\u00f3t k\u00f6vet\u0151en teljesen biztons\u00e1gosan, a SimplePay rendszer\u00e9n kereszt\u00fcl p\u00e1r kattint\u00e1ssal lebonyol\u00edthat\u00f3 a jegyv\u00e1s\u00e1rl\u00e1s bankk\u00e1rty\u00e1s vagy utal\u00e1ssal t\u00f6rt\u00e9n\u0151 fizet\u00e9ssel egyar\u00e1nt.<\/h6>\n<h6 style=\"text-align: justify\"><strong>\u00c1tutal\u00e1ssal t\u00f6rt\u00e9n\u0151 jegyv\u00e1s\u00e1rl\u00e1s<\/strong> eset\u00e9n k\u00e9rj\u00fck, hogy a <a href=\"mailto:hello@orszagosbortura.hu\">hello@orszagosbortura.hu<\/a> e-mail c\u00edmen jelezze r\u00e9szv\u00e9teli sz\u00e1nd\u00e9k\u00e1t \u00e9s az Orsz\u00e1gos Bort\u00fara csapata felveszi \u00d6nnel a kapcsolatot.<\/h6>\n<h6 style=\"text-align: justify\">\ud83c\udf97\ufe0f A k\u00f3stol\u00f3ra sz\u00f3l\u00f3 bel\u00e9p\u0151jegy megv\u00e1s\u00e1rl\u00e1s\u00e1val a Semmelweis Alap\u00edtv\u00e1nyt t\u00e1mogatja.<\/h6>\n<h6 style=\"text-align: justify\">\ud83d\udcf8 Az esem\u00e9nyen k\u00e9p- \u00e9s vide\u00f3 felv\u00e9tel k\u00e9sz\u00fcl. A jegy megv\u00e1s\u00e1rl\u00e1s\u00e1val \u00e9s az esem\u00e9nyen val\u00f3 r\u00e9szv\u00e9tellel a r\u00e9sztvev\u0151 hozz\u00e1j\u00e1rul ahhoz, hogy a szervez\u0151k az itt k\u00e9sz\u00fclt felv\u00e9teleket marketing- \u00e9s kommunik\u00e1ci\u00f3s c\u00e9lokra felhaszn\u00e1lj\u00e1k.<\/h6>\n<h6 style=\"text-align: justify\">\u24d8 A szervez\u0151k a programv\u00e1ltoz\u00e1s jog\u00e1t fenntartj\u00e1k!<\/h6>\n<h6 style=\"text-align: justify\"><em><u>A rendezv\u00e9ny nem sajt\u00f3nyilv\u00e1nos!<\/u><\/em><\/h6>\n<h6 style=\"text-align: justify\"><em>A rendezv\u00e9nyen f\u00e9nyk\u00e9pfelv\u00e9telek k\u00e9sz\u00fclhetnek, mely felv\u00e9teleken a rendezv\u00e9ny l\u00e1togat\u00f3i felismerhet\u0151ek lehetnek. A f\u00e9nyk\u00e9peket az esem\u00e9ny szervez\u0151je a rendezv\u00e9ny \u00e9s az egyetem n\u00e9pszer\u0171s\u00edt\u00e9se \u00e9rdek\u00e9ben k\u00edv\u00e1nja felhaszn\u00e1lni!\u00a0<\/em><\/h6>\n<h6 style=\"text-align: justify\">Szeretettel v\u00e1rjuk az esem\u00e9nyen!<\/h6>\n","protected":false},"excerpt":{"rendered":"<p>Egri cs\u00facsborok \u00e9s t\u00f6rt\u00e9netek egy ikonikus pinc\u00e9szett\u0151l A\u00a0Semmelweis Nemzetk\u00f6zi Kapcsolatok \u00e9s Alumni Igazgat\u00f3s\u00e1g\u00a0\u00e9s az\u00a0Orsz\u00e1gos Bort\u00fara\u00a0t\u00f6retlen n\u00e9pszer\u0171s\u00e9gnek \u00f6rvend\u0151 bork\u00f3stol\u00f3 rendezv\u00e9nysorozata m\u00e1jusban folytat\u00f3dik a Semmelweis Alumni k\u00f6z\u00f6ss\u00e9g r\u00e9sz\u00e9re! Vend\u00e9g bor\u00e1szat: St. Andrea Sz\u0151l\u0151birtok \u2013 Az \u00c9v Pinc\u00e9szete Magyarorsz\u00e1gon 2025 d\u00edj nyertese Id\u0151pont: 2026. 05. 11. (h\u00e9tf\u0151) 18:30 Helysz\u00edn:\u00a0Semmelweis Szalon (1085 Budapest, \u00dcll\u0151i \u00fat 26. 1. emelet) Borsor &hellip;<\/p>\n","protected":false},"author":102563,"featured_media":41416,"comment_status":"closed","ping_status":"closed","sticky":false,"template":"","format":"standard","meta":{"_acf_changed":false,"footnotes":""},"categories":[236,30,1,157],"tags":[],"class_list":["post-41414","post","type-post","status-publish","format-standard","has-post-thumbnail","hentry","category-borkostolo","category-egyeb-kategoria-hu","category-hirek","category-rendezvenyek"],"acf":[],"publishpress_future_action":{"enabled":false,"date":"1970-01-01 01:00:00","action":"","terms":[],"taxonomy":"","browser_timezone_offset":0},"_links":{"self":[{"href":"https:\/\/semmelweis.hu\/alumni\/wp-json\/wp\/v2\/posts\/41414","targetHints":{"allow":["GET"]}}],"collection":[{"href":"https:\/\/semmelweis.hu\/alumni\/wp-json\/wp\/v2\/posts"}],"about":[{"href":"https:\/\/semmelweis.hu\/alumni\/wp-json\/wp\/v2\/types\/post"}],"author":[{"embeddable":true,"href":"https:\/\/semmelweis.hu\/alumni\/wp-json\/wp\/v2\/users\/102563"}],"replies":[{"embeddable":true,"href":"https:\/\/semmelweis.hu\/alumni\/wp-json\/wp\/v2\/comments?post=41414"}],"version-history":[{"count":10,"href":"https:\/\/semmelweis.hu\/alumni\/wp-json\/wp\/v2\/posts\/41414\/revisions"}],"predecessor-version":[{"id":41433,"href":"https:\/\/semmelweis.hu\/alumni\/wp-json\/wp\/v2\/posts\/41414\/revisions\/41433"}],"wp:featuredmedia":[{"embeddable":true,"href":"https:\/\/semmelweis.hu\/alumni\/wp-json\/wp\/v2\/media\/41416"}],"wp:attachment":[{"href":"https:\/\/semmelweis.hu\/alumni\/wp-json\/wp\/v2\/media?parent=41414"}],"wp:term":[{"taxonomy":"category","embeddable":true,"href":"https:\/\/semmelweis.hu\/alumni\/wp-json\/wp\/v2\/categories?post=41414"},{"taxonomy":"post_tag","embeddable":true,"href":"https:\/\/semmelweis.hu\/alumni\/wp-json\/wp\/v2\/tags?post=41414"}],"curies":[{"name":"wp","href":"https:\/\/api.w.org\/{rel}","templated":true}]}}