{"id":39041,"date":"2026-01-18T14:55:50","date_gmt":"2026-01-18T13:55:50","guid":{"rendered":"https:\/\/semmelweis.hu\/alumni\/?p=39041"},"modified":"2026-01-19T09:44:21","modified_gmt":"2026-01-19T08:44:21","slug":"alumni-filmklub-a-satan-fattya-2026-majus-8","status":"publish","type":"post","link":"https:\/\/semmelweis.hu\/alumni\/2026\/01\/18\/alumni-filmklub-a-satan-fattya-2026-majus-8\/","title":{"rendered":"Alumni Filmklub &#8211; A s\u00e1t\u00e1n fattya 2026. m\u00e1jus 8."},"content":{"rendered":"<p>A Nemzeti Filmint\u00e9zettel k\u00f6z\u00f6s szervez\u00e9sben zajl\u00f3 Filmklub sorozatunk k\u00f6vetkez\u0151 filmvet\u00edt\u00e9se:<\/p>\n<p><img loading=\"lazy\" decoding=\"async\" class=\"aligncenter wp-image-39029 size-large\" src=\"https:\/\/semmelweis.hu\/alumni\/files\/2026\/01\/A_satan_fattya_eventcover-1-1024x536.jpg\" alt=\"\" width=\"753\" height=\"394\" srcset=\"https:\/\/semmelweis.hu\/alumni\/files\/2026\/01\/A_satan_fattya_eventcover-1-1024x536.jpg 1024w, https:\/\/semmelweis.hu\/alumni\/files\/2026\/01\/A_satan_fattya_eventcover-1-400x209.jpg 400w, https:\/\/semmelweis.hu\/alumni\/files\/2026\/01\/A_satan_fattya_eventcover-1-768x402.jpg 768w, https:\/\/semmelweis.hu\/alumni\/files\/2026\/01\/A_satan_fattya_eventcover-1-1536x804.jpg 1536w, https:\/\/semmelweis.hu\/alumni\/files\/2026\/01\/A_satan_fattya_eventcover-1-2048x1072.jpg 2048w, https:\/\/semmelweis.hu\/alumni\/files\/2026\/01\/A_satan_fattya_eventcover-1-753x394.jpg 753w\" sizes=\"auto, (max-width: 753px) 100vw, 753px\" \/><\/p>\n<h5 style=\"text-align: center\"><strong>A S\u00e1t\u00e1n fattya (2017)<\/strong><\/h5>\n<h6 style=\"text-align: justify\">A Nagy Zolt\u00e1n Mih\u00e1ly azonos c\u00edm\u0171 m\u0171v\u00e9b\u0151l k\u00e9sz\u00fclt film az 1944. novemberi k\u00e1rp\u00e1taljai t\u00f6rt\u00e9n\u00e9sekkel kezd\u0151dik, \u00e9s a tizenhat esztend\u0151s T\u00f3th Eszter sors\u00e1n kereszt\u00fcl mutatja be az esem\u00e9nyeket. Beregszilasr\u00f3l \u00fatnak indul n\u00e9h\u00e1ny asszony, le\u00e1ny, hogy \u00e9lelmet vigyen a \u201eh\u00e1romnapos munk\u00e1ra&#8221; beh\u00edvott hozz\u00e1tartoz\u00f3knak. Az\u00f3ta tudjuk, a \u201emalenykij robot&#8221; sokkal tov\u00e1bb tartott h\u00e1rom napn\u00e1l.<\/h6>\n<h6 style=\"text-align: center\">Tov\u00e1bbi r\u00e9szletek <a href=\"https:\/\/nfi.hu\/filmek\/a-satan-fattya.html\">itt<\/a> \u00e9rhet\u0151ek el.<\/h6>\n<div class=\"fontos_div\">\n<p><span style=\"color: #800000\"><strong>Id\u0151pont:<\/strong><\/span><\/p>\n<p><span data-olk-copy-source=\"MessageBody\">2026. m\u00e1jus 8., p\u00e9ntek 19:00\u00a0<\/span><\/p>\n<p><strong>Film hossza:<\/strong> 102 perc<\/p>\n<p><span style=\"color: #800000\"><strong>Helysz\u00edn:<\/strong><\/span><\/p>\n<p><b data-olk-copy-source=\"MessageBody\">Semmelweis Szalon<\/b><\/p>\n<p>1085 Budapest, \u00dcll\u0151i \u00fat 26., 1. emelet (108.)<\/p>\n<\/div>\n<div class=\"hHq9Z\">\n<div data-hveid=\"CBcQAA\" data-ved=\"2ahUKEwjHlK2iiMeIAxXswAIHHcjWEqwQlcAGegQIFxAA\">\n<div class=\"KsRP6\">\n<div class=\"MDY31c\">\n<div class=\"nwVKo\">\n<div class=\"r2VLS WAvXif\">\n<h5 role=\"button\" aria-expanded=\"false\">\u00a0<\/h5>\n<h5 class=\"CcNe6e v4Zpbe\" role=\"button\" aria-expanded=\"false\">\n<div class=\"wpcf7 no-js\" id=\"wpcf7-f39042-o1\" lang=\"hu-HU\" dir=\"ltr\" data-wpcf7-id=\"39042\">\n<div class=\"screen-reader-response\"><p role=\"status\" aria-live=\"polite\" aria-atomic=\"true\"><\/p> <ul><\/ul><\/div>\n<form action=\"\/alumni\/wp-json\/wp\/v2\/posts\/39041#wpcf7-f39042-o1\" method=\"post\" class=\"wpcf7-form init\" aria-label=\"Kapcsolatfelv\u00e9teli \u0171rlap\" novalidate=\"novalidate\" data-status=\"init\">\n<div style=\"display: none;\">\n<input type=\"hidden\" name=\"_wpcf7\" value=\"39042\" \/>\n<input type=\"hidden\" name=\"_wpcf7_version\" value=\"6.0.5\" \/>\n<input type=\"hidden\" name=\"_wpcf7_locale\" value=\"hu_HU\" \/>\n<input type=\"hidden\" name=\"_wpcf7_unit_tag\" value=\"wpcf7-f39042-o1\" \/>\n<input type=\"hidden\" name=\"_wpcf7_container_post\" value=\"0\" \/>\n<input type=\"hidden\" name=\"_wpcf7_posted_data_hash\" value=\"\" \/>\n<input type=\"hidden\" name=\"_wpcf7_recaptcha_response\" value=\"\" \/>\n<\/div>\n<p><label> N\u00e9v* (k\u00f6telez\u0151)<br \/>\n<span class=\"wpcf7-form-control-wrap\" data-name=\"your-name\"><input size=\"40\" maxlength=\"400\" class=\"wpcf7-form-control wpcf7-text wpcf7-validates-as-required\" autocomplete=\"name\" aria-required=\"true\" aria-invalid=\"false\" value=\"\" type=\"text\" name=\"your-name\" \/><\/span> <\/label>\n<\/p>\n<p><label> E-mail c\u00edm* (k\u00f6telez\u0151)<br \/>\n<span class=\"wpcf7-form-control-wrap\" data-name=\"your-email\"><input size=\"40\" maxlength=\"400\" class=\"wpcf7-form-control wpcf7-email wpcf7-validates-as-required wpcf7-text wpcf7-validates-as-email\" autocomplete=\"email\" aria-required=\"true\" aria-invalid=\"false\" value=\"\" type=\"email\" name=\"your-email\" \/><\/span> <\/label>\n<\/p>\n<p><label> Telefonsz\u00e1m* (k\u00f6telez\u0151)<br \/>\n<span class=\"wpcf7-form-control-wrap\" data-name=\"tel-56\"><input size=\"40\" maxlength=\"400\" class=\"wpcf7-form-control wpcf7-tel wpcf7-text wpcf7-validates-as-tel\" aria-invalid=\"false\" value=\"\" type=\"tel\" name=\"tel-56\" \/><\/span> <\/label>\n<\/p>\n<p><label> K\u00eds\u00e9r\u0151 neve<br \/>\n<span class=\"wpcf7-form-control-wrap\" data-name=\"text-743\"><input size=\"40\" maxlength=\"400\" class=\"wpcf7-form-control wpcf7-text\" aria-invalid=\"false\" value=\"\" type=\"text\" name=\"text-743\" \/><\/span> <\/label>\n<\/p>\n<p><label><strong>Adatv\u00e9delmi nyilatkozat: Az al\u00e1bbi hozz\u00e1j\u00e1rul\u00e1s b\u00e1rmikor h\u00e1tr\u00e1nyos k\u00f6vetkezm\u00e9ny n\u00e9lk\u00fcl visszavonhat\u00f3, ugyanakkor a hozz\u00e1j\u00e1rul\u00e1s visszavon\u00e1sa nem \u00e9rinti a visszavon\u00e1st megel\u0151z\u0151 adatkezel\u00e9s jogszer\u0171s\u00e9g\u00e9t. Az al\u00e1bbi nyilatkozat kit\u00f6lt\u00e9se felhatalmaz\u00e1st ad a Semmelweis Egyetem Alumni Igazgat\u00f3s\u00e1ga r\u00e9sz\u00e9re a k\u00f6z\u00f6lt adatok helyess\u00e9g\u00e9nek ellen\u0151rz\u00e9s\u00e9re. Az Alumni Igazgat\u00f3s\u00e1g adatkezel\u00e9si t\u00e1j\u00e9koztat\u00f3ja <a href=\"https:\/\/semmelweis.hu\/alumni\/alumni-halozat\/adatvedelem\/\" target=\"_blank\">ide kattintva olvashat\u00f3 el<\/a>. <\/strong><br \/>\n<span class=\"wpcf7-form-control-wrap\" data-name=\"hirlevel-en\"><span class=\"wpcf7-form-control wpcf7-radio\"><span class=\"wpcf7-list-item first last\"><label><input type=\"radio\" name=\"hirlevel-en\" value=\"Ez\u00faton kijelentem, \u00e9s k\u00fcld\u00e9s gomb megnyom\u00e1s\u00e1val elfogadom, hogy elolvastam \u00e9s meg\u00e9rtettem az adatkezel\u00e9si t\u00e1j\u00e9koztat\u00f3t \u00e9s az abban foglalt jogaim ismeret\u00e9ben hozz\u00e1j\u00e1rulok ahhoz, hogy a Semmelweis Egyetem Alumni Igazgat\u00f3s\u00e1ga (sz\u00e9khely: 1085 Budapest \u00dcll\u0151i \u00fat 26..; ad\u00f3sz\u00e1ma: 19308674-2-44) szem\u00e9lyes adataimat az adatkezel\u00e9si t\u00e1j\u00e9koztat\u00f3ban foglaltak szerint kezelje. Egy\u00fattal kijelentem, hogy hozz\u00e1j\u00e1rul\u00e1som \u00f6nk\u00e9ntes \u00e9s megfelel\u0151 t\u00e1j\u00e9koztat\u00e1son alapul.\" \/><span class=\"wpcf7-list-item-label\">Ez\u00faton kijelentem, \u00e9s k\u00fcld\u00e9s gomb megnyom\u00e1s\u00e1val elfogadom, hogy elolvastam \u00e9s meg\u00e9rtettem az adatkezel\u00e9si t\u00e1j\u00e9koztat\u00f3t \u00e9s az abban foglalt jogaim ismeret\u00e9ben hozz\u00e1j\u00e1rulok ahhoz, hogy a Semmelweis Egyetem Alumni Igazgat\u00f3s\u00e1ga (sz\u00e9khely: 1085 Budapest \u00dcll\u0151i \u00fat 26..; ad\u00f3sz\u00e1ma: 19308674-2-44) szem\u00e9lyes adataimat az adatkezel\u00e9si t\u00e1j\u00e9koztat\u00f3ban foglaltak szerint kezelje. Egy\u00fattal kijelentem, hogy hozz\u00e1j\u00e1rul\u00e1som \u00f6nk\u00e9ntes \u00e9s megfelel\u0151 t\u00e1j\u00e9koztat\u00e1son alapul.<\/span><\/label><\/span><\/span><\/span><\/label>\n<\/p>\n<p><input class=\"wpcf7-form-control wpcf7-submit has-spinner\" type=\"submit\" value=\"Bek\u00fcld\u00e9s\" \/>\n<\/p><div class=\"wpcf7-response-output\" aria-hidden=\"true\"><\/div>\n<\/form>\n<\/div>\n<\/h5>\n<\/div>\n<\/div>\n<\/div>\n<\/div>\n<\/div>\n<\/div>\n<div>\u00a0<\/div>\n<h5 style=\"text-align: center\">V\u00e1runk mindenkit szeretettel!<\/h5>\n<div>\n<hr \/>\n<h6><span style=\"font-size: 14pt\"><em>A programv\u00e1ltoz\u00e1s jog\u00e1t fenntartjuk.<\/em><\/span><\/h6>\n<h6><span style=\"font-size: 14pt\"><em><u>A rendezv\u00e9ny nem sajt\u00f3nyilv\u00e1nos!<\/u><\/em><\/span><\/h6>\n<h6><span style=\"font-size: 14pt\"><em>A rendezv\u00e9nyen f\u00e9nyk\u00e9pfelv\u00e9telek k\u00e9sz\u00fclhetnek, mely felv\u00e9teleken a rendezv\u00e9ny l\u00e1togat\u00f3i felismerhet\u0151ek lehetnek. A f\u00e9nyk\u00e9peket az esem\u00e9ny szervez\u0151je a rendezv\u00e9ny \u00e9s az egyetem n\u00e9pszer\u0171s\u00edt\u00e9se \u00e9rdek\u00e9ben k\u00edv\u00e1nja felhaszn\u00e1lni!\u00a0<\/em><\/span><\/h6>\n<\/div>\n","protected":false},"excerpt":{"rendered":"<p>A Nemzeti Filmint\u00e9zettel k\u00f6z\u00f6s szervez\u00e9sben zajl\u00f3 Filmklub sorozatunk k\u00f6vetkez\u0151 filmvet\u00edt\u00e9se: A S\u00e1t\u00e1n fattya (2017) A Nagy Zolt\u00e1n Mih\u00e1ly azonos c\u00edm\u0171 m\u0171v\u00e9b\u0151l k\u00e9sz\u00fclt film az 1944. novemberi k\u00e1rp\u00e1taljai t\u00f6rt\u00e9n\u00e9sekkel kezd\u0151dik, \u00e9s a tizenhat esztend\u0151s T\u00f3th Eszter sors\u00e1n kereszt\u00fcl mutatja be az esem\u00e9nyeket. Beregszilasr\u00f3l \u00fatnak indul n\u00e9h\u00e1ny asszony, le\u00e1ny, hogy \u00e9lelmet vigyen a \u201eh\u00e1romnapos munk\u00e1ra&#8221; beh\u00edvott hozz\u00e1tartoz\u00f3knak. &hellip;<\/p>\n","protected":false},"author":101947,"featured_media":39029,"comment_status":"closed","ping_status":"closed","sticky":false,"template":"","format":"standard","meta":{"_acf_changed":false,"footnotes":""},"categories":[176],"tags":[],"class_list":["post-39041","post","type-post","status-publish","format-standard","has-post-thumbnail","hentry","category-filmklub-hu"],"acf":[],"publishpress_future_action":{"enabled":false,"date":"1970-01-01 01:00:00","action":"","terms":[],"taxonomy":"","browser_timezone_offset":0},"_links":{"self":[{"href":"https:\/\/semmelweis.hu\/alumni\/wp-json\/wp\/v2\/posts\/39041","targetHints":{"allow":["GET"]}}],"collection":[{"href":"https:\/\/semmelweis.hu\/alumni\/wp-json\/wp\/v2\/posts"}],"about":[{"href":"https:\/\/semmelweis.hu\/alumni\/wp-json\/wp\/v2\/types\/post"}],"author":[{"embeddable":true,"href":"https:\/\/semmelweis.hu\/alumni\/wp-json\/wp\/v2\/users\/101947"}],"replies":[{"embeddable":true,"href":"https:\/\/semmelweis.hu\/alumni\/wp-json\/wp\/v2\/comments?post=39041"}],"version-history":[{"count":4,"href":"https:\/\/semmelweis.hu\/alumni\/wp-json\/wp\/v2\/posts\/39041\/revisions"}],"predecessor-version":[{"id":39052,"href":"https:\/\/semmelweis.hu\/alumni\/wp-json\/wp\/v2\/posts\/39041\/revisions\/39052"}],"wp:featuredmedia":[{"embeddable":true,"href":"https:\/\/semmelweis.hu\/alumni\/wp-json\/wp\/v2\/media\/39029"}],"wp:attachment":[{"href":"https:\/\/semmelweis.hu\/alumni\/wp-json\/wp\/v2\/media?parent=39041"}],"wp:term":[{"taxonomy":"category","embeddable":true,"href":"https:\/\/semmelweis.hu\/alumni\/wp-json\/wp\/v2\/categories?post=39041"},{"taxonomy":"post_tag","embeddable":true,"href":"https:\/\/semmelweis.hu\/alumni\/wp-json\/wp\/v2\/tags?post=39041"}],"curies":[{"name":"wp","href":"https:\/\/api.w.org\/{rel}","templated":true}]}}