{"id":3731,"date":"2021-05-02T15:40:28","date_gmt":"2021-05-02T13:40:28","guid":{"rendered":"https:\/\/semmelweis.hu\/alumni\/?p=3731"},"modified":"2021-05-02T15:41:03","modified_gmt":"2021-05-02T13:41:03","slug":"empatiat-tanultam-a-fogorvosi-szek-mellett-herendi-gabor-volt-a-semmelweis-talks-vendege","status":"publish","type":"post","link":"https:\/\/semmelweis.hu\/alumni\/2021\/05\/02\/empatiat-tanultam-a-fogorvosi-szek-mellett-herendi-gabor-volt-a-semmelweis-talks-vendege\/","title":{"rendered":"&#8222;Emp\u00e1ti\u00e1t tanultam a fogorvosi sz\u00e9k mellett&#8221; \u2013 Herendi G\u00e1bor volt a Semmelweis Talks vend\u00e9ge"},"content":{"rendered":"<p><strong>A Semmelweis Talks \u00e1prilisi el\u0151ad\u00e1s\u00e1n, egyel\u0151re tov\u00e1bbra is online form\u00e1ban, Herendi G\u00e1bor fogorvosb\u00f3l lett filmrendez\u0151 mes\u00e9lt rendez\u0151i \u00e1lmair\u00f3l \u00e9s a v\u00e9g\u00fcl m\u00e9gis megszeretett fogorvosi szakm\u00e1r\u00f3l, \u00e9lete alakul\u00e1s\u00e1r\u00f3l, a v\u00e1lt\u00e1sr\u00f3l.<\/strong><\/p>\n<figure style=\"width: 500px\" class=\"wp-caption aligncenter\"><img loading=\"lazy\" decoding=\"async\" src=\"https:\/\/kultura.hu\/wp-content\/uploads\/2019\/02\/recorder_herendi_gabor-e1587037247904.jpg\" alt=\"\" width=\"500\" height=\"281\" \/><figcaption class=\"wp-caption-text\">Fot\u00f3 forr\u00e1sa: kult\u00fara.hu<\/figcaption><\/figure>\n<p>Csal\u00e1di j\u00f3bar\u00e1tjuk volt F\u00e1bri Zolt\u00e1n filmrendez\u0151, \u00edgy m\u00e1r kisgyermekk\u00e9nt kij\u00e1rhatott forgat\u00e1sokra. Nagyon megszerette ezeknek a hangulat\u00e1t, m\u00e1r \u00e1ltal\u00e1nos iskola v\u00e9ge fel\u00e9 elhat\u00e1rozta, hogy \u0151 is ezt szeretn\u00e9 csin\u00e1lni. De amekkora el\u0151ny volt a h\u00edres ismer\u0151s, akkora h\u00e1tr\u00e1nyt is jelentett, hiszen \u00e9ppen F\u00e1bri Zolt\u00e1n gy\u0151zte meg G\u00e1bor \u00e9desapj\u00e1t, hogy ne engedj\u00e9k filmrendez\u0151nek a gyereket, mert t\u00fal kicsi ebben a szakm\u00e1ban a siker es\u00e9lye.<\/p>\n<p>\u00cdgy j\u00f6tt a csal\u00e1di \u00e1gon \u00f6r\u00f6kl\u0151d\u0151 fogorvosi p\u00e1lya. Hab\u00e1r vil\u00e1g\u00e9let\u00e9ben filmrendez\u0151 szeretett volna lenni, m\u00e9gis j\u00f3 sz\u00edvvel gondol vissza a Fogorvostudom\u00e1nyi Karon v\u00e9gzett tanulm\u00e1nyaira, \u00e9s m\u00e9g ink\u00e1bb a Fogp\u00f3tl\u00e1stani Klinik\u00e1n v\u00e9gzett munk\u00e1j\u00e1ra. Elmond\u00e1sa szerint ugyanis az egyetem alatt v\u00e9g\u00fcl megszerette ezt a szakm\u00e1t, \u00e9s a Fogp\u00f3tl\u00e1stani Klinik\u00e1n kapott oktat\u00f3i \u00e1ll\u00e1sban \u00e9s a mag\u00e1nrendel\u00e9siben kiteljesedhetett, hab\u00e1r csak ideiglenesen: <em>&#8222;Elkezdtem rendelni a mag\u00e1nrendel\u0151ben, sok betegem lett, elkezdtem sok p\u00e9nzt keresni, \u00e9s ez ott az \u00e1tkosban nagyon nagy dolog volt. Ilyen fiatalon egy olyan \u00e9letsz\u00ednvonalat tudtam megteremteni magamnak, ami irigyl\u00e9sre m\u00e9lt\u00f3 volt. Ez egy picit el is nyomta a v\u00e1gyamat, hogy filmrendez\u0151 szeretn\u00e9k lenni. De nem tudta sok\u00e1ig&#8230;&#8221; <\/em>&#8211; mes\u00e9lte.<\/p>\n<p>Ekkor kezdett el ingyen bedolgozni rekl\u00e1mfilmekbe, \u00e9s tehets\u00e9ges filmesek mellett autodidakta m\u00f3don tanulta meg a szakma cs\u00ednj\u00e1t-b\u00ednj\u00e1t. Azt\u00e1n id\u0151vel j\u00f6ttek a nagyj\u00e1t\u00e9kfilmek, amik miatt megismerte a nev\u00e9t az orsz\u00e1g. El\u0151ad\u00e1s\u00e1ban besz\u00e9lt arr\u00f3l is, hogy a Valami Amerik\u00e1t saj\u00e1t \u00e9lete ihlette, \u00e9s hogy a kritikusok mennyire a f\u00f6ldbe tudj\u00e1k d\u00f6ng\u00f6lni az embert. De ezeken id\u0151vel az ember megtanul t\u00fall\u00e9pni. Sikerei \u00e9s buk\u00e1sai mellett pedig n\u00e9h\u00e1ny vicces sztorira is jutott id\u0151.<\/p>\n<p>Arra a k\u00e9rd\u00e9sre, hogy mit tanult a fogorvosi sz\u00e9k mellett, amit azt\u00e1n rendez\u0151k\u00e9nt is hasznos\u00edtani tud, azonnal tudta a v\u00e1laszt: nagy fok\u00fa emp\u00e1ti\u00e1t. <em>&#8222;Az, hogy meg tudod nyugtatni a beteget, ahogy fejl\u0151dik a bele\u00e9rz\u0151 k\u00e9pess\u00e9gedet, \u00e9s az ebb\u0151l kialakul\u00f3 beteg-orvos viszony \u00e1llati j\u00f3l \u00e1t\u00fcltethet\u0151 volt a sz\u00edn\u00e9sz-rendez\u0151 viszonyba. Engem nagyon szeretnek a sz\u00edn\u00e9szek, mert \u00fagy b\u00e1nok vel\u00fck, mint ahogyan a betegeimmel b\u00e1ntam a fogorvosi sz\u00e9kben&#8221;<\/em> &#8211; mondta a rendez\u0151, aki leg\u00fajabb filmj\u00e9ben is er\u0151sen kapcsol\u00f3dni fog ehhez, hiszen Szab\u00f3 Gy\u0151z\u0151 drogr\u00f3l val\u00f3 leszok\u00e1s\u00e1nak t\u00f6rt\u00e9net\u00e9t a Csernus Imr\u00e9vel val\u00f3 ter\u00e1pi\u00e1j\u00e1n kereszt\u00fcl mes\u00e9lik el az \u0151sszel megjelen\u0151 Toxikoma c\u00edm\u0171 filmben, mely a sz\u00edn\u00e9sz \u00f6n\u00e9letrajzi k\u00f6nyv\u00e9n alapul.<\/p>\n<p style=\"text-align: center\"><strong>Az el\u0151ad\u00e1s teljes vide\u00f3ja megtekinthet\u0151 <br \/>az Alumni Igazgat\u00f3s\u00e1g Facebook-oldal\u00e1n, <a href=\"https:\/\/www.facebook.com\/103082951410153\/videos\/1145487525894277\">ide kattintva<\/a>.<\/strong><\/p>\n<p>Az egyetem 250 \u00e9ves jubileum\u00e1nak \u00fcnnepl\u00e9se ebben a f\u00e9l\u00e9vben is folytat\u00f3dik. Az \u00e9vfordul\u00f3 kapcs\u00e1n szervezett \u00e9s az ebbe illeszked\u0151 esem\u00e9nyek sor\u00e1t Herendi G\u00e1bor el\u0151ad\u00e1sa mellett m\u00e9g tov\u00e1bbi rendezv\u00e9nyek k\u00f6vetik a tavaszi f\u00e9l\u00e9v v\u00e9g\u00e9ig. A Semmelweis Talks folytat\u00e1s\u00e1r\u00f3l az <a href=\"https:\/\/www.facebook.com\/alumnisemmelweisuniv\/\">Alumni Igazgat\u00f3s\u00e1g Facebook-oldal\u00e1n<\/a> lesznek el\u00e9rhet\u0151k inform\u00e1ci\u00f3k.<\/p>\n","protected":false},"excerpt":{"rendered":"<p>A Semmelweis Talks \u00e1prilisi el\u0151ad\u00e1s\u00e1n, egyel\u0151re tov\u00e1bbra is online form\u00e1ban, Herendi G\u00e1bor fogorvosb\u00f3l lett filmrendez\u0151 mes\u00e9lt rendez\u0151i \u00e1lmair\u00f3l \u00e9s a v\u00e9g\u00fcl m\u00e9gis megszeretett fogorvosi szakm\u00e1r\u00f3l, \u00e9lete alakul\u00e1s\u00e1r\u00f3l, a v\u00e1lt\u00e1sr\u00f3l. Csal\u00e1di j\u00f3bar\u00e1tjuk volt F\u00e1bri Zolt\u00e1n filmrendez\u0151, \u00edgy m\u00e1r kisgyermekk\u00e9nt kij\u00e1rhatott forgat\u00e1sokra. Nagyon megszerette ezeknek a hangulat\u00e1t, m\u00e1r \u00e1ltal\u00e1nos iskola v\u00e9ge fel\u00e9 elhat\u00e1rozta, hogy \u0151 is ezt &hellip;<\/p>\n","protected":false},"author":101799,"featured_media":0,"comment_status":"closed","ping_status":"closed","sticky":false,"template":"","format":"standard","meta":{"_acf_changed":false,"footnotes":""},"categories":[1],"tags":[],"class_list":["post-3731","post","type-post","status-publish","format-standard","hentry","category-hirek"],"acf":[],"publishpress_future_action":{"enabled":false,"date":"1970-01-01 01:00:00","action":"","terms":[],"taxonomy":"","browser_timezone_offset":0},"_links":{"self":[{"href":"https:\/\/semmelweis.hu\/alumni\/wp-json\/wp\/v2\/posts\/3731","targetHints":{"allow":["GET"]}}],"collection":[{"href":"https:\/\/semmelweis.hu\/alumni\/wp-json\/wp\/v2\/posts"}],"about":[{"href":"https:\/\/semmelweis.hu\/alumni\/wp-json\/wp\/v2\/types\/post"}],"author":[{"embeddable":true,"href":"https:\/\/semmelweis.hu\/alumni\/wp-json\/wp\/v2\/users\/101799"}],"replies":[{"embeddable":true,"href":"https:\/\/semmelweis.hu\/alumni\/wp-json\/wp\/v2\/comments?post=3731"}],"version-history":[{"count":2,"href":"https:\/\/semmelweis.hu\/alumni\/wp-json\/wp\/v2\/posts\/3731\/revisions"}],"predecessor-version":[{"id":3733,"href":"https:\/\/semmelweis.hu\/alumni\/wp-json\/wp\/v2\/posts\/3731\/revisions\/3733"}],"wp:attachment":[{"href":"https:\/\/semmelweis.hu\/alumni\/wp-json\/wp\/v2\/media?parent=3731"}],"wp:term":[{"taxonomy":"category","embeddable":true,"href":"https:\/\/semmelweis.hu\/alumni\/wp-json\/wp\/v2\/categories?post=3731"},{"taxonomy":"post_tag","embeddable":true,"href":"https:\/\/semmelweis.hu\/alumni\/wp-json\/wp\/v2\/tags?post=3731"}],"curies":[{"name":"wp","href":"https:\/\/api.w.org\/{rel}","templated":true}]}}