{"id":3694,"date":"2021-03-11T15:29:55","date_gmt":"2021-03-11T14:29:55","guid":{"rendered":"https:\/\/semmelweis.hu\/alumni\/?p=3694"},"modified":"2021-03-11T15:29:55","modified_gmt":"2021-03-11T14:29:55","slug":"richter-anna-dijra-jeloltek-a-semmelweis-egyetem-munkatarsait","status":"publish","type":"post","link":"https:\/\/semmelweis.hu\/alumni\/2021\/03\/11\/richter-anna-dijra-jeloltek-a-semmelweis-egyetem-munkatarsait\/","title":{"rendered":"Richter Anna-d\u00edjra jel\u00f6lt\u00e9k a Semmelweis Egyetem munkat\u00e1rsait"},"content":{"rendered":"<p><strong>A rangos Richter Anna-d\u00edjra jel\u00f6lt\u00e9k egyetem\u00fcnk v\u00e9gzettjeib\u0151l \u00e1ll\u00f3 kutat\u00f3csoportot, melyet Dr. Vesztergom D\u00f3ra, a Sz\u00fcl\u00e9szeti \u00e9s N\u0151gy\u00f3gy\u00e1szati \u200b\u200bOszt\u00e1ly Assziszt\u00e1lt Reprodukci\u00f3s Cetrum\u00e1nak munkat\u00e1rsa vezet. A d\u00edjat hagyom\u00e1nyosan azok a kutat\u00f3k \u00e9s projektcsapatok kapj\u00e1k meg, akiknek munk\u00e1ja kiemelked\u0151 el\u0151nyt teremt sz\u00e9les k\u00f6z\u00f6ns\u00e9g sz\u00e1m\u00e1ra.<\/strong><\/p>\n<p>Dr. Vesztergom elmondta, hogy minden 6. p\u00e1rb\u00f3l egy medd\u0151s\u00e9gben szenved, \u00e9s az elm\u00falt \u00e9vtizedben a medd\u0151s\u00e9gi probl\u00e9m\u00e1kkal jelentkez\u0151 p\u00e1ciensek sz\u00e1ma t\u00f6bb mint megh\u00e1romszoroz\u00f3dott. Kutat\u00f3csoportja elk\u00f6telezett a medd\u0151s\u00e9g leggyakoribb okainak kik\u00fcsz\u00f6b\u00f6l\u00e9se ir\u00e1nt, amelyek a betegk\u00e9pz\u00e9s \u00e9s az \u00e9letm\u00f3dv\u00e1lt\u00e1s kombin\u00e1ci\u00f3j\u00e1val nagyr\u00e9szt visszaford\u00edthat\u00f3nak t\u0171nnek, k\u00fcl\u00f6n\u00f6sen akkor, ha a fiatalabbak tiszt\u00e1ban vannak a reprodukt\u00edv eg\u00e9szs\u00e9get befoly\u00e1sol\u00f3 t\u00e9nyez\u0151kkel.<\/p>\n<p>Ez a d\u00edj lehet\u0151v\u00e9 teszi sz\u00e1mukra egy \u2013 term\u00e9keny kor\u00fa fiatalok sz\u00e1m\u00e1ra sz\u00f3l\u00f3 \u2013 k\u00f6zoktat\u00e1si kamp\u00e1ny kidolgoz\u00e1s\u00e1t, amely a term\u00e9kenys\u00e9g drasztikus javul\u00e1s\u00e1hoz vezethet, \u00e9s cs\u00f6kkentheti a medd\u0151s\u00e9gben szenved\u0151 p\u00e1rok sz\u00e1m\u00e1t. Csapata hangs\u00falyozza, hogy a medd\u0151s\u00e9g gyakran jelen van mind a f\u00e9rfiakn\u00e1l, mind a n\u0151kn\u00e9l, \u00e9s az az elk\u00e9pzel\u00e9s, hogy csak a n\u0151k a felel\u0151sek, \u00e1ltal\u00e1nos t\u00e9vhit, amelyet elt\u00f6k\u00e9lt sz\u00e1nd\u00e9kukban \u00e1ll eloszlatni az oktat\u00e1s r\u00e9v\u00e9n.<\/p>\n<p>A Richter Anna-d\u00edj elnyer\u00e9se lehet\u0151v\u00e9 tenn\u00e9 a Semmelweis-kutat\u00f3kb\u00f3l \u00e9s eg\u00e9szs\u00e9g\u00fcgyi szak\u00e9rt\u0151kb\u0151l \u00e1ll\u00f3 csapat sz\u00e1m\u00e1ra, hogy megfelel\u0151en kezelhess\u00e9k ezt a probl\u00e9m\u00e1t. Annak \u00e9rdek\u00e9ben, hogy megval\u00f3s\u00edthass\u00e1k c\u00e9ljaikat, \u00e9s seg\u00edthessenek a medd\u0151s\u00e9gi probl\u00e9m\u00e1kt\u00f3l szenved\u0151 p\u00e1roknak az eg\u00e9sz vil\u00e1gon, szavaz\u00e1sra buzd\u00edtanak mindenkit. Ezt az al\u00e1bbi linken lehet megtenni.<\/p>\n<p style=\"text-align: center\"><strong><span style=\"font-size: 18pt\"><a href=\"https:\/\/richterannadij.hu\/index.php\/2020\/2020-dontosok-5\">SZAVAZ\u00c1S ITT!<\/a><\/span><\/strong><\/p>\n<p style=\"text-align: center\"><iframe loading=\"lazy\" src=\"\/\/www.youtube.com\/embed\/4efDLM4vElc\" width=\"560\" height=\"314\"><\/iframe><\/p>\n","protected":false},"excerpt":{"rendered":"<p>A rangos Richter Anna-d\u00edjra jel\u00f6lt\u00e9k egyetem\u00fcnk v\u00e9gzettjeib\u0151l \u00e1ll\u00f3 kutat\u00f3csoportot, melyet Dr. Vesztergom D\u00f3ra, a Sz\u00fcl\u00e9szeti \u00e9s N\u0151gy\u00f3gy\u00e1szati \u200b\u200bOszt\u00e1ly Assziszt\u00e1lt Reprodukci\u00f3s Cetrum\u00e1nak munkat\u00e1rsa vezet. A d\u00edjat hagyom\u00e1nyosan azok a kutat\u00f3k \u00e9s projektcsapatok kapj\u00e1k meg, akiknek munk\u00e1ja kiemelked\u0151 el\u0151nyt teremt sz\u00e9les k\u00f6z\u00f6ns\u00e9g sz\u00e1m\u00e1ra. Dr. Vesztergom elmondta, hogy minden 6. p\u00e1rb\u00f3l egy medd\u0151s\u00e9gben szenved, \u00e9s az elm\u00falt \u00e9vtizedben &hellip;<\/p>\n","protected":false},"author":101799,"featured_media":0,"comment_status":"closed","ping_status":"closed","sticky":false,"template":"","format":"standard","meta":{"_acf_changed":false,"footnotes":""},"categories":[1],"tags":[],"class_list":["post-3694","post","type-post","status-publish","format-standard","hentry","category-hirek"],"acf":[],"publishpress_future_action":{"enabled":false,"date":"1970-01-01 01:00:00","action":"","terms":[],"taxonomy":"","browser_timezone_offset":0},"_links":{"self":[{"href":"https:\/\/semmelweis.hu\/alumni\/wp-json\/wp\/v2\/posts\/3694","targetHints":{"allow":["GET"]}}],"collection":[{"href":"https:\/\/semmelweis.hu\/alumni\/wp-json\/wp\/v2\/posts"}],"about":[{"href":"https:\/\/semmelweis.hu\/alumni\/wp-json\/wp\/v2\/types\/post"}],"author":[{"embeddable":true,"href":"https:\/\/semmelweis.hu\/alumni\/wp-json\/wp\/v2\/users\/101799"}],"replies":[{"embeddable":true,"href":"https:\/\/semmelweis.hu\/alumni\/wp-json\/wp\/v2\/comments?post=3694"}],"version-history":[{"count":1,"href":"https:\/\/semmelweis.hu\/alumni\/wp-json\/wp\/v2\/posts\/3694\/revisions"}],"predecessor-version":[{"id":3695,"href":"https:\/\/semmelweis.hu\/alumni\/wp-json\/wp\/v2\/posts\/3694\/revisions\/3695"}],"wp:attachment":[{"href":"https:\/\/semmelweis.hu\/alumni\/wp-json\/wp\/v2\/media?parent=3694"}],"wp:term":[{"taxonomy":"category","embeddable":true,"href":"https:\/\/semmelweis.hu\/alumni\/wp-json\/wp\/v2\/categories?post=3694"},{"taxonomy":"post_tag","embeddable":true,"href":"https:\/\/semmelweis.hu\/alumni\/wp-json\/wp\/v2\/tags?post=3694"}],"curies":[{"name":"wp","href":"https:\/\/api.w.org\/{rel}","templated":true}]}}