{"id":3646,"date":"2021-01-27T19:23:53","date_gmt":"2021-01-27T18:23:53","guid":{"rendered":"https:\/\/semmelweis.hu\/alumni\/?p=3646"},"modified":"2021-01-27T19:23:53","modified_gmt":"2021-01-27T18:23:53","slug":"egyetemunk-epuleteinek-rejtett-kincsei","status":"publish","type":"post","link":"https:\/\/semmelweis.hu\/alumni\/2021\/01\/27\/egyetemunk-epuleteinek-rejtett-kincsei\/","title":{"rendered":"\u201eEgyetem\u00fcnk \u00e9p\u00fcleteinek rejtett kincsei\u201d"},"content":{"rendered":"<h2 style=\"text-align: center\">M E G H \u00cd V \u00d3<\/h2>\n<p style=\"font-weight: 400;text-align: center\">a Semmelweis Egyetem Bar\u00e1ti K\u00f6r\u00e9nek<\/p>\n<p style=\"font-weight: 400;text-align: center\"><strong>janu\u00e1r<\/strong><\/p>\n<p style=\"font-weight: 400;text-align: center\">h\u00f3napban tartand\u00f3 online rendezv\u00e9ny\u00e9re<\/p>\n<p style=\"font-weight: 400;text-align: center\">\u00a0<\/p>\n<p style=\"font-weight: 400;text-align: center\"><em>\u201eEgyetem\u00fcnk \u00e9p\u00fcleteinek rejtett kincsei\u201d<\/em><\/p>\n<p style=\"font-weight: 400;text-align: center\">\u00a0<\/p>\n<p style=\"font-weight: 400;text-align: center\"><strong>Prof. Dr. Wenger Tibor<\/strong><\/p>\n<p style=\"font-weight: 400;text-align: center\">szaktan\u00e1csad\u00f3<\/p>\n<h2 style=\"text-align: center\">(SE Anat\u00f3miai, Sz\u00f6vet- \u00e9s Fejl\u0151d\u00e9stani Int\u00e9zet)<\/h2>\n<p style=\"font-weight: 400;text-align: center\">\u00a0<\/p>\n<p style=\"font-weight: 400;text-align: center\"><u>A rendezv\u00e9ny ideje:<\/u><\/p>\n<p style=\"font-weight: 400;text-align: center\">\u00a0<\/p>\n<p style=\"text-align: center\"><strong>2021. janu\u00e1r 27., szerda 17:00 \u00f3ra<\/strong><\/p>\n<p style=\"font-weight: 400;text-align: center\">\u00a0<\/p>\n<p style=\"font-weight: 400;text-align: center\">A rendezv\u00e9ny a Zoom program seg\u00edts\u00e9g\u00e9vel online ker\u00fcl megrendez\u00e9sre.<\/p>\n<p style=\"font-weight: 400;text-align: center\">Az el\u0151ad\u00e1s meghallgathat\u00f3 az al\u00e1bbi linken:<\/p>\n<p style=\"font-weight: 400;text-align: center\">\u00a0<\/p>\n<p style=\"font-weight: 400;text-align: center\"><a href=\"https:\/\/semmelweis.zoom.us\/j\/91087862104\">https:\/\/semmelweis.zoom.us\/j\/91087862104<\/a>\u00a0<\/p>\n<p style=\"font-weight: 400;text-align: center\">Meeting ID: 910 8786 2104<\/p>\n<p style=\"font-weight: 400;text-align: center\">\u00a0<\/p>\n<p style=\"font-weight: 400;text-align: center\">Minden \u00e9rdekl\u0151d\u0151t szeretettel v\u00e1runk!<\/p>\n<p style=\"font-weight: 400;text-align: center\">\u00a0<\/p>\n<p style=\"font-weight: 400;text-align: center\">\u00a0<\/p>\n<p style=\"font-weight: 400;text-align: center\">\u00a0\u00a0\u00a0\u00a0\u00a0\u00a0\u00a0Dr. Moln\u00e1r L\u00e1szl\u00f3\u00a0\u00a0\u00a0\u00a0\u00a0\u00a0\u00a0\u00a0\u00a0\u00a0\u00a0\u00a0\u00a0\u00a0\u00a0\u00a0\u00a0\u00a0\u00a0\u00a0\u00a0\u00a0\u00a0\u00a0\u00a0\u00a0\u00a0\u00a0\u00a0\u00a0\u00a0Prof. emer. Dr. Rosivall L\u00e1szl\u00f3<\/p>\n<p style=\"font-weight: 400;text-align: center\">a Bar\u00e1ti K\u00f6r titk\u00e1ra\u00a0\u00a0\u00a0\u00a0\u00a0\u00a0\u00a0\u00a0\u00a0\u00a0\u00a0\u00a0\u00a0\u00a0\u00a0\u00a0\u00a0\u00a0\u00a0\u00a0\u00a0\u00a0\u00a0\u00a0\u00a0\u00a0\u00a0\u00a0\u00a0\u00a0\u00a0\u00a0\u00a0\u00a0\u00a0\u00a0\u00a0\u00a0\u00a0a Bar\u00e1ti K\u00f6r eln\u00f6ke<\/p>\n","protected":false},"excerpt":{"rendered":"<p>M E G H \u00cd V \u00d3 a Semmelweis Egyetem Bar\u00e1ti K\u00f6r\u00e9nek janu\u00e1r h\u00f3napban tartand\u00f3 online rendezv\u00e9ny\u00e9re \u00a0 \u201eEgyetem\u00fcnk \u00e9p\u00fcleteinek rejtett kincsei\u201d \u00a0 Prof. Dr. Wenger Tibor szaktan\u00e1csad\u00f3 (SE Anat\u00f3miai, Sz\u00f6vet- \u00e9s Fejl\u0151d\u00e9stani Int\u00e9zet) \u00a0 A rendezv\u00e9ny ideje: \u00a0 2021. janu\u00e1r 27., szerda 17:00 \u00f3ra \u00a0 A rendezv\u00e9ny a Zoom program seg\u00edts\u00e9g\u00e9vel online ker\u00fcl megrendez\u00e9sre. &hellip;<\/p>\n","protected":false},"author":101158,"featured_media":0,"comment_status":"closed","ping_status":"closed","sticky":false,"template":"","format":"standard","meta":{"_acf_changed":false,"footnotes":""},"categories":[1],"tags":[],"class_list":["post-3646","post","type-post","status-publish","format-standard","hentry","category-hirek"],"acf":[],"publishpress_future_action":{"enabled":false,"date":"1970-01-01 01:00:00","action":"","terms":[],"taxonomy":"","browser_timezone_offset":0},"_links":{"self":[{"href":"https:\/\/semmelweis.hu\/alumni\/wp-json\/wp\/v2\/posts\/3646","targetHints":{"allow":["GET"]}}],"collection":[{"href":"https:\/\/semmelweis.hu\/alumni\/wp-json\/wp\/v2\/posts"}],"about":[{"href":"https:\/\/semmelweis.hu\/alumni\/wp-json\/wp\/v2\/types\/post"}],"author":[{"embeddable":true,"href":"https:\/\/semmelweis.hu\/alumni\/wp-json\/wp\/v2\/users\/101158"}],"replies":[{"embeddable":true,"href":"https:\/\/semmelweis.hu\/alumni\/wp-json\/wp\/v2\/comments?post=3646"}],"version-history":[{"count":1,"href":"https:\/\/semmelweis.hu\/alumni\/wp-json\/wp\/v2\/posts\/3646\/revisions"}],"predecessor-version":[{"id":3647,"href":"https:\/\/semmelweis.hu\/alumni\/wp-json\/wp\/v2\/posts\/3646\/revisions\/3647"}],"wp:attachment":[{"href":"https:\/\/semmelweis.hu\/alumni\/wp-json\/wp\/v2\/media?parent=3646"}],"wp:term":[{"taxonomy":"category","embeddable":true,"href":"https:\/\/semmelweis.hu\/alumni\/wp-json\/wp\/v2\/categories?post=3646"},{"taxonomy":"post_tag","embeddable":true,"href":"https:\/\/semmelweis.hu\/alumni\/wp-json\/wp\/v2\/tags?post=3646"}],"curies":[{"name":"wp","href":"https:\/\/api.w.org\/{rel}","templated":true}]}}