{"id":3147,"date":"2020-09-06T10:10:59","date_gmt":"2020-09-06T08:10:59","guid":{"rendered":"https:\/\/semmelweis.hu\/alumni\/?p=3147"},"modified":"2020-09-06T10:18:19","modified_gmt":"2020-09-06T08:18:19","slug":"megnyilt-a-semmelweis-shop","status":"publish","type":"post","link":"https:\/\/semmelweis.hu\/alumni\/2020\/09\/06\/megnyilt-a-semmelweis-shop\/","title":{"rendered":"Megny\u00edlt a Semmelweis Shop"},"content":{"rendered":"<div dir=\"auto\" style=\"text-align: center\"><strong><span style=\"font-size: 18pt\">Szeptember 3-\u00e1n megnyitotta a kapuit a <a href=\"https:\/\/www.facebook.com\/media\/set?vanity=studentsofsemmelweis&amp;set=a.3388441117879836\">Semmelweis Shop<\/a> az EOK-ban!<\/span><\/strong><\/div>\n<div dir=\"auto\">\u00a0<\/div>\n<div dir=\"auto\" style=\"text-align: center\"><strong>A Semmelweis Shop \u00fcnnep\u00e9lyes k\u00f6r\u00fclm\u00e9nyek k\u00f6z\u00f6tt, a Ny\u00e1ri Egyetem programjak\u00e9nt ker\u00fclt megnyit\u00e1sra.<\/strong><br \/><strong>A szalagot rektorunk, prof. Dr. Merkely B\u00e9la v\u00e1gta el, ezzel folytat\u00f3dott a Semmelweis Egyetem re-brandel\u00e9se.<\/strong><\/div>\n<div dir=\"auto\">\u00a0<\/div>\n<div dir=\"auto\" style=\"text-align: center\"><strong>\u00dajragondolt designnal \u00e9s jobb min\u0151s\u00e9g\u0171 limit\u00e1lt term\u00e9kekkel tal\u00e1lkozhattok mostant\u00f3l, amiket b\u00fcszk\u00e9n viselhettek! Legyen eleg\u00e1ns, vagy sportos, mindent megtal\u00e1lsz majd az \u00fczletben! Mutasd meg, hova tartozol! Legy\u00e9l az els\u0151k k\u00f6z\u00f6tt, akik az \u00faj Semmelweis branddel kezdik a tan\u00e9vet!<\/strong><\/div>\n<div dir=\"auto\">\u00a0<\/div>\n<div dir=\"auto\"><a href=\"https:\/\/semmelweis.hu\/alumni\/?attachment_id=3146\" rel=\"attachment wp-att-3146\"><img loading=\"lazy\" decoding=\"async\" class=\"aligncenter  wp-image-3146\" src=\"https:\/\/semmelweis.hu\/alumni\/files\/2020\/09\/118808723_3394704157253532_850970240803809130_o.jpg\" alt=\"\" width=\"873\" height=\"582\" srcset=\"https:\/\/semmelweis.hu\/alumni\/files\/2020\/09\/118808723_3394704157253532_850970240803809130_o.jpg 1689w, https:\/\/semmelweis.hu\/alumni\/files\/2020\/09\/118808723_3394704157253532_850970240803809130_o-400x267.jpg 400w, https:\/\/semmelweis.hu\/alumni\/files\/2020\/09\/118808723_3394704157253532_850970240803809130_o-1024x683.jpg 1024w, https:\/\/semmelweis.hu\/alumni\/files\/2020\/09\/118808723_3394704157253532_850970240803809130_o-768x512.jpg 768w, https:\/\/semmelweis.hu\/alumni\/files\/2020\/09\/118808723_3394704157253532_850970240803809130_o-1536x1025.jpg 1536w, https:\/\/semmelweis.hu\/alumni\/files\/2020\/09\/118808723_3394704157253532_850970240803809130_o-753x502.jpg 753w, https:\/\/semmelweis.hu\/alumni\/files\/2020\/09\/118808723_3394704157253532_850970240803809130_o-203x135.jpg 203w\" sizes=\"auto, (max-width: 873px) 100vw, 873px\" \/><\/a><\/div>\n<div dir=\"auto\" style=\"text-align: center\">\u00a0<\/div>\n","protected":false},"excerpt":{"rendered":"<p>Szeptember 3-\u00e1n megnyitotta a kapuit a <a href=\"https:\/\/www.facebook.com\/media\/set?vanity=studentsofsemmelweis&amp;set=a.3388441117879836\">Semmelweis Shop<\/a> az EOK-ban! \u00a0 A Semmelweis Shop \u00fcnnep\u00e9lyes k\u00f6r\u00fclm\u00e9nyek k\u00f6z\u00f6tt, a Ny\u00e1ri Egyetem programjak\u00e9nt ker\u00fclt megnyit\u00e1sra.A szalagot rektorunk, prof. Dr. Merkely B\u00e9la v\u00e1gta el, ezzel folytat\u00f3dott a Semmelweis Egyetem re-brandel\u00e9se. \u00a0 \u00dajragondolt designnal \u00e9s jobb min\u0151s\u00e9g\u0171 limit\u00e1lt term\u00e9kekkel tal\u00e1lkozhattok mostant\u00f3l, amiket b\u00fcszk\u00e9n viselhettek! Legyen eleg\u00e1ns, vagy sportos, mindent megtal\u00e1lsz majd &hellip;<\/p>\n","protected":false},"author":101158,"featured_media":0,"comment_status":"closed","ping_status":"closed","sticky":false,"template":"","format":"standard","meta":{"_acf_changed":false,"footnotes":""},"categories":[1],"tags":[],"class_list":["post-3147","post","type-post","status-publish","format-standard","hentry","category-hirek"],"acf":[],"publishpress_future_action":{"enabled":false,"date":"1970-01-01 01:00:00","action":"","terms":[],"taxonomy":"","browser_timezone_offset":0},"_links":{"self":[{"href":"https:\/\/semmelweis.hu\/alumni\/wp-json\/wp\/v2\/posts\/3147","targetHints":{"allow":["GET"]}}],"collection":[{"href":"https:\/\/semmelweis.hu\/alumni\/wp-json\/wp\/v2\/posts"}],"about":[{"href":"https:\/\/semmelweis.hu\/alumni\/wp-json\/wp\/v2\/types\/post"}],"author":[{"embeddable":true,"href":"https:\/\/semmelweis.hu\/alumni\/wp-json\/wp\/v2\/users\/101158"}],"replies":[{"embeddable":true,"href":"https:\/\/semmelweis.hu\/alumni\/wp-json\/wp\/v2\/comments?post=3147"}],"version-history":[{"count":5,"href":"https:\/\/semmelweis.hu\/alumni\/wp-json\/wp\/v2\/posts\/3147\/revisions"}],"predecessor-version":[{"id":3156,"href":"https:\/\/semmelweis.hu\/alumni\/wp-json\/wp\/v2\/posts\/3147\/revisions\/3156"}],"wp:attachment":[{"href":"https:\/\/semmelweis.hu\/alumni\/wp-json\/wp\/v2\/media?parent=3147"}],"wp:term":[{"taxonomy":"category","embeddable":true,"href":"https:\/\/semmelweis.hu\/alumni\/wp-json\/wp\/v2\/categories?post=3147"},{"taxonomy":"post_tag","embeddable":true,"href":"https:\/\/semmelweis.hu\/alumni\/wp-json\/wp\/v2\/tags?post=3147"}],"curies":[{"name":"wp","href":"https:\/\/api.w.org\/{rel}","templated":true}]}}