{"id":24606,"date":"2025-02-11T10:52:05","date_gmt":"2025-02-11T09:52:05","guid":{"rendered":"https:\/\/semmelweis.hu\/alumni\/?p=24606"},"modified":"2026-02-20T09:58:59","modified_gmt":"2026-02-20T08:58:59","slug":"24606","status":"publish","type":"post","link":"https:\/\/semmelweis.hu\/alumni\/2025\/02\/11\/24606\/","title":{"rendered":"Kedvezm\u00e9nyes sz\u00e1ll\u00e1shelyek a Konduktor vil\u00e1gtal\u00e1lkoz\u00f3 idej\u00e9n"},"content":{"rendered":"<h5 style=\"text-align: left\"><a href=\"https:\/\/forms.office.com\/e\/ghtT4FLigX?origin=lprLink\"><img loading=\"lazy\" decoding=\"async\" class=\"size-medium wp-image-24608 alignleft\" src=\"https:\/\/semmelweis.hu\/alumni\/files\/2025\/02\/PAK_Vilagtalalkozo_event_cover_1920x1005px-400x209.jpg\" alt=\"\" width=\"400\" height=\"209\" srcset=\"https:\/\/semmelweis.hu\/alumni\/files\/2025\/02\/PAK_Vilagtalalkozo_event_cover_1920x1005px-400x209.jpg 400w, https:\/\/semmelweis.hu\/alumni\/files\/2025\/02\/PAK_Vilagtalalkozo_event_cover_1920x1005px-1024x536.jpg 1024w, https:\/\/semmelweis.hu\/alumni\/files\/2025\/02\/PAK_Vilagtalalkozo_event_cover_1920x1005px-768x402.jpg 768w, https:\/\/semmelweis.hu\/alumni\/files\/2025\/02\/PAK_Vilagtalalkozo_event_cover_1920x1005px-1536x804.jpg 1536w, https:\/\/semmelweis.hu\/alumni\/files\/2025\/02\/PAK_Vilagtalalkozo_event_cover_1920x1005px-753x394.jpg 753w, https:\/\/semmelweis.hu\/alumni\/files\/2025\/02\/PAK_Vilagtalalkozo_event_cover_1920x1005px.jpg 1920w\" sizes=\"auto, (max-width: 400px) 100vw, 400px\" \/><\/a><\/h5>\n<h5>A <strong>Konduktor vil\u00e1gtal\u00e1lkoz\u00f3 (06.21-22.)<\/strong> idej\u00e9n az al\u00e1bbi budapesti hotelek <strong>kedvezm\u00e9nyes sz\u00e1ll\u00e1st<\/strong> biztos\u00edtanak a r\u00e9sztvev\u0151knek.<\/h5>\n<h6>A Konduktor vil\u00e1gtal\u00e1lkoz\u00f3ra regisztr\u00e1lni <a href=\"https:\/\/forms.office.com\/e\/ghtT4FLigX?origin=lprLink\"><em><strong>ezen a fel\u00fcleten<\/strong><\/em><\/a> lehets\u00e9ges, regisztr\u00e1ci\u00f3s hat\u00e1rid\u0151: <strong>2025. m\u00e1jus 20.<\/strong><\/h6>\n<h6>\u00a0<\/h6>\n<p>&nbsp;<\/p>\n<h6 style=\"text-align: center\"><strong>_________<\/strong><\/h6>\n<h6 style=\"text-align: center\"><img loading=\"lazy\" decoding=\"async\" class=\"aligncenter\" src=\"https:\/\/harmoniapalota.hu\/wp-content\/uploads\/2023\/06\/436395456-1-1200x700_c.jpg\" alt=\"\" width=\"288\" height=\"168\" \/><\/h6>\n<h6 style=\"text-align: center\"><b><span data-contrast=\"auto\">Harm\u00f3nia Palota<\/span><\/b><\/h6>\n<h6 style=\"text-align: center\"><span style=\"font-size: 14pt\">C\u00edm: HU-1088 Budapest, M\u00fazeum utca 9.<\/span><\/h6>\n<h6 style=\"text-align: center\"><span style=\"font-size: 14pt\">Tel.: <\/span><span style=\"font-size: 14pt\">+36 70\u202f577 0300<\/span><\/h6>\n<h6 style=\"text-align: center\"><strong><span style=\"font-size: 14pt\"><a href=\"https:\/\/harmoniapalota.hu\/\">https:\/\/harmoniapalota.hu\/<\/a><\/span><\/strong><\/h6>\n<h6 style=\"text-align: center\"><span style=\"font-size: 14pt\">Kedvezm\u00e9ny m\u00e9rt\u00e9ke:<strong> 20%<\/strong><\/span><\/h6>\n<h6 style=\"text-align: center\"><span style=\"font-size: 14pt\">Prom\u00f3ci\u00f3s k\u00f3d: <strong>SOTE2025<\/strong><\/span><\/h6>\n<h6 style=\"text-align: center\"><img loading=\"lazy\" decoding=\"async\" class=\"alignnone\" src=\"https:\/\/harmoniapalota.hu\/wp-content\/uploads\/2019\/10\/207_02.jpg\" alt=\"207_02\" width=\"287\" height=\"167\" \/><\/h6>\n<h6 style=\"text-align: center\"><strong>_________<\/strong><\/h6>\n<h6 style=\"text-align: center\"><span data-ccp-props=\"{}\">\u00a0<\/span><img loading=\"lazy\" decoding=\"async\" class=\"wp-image-4778 alignnone\" src=\"https:\/\/semmelweis.hu\/alumni\/files\/2022\/12\/832445837-400x266.jpg\" alt=\"\" width=\"283\" height=\"188\" srcset=\"https:\/\/semmelweis.hu\/alumni\/files\/2022\/12\/832445837-400x266.jpg 400w, https:\/\/semmelweis.hu\/alumni\/files\/2022\/12\/832445837-768x511.jpg 768w, https:\/\/semmelweis.hu\/alumni\/files\/2022\/12\/832445837-753x501.jpg 753w, https:\/\/semmelweis.hu\/alumni\/files\/2022\/12\/832445837-203x135.jpg 203w, https:\/\/semmelweis.hu\/alumni\/files\/2022\/12\/832445837.jpg 1000w\" sizes=\"auto, (max-width: 283px) 100vw, 283px\" \/><\/h6>\n<h6 style=\"text-align: center\"><strong>D<\/strong><b><span data-contrast=\"auto\">anubius Hotel Astoria<\/span><\/b><span data-contrast=\"auto\">\u202f<\/span><span data-ccp-props=\"{}\">\u00a0<\/span><\/h6>\n<h6 style=\"text-align: center\">C\u00edm: HU-1053 Budapest, Kossuth Lajos utca 19-21.<\/h6>\n<h6 style=\"text-align: center\">Tel.: +36 1 889 6000<\/h6>\n<h6 style=\"text-align: center\"><a href=\"https:\/\/www.danubiushotels.com\/hu\/szallodak-budapest\/danubius-hotel-astoria\">https:\/\/www.danubiushotels.com\/hu\/szallodak-budapest\/danubius-hotel-astoria<\/a><\/h6>\n<h6 style=\"text-align: center\">Kedvezm\u00e9ny m\u00e9rt\u00e9ke: <strong>18%<\/strong><\/h6>\n<h6 style=\"text-align: center\">Prom\u00f3ci\u00f3s k\u00f3d:\u00a0<strong>SEALUMNI25<\/strong><\/h6>\n<h6 style=\"text-align: center\"><img loading=\"lazy\" decoding=\"async\" class=\"aligncenter\" src=\"https:\/\/cf.bstatic.com\/xdata\/images\/hotel\/max1280x900\/388189868.jpg?k=8ac92de8265137cc556f2bd3ed3a8998011625062efb7dcab943e752cd77d461&amp;o=&amp;hp=1\" alt=\"K\u00e9p a sz\u00e1ll\u00e1sr\u00f3l a gal\u00e9ri\u00e1ban\" width=\"302\" height=\"201\" \/><\/h6>\n<h6 style=\"text-align: center\"><strong>_________<\/strong><\/h6>\n<h6><img loading=\"lazy\" decoding=\"async\" class=\"wp-image-22006 aligncenter\" src=\"https:\/\/semmelweis.hu\/alumni\/files\/2025\/01\/Danubius-Hotel-Arena\u202f--400x266.jpg\" alt=\"\" width=\"270\" height=\"180\" srcset=\"https:\/\/semmelweis.hu\/alumni\/files\/2025\/01\/Danubius-Hotel-Arena\u202f--400x266.jpg 400w, https:\/\/semmelweis.hu\/alumni\/files\/2025\/01\/Danubius-Hotel-Arena\u202f--1024x681.jpg 1024w, https:\/\/semmelweis.hu\/alumni\/files\/2025\/01\/Danubius-Hotel-Arena\u202f--768x511.jpg 768w, https:\/\/semmelweis.hu\/alumni\/files\/2025\/01\/Danubius-Hotel-Arena\u202f--753x501.jpg 753w, https:\/\/semmelweis.hu\/alumni\/files\/2025\/01\/Danubius-Hotel-Arena\u202f--203x135.jpg 203w, https:\/\/semmelweis.hu\/alumni\/files\/2025\/01\/Danubius-Hotel-Arena\u202f-.jpg 1360w\" sizes=\"auto, (max-width: 270px) 100vw, 270px\" \/><\/h6>\n<h6 style=\"text-align: center\"><b><span data-contrast=\"auto\">Danubius Hotel Arena<\/span><\/b><\/h6>\n<h6 style=\"text-align: center\">C\u00edm: HU-1148 Budapest, Ifj\u00fas\u00e1g \u00fatja 1-3.<\/h6>\n<h6 style=\"text-align: center\">Tel.: +36 1 889 5200<\/h6>\n<h6 style=\"text-align: center\"><a href=\"https:\/\/www.danubiushotels.com\/hu\/szallodak-budapest\/danubius-hotel-arena\">https:\/\/www.danubiushotels.com\/hu\/szallodak-budapest\/danubius-hotel-arena<\/a><\/h6>\n<h6 style=\"text-align: center\">Kedvezm\u00e9ny m\u00e9rt\u00e9ke: <strong>18%<\/strong><\/h6>\n<h6 style=\"text-align: center\">Prom\u00f3ci\u00f3s k\u00f3d: <strong>SEALUMNI25<\/strong><\/h6>\n<p><img loading=\"lazy\" decoding=\"async\" class=\"wp-image-22007 aligncenter\" src=\"https:\/\/semmelweis.hu\/alumni\/files\/2025\/01\/Danubius-Hotel-Arena\u202f-2-400x266.jpg\" alt=\"\" width=\"294\" height=\"196\" srcset=\"https:\/\/semmelweis.hu\/alumni\/files\/2025\/01\/Danubius-Hotel-Arena\u202f-2-400x266.jpg 400w, https:\/\/semmelweis.hu\/alumni\/files\/2025\/01\/Danubius-Hotel-Arena\u202f-2-1024x681.jpg 1024w, https:\/\/semmelweis.hu\/alumni\/files\/2025\/01\/Danubius-Hotel-Arena\u202f-2-768x511.jpg 768w, https:\/\/semmelweis.hu\/alumni\/files\/2025\/01\/Danubius-Hotel-Arena\u202f-2-753x501.jpg 753w, https:\/\/semmelweis.hu\/alumni\/files\/2025\/01\/Danubius-Hotel-Arena\u202f-2-203x135.jpg 203w, https:\/\/semmelweis.hu\/alumni\/files\/2025\/01\/Danubius-Hotel-Arena\u202f-2.jpg 1360w\" sizes=\"auto, (max-width: 294px) 100vw, 294px\" \/><\/p>\n<h6 style=\"text-align: center\"><strong>_________<\/strong><\/h6>\n<h6><img loading=\"lazy\" decoding=\"async\" class=\"aligncenter\" src=\"https:\/\/lh3.googleusercontent.com\/p\/AF1QipMIblmGH77QxnZMhrLZnUgqJ9MLQf8JiUI4j6j4=s1360-w1360-h1020\" alt=\"Fot\u00f3\" width=\"262\" height=\"196\" \/><\/h6>\n<h6 style=\"text-align: center\"><b><span data-contrast=\"auto\">Danubius Hotel Erzs\u00e9bet<\/span><\/b><\/h6>\n<h6 style=\"text-align: center\">C\u00edm: HU-1053 Budapest, K\u00e1rolyi utca 11-15.<\/h6>\n<h6 style=\"text-align: center\">Tel.: +36 1 889 3700<\/h6>\n<h6 style=\"text-align: center\"><a href=\"https:\/\/www.danubiushotels.com\/hu\/szallodak-budapest\/hotel-erzsebet-city-center\">https:\/\/www.danubiushotels.com\/hu\/szallodak-budapest\/hotel-erzsebet-city-center<\/a><\/h6>\n<h6 style=\"text-align: center\">Kedvezm\u00e9ny m\u00e9rt\u00e9ke: <strong>18%<\/strong><\/h6>\n<h6 style=\"text-align: center\">Prom\u00f3ci\u00f3s k\u00f3d: <strong>SEALUMNI25<\/strong><\/h6>\n<p style=\"text-align: center\"><img loading=\"lazy\" decoding=\"async\" src=\"https:\/\/lh3.googleusercontent.com\/p\/AF1QipPgAm3BfEuIxeiRiwsdUA3cGYFpb-zDyXcgutZ0=s1360-w1360-h1020\" alt=\"Fot\u00f3\" width=\"283\" height=\"212\" \/><\/p>\n<h6 style=\"text-align: center\"><strong>_________<\/strong><\/h6>\n<h6><img loading=\"lazy\" decoding=\"async\" class=\"aligncenter\" src=\"https:\/\/www.danubiushotels.com\/w\/accomms\/0_1000\/0\/any\/hungaria_kulso_1600x900-maxi3728.jpg\" width=\"260\" height=\"146\" \/><\/h6>\n<h6 style=\"text-align: center\"><b><span data-contrast=\"auto\">Danubius Hotel Hungaria<\/span><\/b><\/h6>\n<h6 style=\"text-align: center\"><span style=\"background-color: transparent\">C\u00edm: HU-1074 Budapest, R\u00e1k\u00f3czi \u00fat 90.<\/span><\/h6>\n<h6 style=\"text-align: center\">Tel.: +36 1 889 4400<\/h6>\n<h6 style=\"text-align: center\"><a href=\"https:\/\/www.danubiushotels.com\/hu\/szallodak-budapest\/hotel-hungaria-city-center\">https:\/\/www.danubiushotels.com\/hu\/szallodak-budapest\/hotel-hungaria-city-center<\/a><\/h6>\n<h6 style=\"text-align: center\">Kedvezm\u00e9ny m\u00e9rt\u00e9ke:\u00a0<strong>18%<\/strong><\/h6>\n<h6 style=\"text-align: center\">Prom\u00f3ci\u00f3s k\u00f3d:\u00a0<strong>SEALUMNI25<\/strong><\/h6>\n<p><img loading=\"lazy\" decoding=\"async\" class=\"aligncenter\" src=\"https:\/\/lh3.googleusercontent.com\/p\/AF1QipOPwiaQPZcJcnaTgvEXg4ZAM9Ub7RrKx_zXI6tw=s1360-w1360-h1020\" alt=\"Fot\u00f3 a k\u00f6vetkez\u0151r\u0151l: keleti\" width=\"285\" height=\"190\" \/><\/p>\n<h6 style=\"text-align: center\"><strong>_________<\/strong><\/h6>\n<h6><img loading=\"lazy\" decoding=\"async\" class=\"aligncenter\" src=\"https:\/\/cf.bstatic.com\/xdata\/images\/hotel\/max1280x900\/589278129.jpg?k=73886bfd34ca17a6c67ac2108511c912dea2f9304d7962b4ea0a25e3b671b8bc&amp;o=&amp;hp=1\" alt=\"K\u00e9p a sz\u00e1ll\u00e1sr\u00f3l a gal\u00e9ri\u00e1ban\" width=\"273\" height=\"182\" \/><\/h6>\n<h6 style=\"text-align: center\"><b><span data-contrast=\"auto\">Dean\u2019s College Hotel<\/span><\/b><\/h6>\n<h6 style=\"text-align: center\">C\u00edm: H-1094 Budapest, T\u0171zolt\u00f3 u. 50-56.<\/h6>\n<h6 style=\"text-align: center\">Tel: +36 70\u202f626 7776<\/h6>\n<h6 style=\"text-align: center\"><a href=\"https:\/\/deansbudapest.com\/en\">https:\/\/deansbudapest.com\/en<\/a><\/h6>\n<h6 style=\"text-align: center\">Kedvezm\u00e9ny m\u00e9rt\u00e9ke: <strong>10%<\/strong><\/h6>\n<h6 style=\"text-align: center\">Prom\u00f3ci\u00f3s k\u00f3d:<strong> SEALUMNI<\/strong><\/h6>\n<p><img loading=\"lazy\" decoding=\"async\" class=\"aligncenter\" src=\"https:\/\/cf.bstatic.com\/xdata\/images\/hotel\/max1280x900\/346931912.jpg?k=d5602b7c66624ae7019078866d3c4c520704d7bd2347472b4abdbcb23bd35413&amp;o=&amp;hp=1\" alt=\"K\u00e9p a sz\u00e1ll\u00e1sr\u00f3l a gal\u00e9ri\u00e1ban\" width=\"285\" height=\"190\" \/><\/p>\n<h6 style=\"text-align: center\"><strong>_________<\/strong><\/h6>\n<h6><img loading=\"lazy\" decoding=\"async\" class=\"aligncenter\" src=\"https:\/\/lh3.googleusercontent.com\/p\/AF1QipOqbPkzZnk496xSYjJNDqi9i4xF1Npc73PQjHGg=s680-w680-h510\" alt=\"Fot\u00f3\" width=\"195\" height=\"260\" \/><\/h6>\n<h5 style=\"text-align: center\"><b><span data-contrast=\"auto\">Alta Moda Fashion Hotel<\/span><\/b><\/h5>\n<h6 style=\"text-align: center\">C\u00edm:\u00a0HU-1056 Budapest, V\u00e1ci utca 77.<\/h6>\n<h6 style=\"text-align: center\">Tel.: +36 1\u202f799 0077<\/h6>\n<h6 style=\"text-align: center\"><a href=\"https:\/\/www.mellowmoodhotels.com\/hotels\/alta-moda-fashion-hotel\/\">https:\/\/www.mellowmoodhotels.com\/hotels\/alta-moda-fashion-hotel\/<\/a><\/h6>\n<h6 style=\"text-align: center\">Kedvezm\u00e9ny m\u00e9rt\u00e9ke:<strong> 10%<\/strong><\/h6>\n<h6 style=\"text-align: center\">Prom\u00f3ci\u00f3s k\u00f3d: <strong>SE2025<\/strong><\/h6>\n<p><img loading=\"lazy\" decoding=\"async\" class=\"aligncenter\" src=\"https:\/\/www.mellowmoodhotels.com\/wp-content\/uploads\/2021\/06\/d78_0796-1920x1080.jpg\" width=\"340\" height=\"191\" \/><\/p>\n<h6 style=\"text-align: center\"><strong>_________<\/strong><\/h6>\n","protected":false},"excerpt":{"rendered":"<p><a href=\"https:\/\/forms.office.com\/e\/ghtT4FLigX?origin=lprLink\"><\/a> A Konduktor vil\u00e1gtal\u00e1lkoz\u00f3 (06.21-22.) idej\u00e9n az al\u00e1bbi budapesti hotelek kedvezm\u00e9nyes sz\u00e1ll\u00e1st biztos\u00edtanak a r\u00e9sztvev\u0151knek. A Konduktor vil\u00e1gtal\u00e1lkoz\u00f3ra regisztr\u00e1lni <a href=\"https:\/\/forms.office.com\/e\/ghtT4FLigX?origin=lprLink\">ezen a fel\u00fcleten<\/a> lehets\u00e9ges, regisztr\u00e1ci\u00f3s hat\u00e1rid\u0151: 2025. m\u00e1jus 20. \u00a0 &nbsp; _________ Harm\u00f3nia Palota C\u00edm: HU-1088 Budapest, M\u00fazeum utca 9. Tel.: +36 70\u202f577 0300 <a href=\"https:\/\/harmoniapalota.hu\/\">https:\/\/harmoniapalota.hu\/<\/a> Kedvezm\u00e9ny m\u00e9rt\u00e9ke: 20% Prom\u00f3ci\u00f3s k\u00f3d: SOTE2025 _________ \u00a0 Danubius Hotel Astoria\u202f\u00a0 C\u00edm: HU-1053 Budapest, Kossuth Lajos &hellip;<\/p>\n","protected":false},"author":101627,"featured_media":24644,"comment_status":"closed","ping_status":"closed","sticky":false,"template":"","format":"standard","meta":{"_acf_changed":false,"footnotes":""},"categories":[1],"tags":[],"class_list":["post-24606","post","type-post","status-publish","format-standard","has-post-thumbnail","hentry","category-hirek"],"acf":[],"publishpress_future_action":{"enabled":false,"date":"1970-01-01 01:00:00","action":"","terms":[],"taxonomy":"","browser_timezone_offset":0},"_links":{"self":[{"href":"https:\/\/semmelweis.hu\/alumni\/wp-json\/wp\/v2\/posts\/24606","targetHints":{"allow":["GET"]}}],"collection":[{"href":"https:\/\/semmelweis.hu\/alumni\/wp-json\/wp\/v2\/posts"}],"about":[{"href":"https:\/\/semmelweis.hu\/alumni\/wp-json\/wp\/v2\/types\/post"}],"author":[{"embeddable":true,"href":"https:\/\/semmelweis.hu\/alumni\/wp-json\/wp\/v2\/users\/101627"}],"replies":[{"embeddable":true,"href":"https:\/\/semmelweis.hu\/alumni\/wp-json\/wp\/v2\/comments?post=24606"}],"version-history":[{"count":10,"href":"https:\/\/semmelweis.hu\/alumni\/wp-json\/wp\/v2\/posts\/24606\/revisions"}],"predecessor-version":[{"id":24642,"href":"https:\/\/semmelweis.hu\/alumni\/wp-json\/wp\/v2\/posts\/24606\/revisions\/24642"}],"wp:featuredmedia":[{"embeddable":true,"href":"https:\/\/semmelweis.hu\/alumni\/wp-json\/wp\/v2\/media\/24644"}],"wp:attachment":[{"href":"https:\/\/semmelweis.hu\/alumni\/wp-json\/wp\/v2\/media?parent=24606"}],"wp:term":[{"taxonomy":"category","embeddable":true,"href":"https:\/\/semmelweis.hu\/alumni\/wp-json\/wp\/v2\/categories?post=24606"},{"taxonomy":"post_tag","embeddable":true,"href":"https:\/\/semmelweis.hu\/alumni\/wp-json\/wp\/v2\/tags?post=24606"}],"curies":[{"name":"wp","href":"https:\/\/api.w.org\/{rel}","templated":true}]}}