{"id":21473,"date":"2024-11-12T11:06:36","date_gmt":"2024-11-12T10:06:36","guid":{"rendered":"https:\/\/semmelweis.hu\/alumni\/?p=21473"},"modified":"2025-01-27T10:39:06","modified_gmt":"2025-01-27T09:39:06","slug":"semmelweis-jotekonysagi-borkostolo-2","status":"publish","type":"post","link":"https:\/\/semmelweis.hu\/alumni\/2024\/11\/12\/semmelweis-jotekonysagi-borkostolo-2\/","title":{"rendered":"Semmelweis J\u00f3t\u00e9konys\u00e1gi Bork\u00f3stol\u00f3"},"content":{"rendered":"<p><a href=\"https:\/\/www.orszagosbortura.hu\/esemenyek\/cqrxeji16vbnpgmxfcivt\"><img loading=\"lazy\" decoding=\"async\" class=\"aligncenter  wp-image-21470\" src=\"https:\/\/semmelweis.hu\/alumni\/files\/2024\/11\/large_SE_alumni_borkostolok_s02e06_4d8d25e802.png\" alt=\"\" width=\"932\" height=\"524\" srcset=\"https:\/\/semmelweis.hu\/alumni\/files\/2024\/11\/large_SE_alumni_borkostolok_s02e06_4d8d25e802.png 1000w, https:\/\/semmelweis.hu\/alumni\/files\/2024\/11\/large_SE_alumni_borkostolok_s02e06_4d8d25e802-400x225.png 400w, https:\/\/semmelweis.hu\/alumni\/files\/2024\/11\/large_SE_alumni_borkostolok_s02e06_4d8d25e802-768x432.png 768w, https:\/\/semmelweis.hu\/alumni\/files\/2024\/11\/large_SE_alumni_borkostolok_s02e06_4d8d25e802-753x423.png 753w\" sizes=\"auto, (max-width: 932px) 100vw, 932px\" \/><\/a><\/p>\n<h5 style=\"text-align: center\"><span data-contrast=\"none\">December 5-\u00e9n folytat\u00f3dik a Semmelweis Alumni Igazgat\u00f3s\u00e1g \u00e9s az Orsz\u00e1gos Bort\u00fara bork\u00f3stol\u00f3 rendezv\u00e9nysorozata a Semmelweis Alumni k\u00f6z\u00f6ss\u00e9g r\u00e9sz\u00e9re!<\/span><span data-ccp-props=\"{}\">\u00a0<\/span><\/h5>\n<h6 style=\"text-align: justify\">A Semmelweis Alumni Igazgat\u00f3s\u00e1g hagyom\u00e1nyosan decemberben rendezi meg a j\u00f3t\u00e9konys\u00e1gi bork\u00f3stol\u00f3j\u00e1t, amelyre szeretettel v\u00e1r minden borkedvel\u0151 Semmelweis Polg\u00e1rt \u00e9s k\u00eds\u00e9r\u0151j\u00e9t!<\/h6>\n<p style=\"text-align: justify\">A J\u00f3t\u00e9konys\u00e1gi Bork\u00f3stol\u00f3 r\u00e9sztvev\u0151inek a 2024-as Semmelweis Egyetem Bora Orsz\u00e1gos Borverseny\u00e9nek gy\u0151ztes boraib\u00f3l \u00f6ssze\u00e1ll\u00edtott borsort lesz lehet\u0151s\u00e9g\u00fck megk\u00f3stolni <strong>Piskor Fanni borszak\u00e9rt\u0151<\/strong> vezet\u00e9s\u00e9vel.<\/p>\n<h5 style=\"text-align: justify\"><b><span data-contrast=\"none\">Id\u0151pont:<\/span><\/b><span data-contrast=\"none\"> 2024.12.05. cs\u00fct\u00f6rt\u00f6k, 18:00<\/span>\u00a0<br \/>\n<b><span data-contrast=\"none\">Helysz\u00edn:\u202f<\/span><\/b><span data-contrast=\"none\">Semmelweis Szalon (1085 Budapest, \u00dcll\u0151i \u00fat 26. 1. emelet)<\/span><span data-ccp-props=\"{}\">\u00a0<\/span><\/h5>\n<p style=\"text-align: justify\">A Semmelweis Egyetem imm\u00e1ron tizennegyedik alkalommal hirdette meg orsz\u00e1gos borverseny\u00e9t. A Semmelweis Egyetem Bor\u00e1t ez alkalommal is szakmai verseny keret\u00e9n bel\u00fcl v\u00e1lasztott\u00e1k ki, a b\u00edr\u00e1l\u00f3bizotts\u00e1gban az egyetem munkat\u00e1rsai, min\u0151s\u00edtett borb\u00edr\u00e1k, valamint szak\u00fajs\u00e1g\u00edr\u00f3k vettek r\u00e9szt.<\/p>\n<p style=\"text-align: justify\">Semmelweis Egyetem Bora Orsz\u00e1gos Borverseny gy\u0151ztes borai 2024-ben:<\/p>\n<p><strong>K\u00e1rp\u00e1t-medencei feh\u00e9r bor kateg\u00f3ria<\/strong><br \/>\n\ud83c\udf77 Laposa Birtok \u2022 Apuk\u00e1m vil\u00e1ga 2022<\/p>\n<p><strong>Vil\u00e1gfajt\u00e1k feh\u00e9r kateg\u00f3ria<\/strong><br \/>\n\ud83c\udf77 Nyakas Pince \u2022 Budai Chardonnay Selection 2022<\/p>\n<p><strong>K\u00e1rp\u00e1t-medencei v\u00f6r\u00f6sbor kateg\u00f3ria<\/strong><br \/>\n\ud83c\udf77 T\u00f3th Ferenc Pinc\u00e9szet \u2022 Egri Bikav\u00e9r 2019<\/p>\n<p><strong>Vil\u00e1gfajt\u00e1k v\u00f6r\u00f6s kateg\u00f3ria<\/strong><br \/>\n\ud83c\udf77 Koch Bor\u00e1szat \u2022 Pr\u00e9mium Csan\u00e1d Cuv\u00e9e 2017<\/p>\n<p><strong>Desszertbor kateg\u00f3ria<\/strong><br \/>\n\ud83c\udf77 Gr\u00f3f Degenfeld \u2022 5 puttonyos Asz\u00fa 2017<\/p>\n<div class=\"keretes\">\n<p style=\"text-align: justify\"><b><span data-contrast=\"none\">R\u00e9szv\u00e9teli d\u00edj:<\/span><\/b><strong> 15 490 Ft\/f\u0151<\/strong><\/p>\n<p><b><span data-contrast=\"auto\">A r\u00e9szv\u00e9teli d\u00edj tartalmazza:<\/span><\/b><\/p>\n<p>\u25b8 a d\u00edjnyertes borok k\u00f3stol\u00e1s\u00e1t (5 t\u00e9tel)<br \/>\n\u25b8 sv\u00e9dasztalos ital- \u00e9s \u00e9telfogyaszt\u00e1st<br \/>\nA k\u00f3stol\u00f3 sor\u00e1n:<br \/>\n\u25b8 borkorcsoly\u00e1t (az \u00edzlel\u0151bimb\u00f3k fitten tart\u00e1s\u00e1hoz)<br \/>\n\u25b8 k\u00f3stol\u00f3jegyzetet (a hallottak r\u00f6gz\u00edt\u00e9s\u00e9re)<br \/>\n\u25b8 korl\u00e1tlan sz\u00f3d\u00e1t (a megfelel\u0151 hidrat\u00e1l\u00e1shoz)<\/p>\n<p><strong>Az esem\u00e9ny tervezett programja:<\/strong><\/p>\n<p><strong>18:30-19:00<\/strong> vend\u00e9gfogad\u00e1s<br \/>\n<strong>19:00-20:30<\/strong> bork\u00f3stol\u00f3 Piskor Fanni borszak\u00e9rt\u0151 vezet\u00e9s\u00e9vel<br \/>\n<strong>20:30-21:30<\/strong> k\u00f6tetlen besz\u00e9lget\u00e9s<\/p>\n<\/div>\n<p style=\"text-align: justify\"><b><span data-contrast=\"auto\">Jegyv\u00e1s\u00e1rl\u00e1si \u00fatmutat\u00f3:<\/span><\/b><span data-ccp-props=\"{}\">\u00a0<\/span><\/p>\n<p style=\"text-align: justify\"><span data-contrast=\"auto\">Jegyv\u00e1s\u00e1rl\u00e1sra kiz\u00e1r\u00f3lag az Orsz\u00e1gos Bort\u00fara mobilalkalmaz\u00e1s\u00e1ban, a <a href=\"https:\/\/www.orszagosbortura.hu\/esemenyek\/cqrxeji16vbnpgmxfcivt\"><strong>Bort\u00fara Appon* kereszt\u00fcl van lehet\u0151s\u00e9g<\/strong><\/a><\/span><span data-contrast=\"auto\">.<\/span><\/p>\n<p style=\"text-align: justify\"><span data-contrast=\"auto\">*A Bort\u00fara App ingyenesen let\u00f6lthet\u0151 mobiltelefonra az App Store \u00e9s a Google Play \u00e1ruh\u00e1zb\u00f3l az al\u00e1bbi linkre kattintva: <\/span><a href=\"https:\/\/app.orszagosbortura.hu\/\"><span data-contrast=\"none\">https:\/\/app.orszagosbortura.hu\/<\/span><\/a><span data-ccp-props=\"{&quot;335559685&quot;:284}\">\u00a0<\/span><\/p>\n<p style=\"text-align: justify\"><span data-contrast=\"auto\">Az alkalmaz\u00e1son bel\u00fcli regisztr\u00e1ci\u00f3t k\u00f6vet\u0151en teljesen biztons\u00e1gosan, a SimplePay rendszer\u00e9n kereszt\u00fcl p\u00e1r kattint\u00e1ssal lebonyol\u00edthat\u00f3 a jegyv\u00e1s\u00e1rl\u00e1s.\u00a0<\/span><span data-ccp-props=\"{&quot;335559685&quot;:284}\">\u00a0<\/span><\/p>\n<p style=\"text-align: justify\"><span data-contrast=\"auto\">\u00c1tutal\u00e1ssal t\u00f6rt\u00e9n\u0151 jegyv\u00e1s\u00e1rl\u00e1s eset\u00e9n k\u00e9rj\u00fck, hogy a <\/span><a href=\"mailto:hello@orszagosbortura.hu\"><span data-contrast=\"none\">hello@orszagosbortura.hu<\/span><\/a><span data-contrast=\"auto\"> e-mail c\u00edmen jelezze r\u00e9szv\u00e9teli sz\u00e1nd\u00e9k\u00e1t \u00e9s az Orsz\u00e1gos Bort\u00fara csapata felveszi \u00d6nnel a kapcsolatot.<\/span><span data-ccp-props=\"{&quot;134233117&quot;:true,&quot;134233118&quot;:true}\">\u00a0<\/span><\/p>\n<div class=\"w-100 fontos_div\" style=\"text-align: justify\"><span data-contrast=\"none\">A k\u00f3stol\u00f3ra sz\u00f3l\u00f3 bel\u00e9p\u0151jegy megv\u00e1s\u00e1rl\u00e1s\u00e1val a Semmelweis Alap\u00edtv\u00e1nyt t\u00e1mogatja. <em>Az Alap\u00edtv\u00e1ny a befolyt adom\u00e1nyokat id\u00e9n a Pet\u0151 Andr\u00e1s Kara (ismertebb nev\u00e9n Pet\u0151 Int\u00e9zet) \u00d3voda j\u00e1tsz\u00f3ter\u00e9nek teljes meg\u00faj\u00edt\u00e1s\u00e1ra ford\u00edtja, ahol a mozg\u00e1skorl\u00e1tozott \u00e9s az \u00e9p gyerekek egy\u00fcttnevel\u00e9se folyik.<\/em><\/span>\u00a0<\/div>\n<p><span data-contrast=\"auto\">A szervez\u0151k a programv\u00e1ltoz\u00e1s jog\u00e1t fenntartj\u00e1k!<\/span><span data-ccp-props=\"{&quot;134233117&quot;:true,&quot;134233118&quot;:true,&quot;335557856&quot;:16777215}\"><br \/>\n<\/span><span data-contrast=\"auto\">Az esem\u00e9nyen k\u00e9p- \u00e9s videofelv\u00e9tel k\u00e9sz\u00fclhet.<\/span><span data-ccp-props=\"{&quot;134233117&quot;:true,&quot;134233118&quot;:true}\">\u00a0<\/span><\/p>\n<p style=\"text-align: justify\"><em><strong>V\u00e1rjuk sok szeretettel!\u00a0<\/strong><\/em><\/p>\n","protected":false},"excerpt":{"rendered":"<p><a href=\"https:\/\/www.orszagosbortura.hu\/esemenyek\/cqrxeji16vbnpgmxfcivt\"><\/a> December 5-\u00e9n folytat\u00f3dik a Semmelweis Alumni Igazgat\u00f3s\u00e1g \u00e9s az Orsz\u00e1gos Bort\u00fara bork\u00f3stol\u00f3 rendezv\u00e9nysorozata a Semmelweis Alumni k\u00f6z\u00f6ss\u00e9g r\u00e9sz\u00e9re!\u00a0 A Semmelweis Alumni Igazgat\u00f3s\u00e1g hagyom\u00e1nyosan decemberben rendezi meg a j\u00f3t\u00e9konys\u00e1gi bork\u00f3stol\u00f3j\u00e1t, amelyre szeretettel v\u00e1r minden borkedvel\u0151 Semmelweis Polg\u00e1rt \u00e9s k\u00eds\u00e9r\u0151j\u00e9t! A J\u00f3t\u00e9konys\u00e1gi Bork\u00f3stol\u00f3 r\u00e9sztvev\u0151inek a 2024-as Semmelweis Egyetem Bora Orsz\u00e1gos Borverseny\u00e9nek gy\u0151ztes boraib\u00f3l \u00f6ssze\u00e1ll\u00edtott borsort lesz lehet\u0151s\u00e9g\u00fck &hellip;<\/p>\n","protected":false},"author":101627,"featured_media":23346,"comment_status":"closed","ping_status":"closed","sticky":false,"template":"","format":"standard","meta":{"_acf_changed":false,"footnotes":""},"categories":[236],"tags":[],"class_list":["post-21473","post","type-post","status-publish","format-standard","has-post-thumbnail","hentry","category-borkostolo"],"acf":[],"publishpress_future_action":{"enabled":false,"date":"1970-01-01 01:00:00","action":"","terms":[],"taxonomy":"","browser_timezone_offset":0},"_links":{"self":[{"href":"https:\/\/semmelweis.hu\/alumni\/wp-json\/wp\/v2\/posts\/21473","targetHints":{"allow":["GET"]}}],"collection":[{"href":"https:\/\/semmelweis.hu\/alumni\/wp-json\/wp\/v2\/posts"}],"about":[{"href":"https:\/\/semmelweis.hu\/alumni\/wp-json\/wp\/v2\/types\/post"}],"author":[{"embeddable":true,"href":"https:\/\/semmelweis.hu\/alumni\/wp-json\/wp\/v2\/users\/101627"}],"replies":[{"embeddable":true,"href":"https:\/\/semmelweis.hu\/alumni\/wp-json\/wp\/v2\/comments?post=21473"}],"version-history":[{"count":4,"href":"https:\/\/semmelweis.hu\/alumni\/wp-json\/wp\/v2\/posts\/21473\/revisions"}],"predecessor-version":[{"id":21480,"href":"https:\/\/semmelweis.hu\/alumni\/wp-json\/wp\/v2\/posts\/21473\/revisions\/21480"}],"wp:featuredmedia":[{"embeddable":true,"href":"https:\/\/semmelweis.hu\/alumni\/wp-json\/wp\/v2\/media\/23346"}],"wp:attachment":[{"href":"https:\/\/semmelweis.hu\/alumni\/wp-json\/wp\/v2\/media?parent=21473"}],"wp:term":[{"taxonomy":"category","embeddable":true,"href":"https:\/\/semmelweis.hu\/alumni\/wp-json\/wp\/v2\/categories?post=21473"},{"taxonomy":"post_tag","embeddable":true,"href":"https:\/\/semmelweis.hu\/alumni\/wp-json\/wp\/v2\/tags?post=21473"}],"curies":[{"name":"wp","href":"https:\/\/api.w.org\/{rel}","templated":true}]}}