{"id":21453,"date":"2024-11-12T10:54:37","date_gmt":"2024-11-12T09:54:37","guid":{"rendered":"https:\/\/semmelweis.hu\/alumni\/?p=21453"},"modified":"2025-03-03T10:42:38","modified_gmt":"2025-03-03T09:42:38","slug":"a-gal-tibor-pinceszet-kozremukodesevel-az-egri-borvidek-kerult-teritekre-az-alumni-jotekonysagi-borkostolo-sorozat-novemberi-telthazas-esemenyen","status":"publish","type":"post","link":"https:\/\/semmelweis.hu\/alumni\/2024\/11\/12\/a-gal-tibor-pinceszet-kozremukodesevel-az-egri-borvidek-kerult-teritekre-az-alumni-jotekonysagi-borkostolo-sorozat-novemberi-telthazas-esemenyen\/","title":{"rendered":"A G\u00e1l Tibor Pinc\u00e9szet k\u00f6zrem\u0171k\u00f6d\u00e9s\u00e9vel az egri borvid\u00e9k ker\u00fclt ter\u00edt\u00e9kre az Alumni j\u00f3t\u00e9konys\u00e1gi bork\u00f3stol\u00f3 sorozat novemberi, telth\u00e1zas esem\u00e9ny\u00e9n"},"content":{"rendered":"<h5 style=\"text-align: justify\"><strong>Az Alumni Igazgat\u00f3s\u00e1g \u00e9s az Orsz\u00e1gos Bort\u00fara\u00a0k\u00f6z\u00f6s, adom\u00e1nygy\u0171jt\u0151 rendezv\u00e9ny-sorozat\u00e1nak novemberi alkalm\u00e1n a r\u00e9sztvev\u0151k hat t\u00e9telb\u0151l \u00e1ll\u00f3 bork\u00f3stol\u00f3n vehettek r\u00e9szt. A Semmelweis Szalonban tartott bork\u00f3stol\u00f3 vend\u00e9gbor\u00e1szata ez\u00fattal a G\u00e1l Tibor Pinc\u00e9szet volt.<\/strong><a href=\"https:\/\/semmelweis.hu\/alumni\/files\/2024\/11\/RS205179_433A6996-scr.jpg\"><img loading=\"lazy\" decoding=\"async\" class=\"aligncenter  wp-image-21460\" src=\"https:\/\/semmelweis.hu\/alumni\/files\/2024\/11\/RS205179_433A6996-scr.jpg\" alt=\"\" width=\"918\" height=\"612\" srcset=\"https:\/\/semmelweis.hu\/alumni\/files\/2024\/11\/RS205179_433A6996-scr.jpg 1200w, https:\/\/semmelweis.hu\/alumni\/files\/2024\/11\/RS205179_433A6996-scr-400x267.jpg 400w, https:\/\/semmelweis.hu\/alumni\/files\/2024\/11\/RS205179_433A6996-scr-1024x683.jpg 1024w, https:\/\/semmelweis.hu\/alumni\/files\/2024\/11\/RS205179_433A6996-scr-768x512.jpg 768w, https:\/\/semmelweis.hu\/alumni\/files\/2024\/11\/RS205179_433A6996-scr-753x502.jpg 753w, https:\/\/semmelweis.hu\/alumni\/files\/2024\/11\/RS205179_433A6996-scr-203x135.jpg 203w\" sizes=\"auto, (max-width: 918px) 100vw, 918px\" \/><\/a>Dr. Simon Botond, az Orsz\u00e1gos Bort\u00fara t\u00e1rsalap\u00edt\u00f3ja, a Semmelweis Egyetem alumnusa a szervez\u0151k nev\u00e9ben k\u00f6sz\u00f6nt\u00f6tte a vend\u00e9geket. Besz\u00e9d\u00e9ben felh\u00edvta a r\u00e9sztvev\u0151k figyelm\u00e9t, hogy az Alumni Igazgat\u00f3s\u00e1g \u00e9s az Orsz\u00e1gos Bort\u00fara a 2025-\u00f6s \u00e9v m\u00e1jus\u00e1ban s\u00e9t\u00e1l\u00f3 bork\u00f3stol\u00f3 megszervez\u00e9s\u00e9t tervezi, amely sor\u00e1n 50 hazai bor\u00e1szat borait egy id\u0151ben lehet majd megk\u00f3stolni a j\u00f3t\u00e9konys\u00e1gi bork\u00f3stol\u00f3 keret\u00e9ben. A j\u00f6v\u0151 \u00e9vi kezdem\u00e9nyez\u00e9s bejelent\u00e9s\u00e9t k\u00f6vet\u0151en felkonfer\u00e1lta a novemberi bork\u00f3stol\u00f3 alkalom vend\u00e9gbor\u00e1szat\u00e1t, a G\u00e1l Tibor Pinc\u00e9szetet.<\/h5>\n<p><a href=\"https:\/\/semmelweis.hu\/alumni\/files\/2024\/11\/RS205192_433A6933-scr.jpg\"><img loading=\"lazy\" decoding=\"async\" class=\" wp-image-21468 aligncenter\" src=\"https:\/\/semmelweis.hu\/alumni\/files\/2024\/11\/RS205192_433A6933-scr.jpg\" alt=\"\" width=\"890\" height=\"593\" srcset=\"https:\/\/semmelweis.hu\/alumni\/files\/2024\/11\/RS205192_433A6933-scr.jpg 1200w, https:\/\/semmelweis.hu\/alumni\/files\/2024\/11\/RS205192_433A6933-scr-400x267.jpg 400w, https:\/\/semmelweis.hu\/alumni\/files\/2024\/11\/RS205192_433A6933-scr-1024x683.jpg 1024w, https:\/\/semmelweis.hu\/alumni\/files\/2024\/11\/RS205192_433A6933-scr-768x512.jpg 768w, https:\/\/semmelweis.hu\/alumni\/files\/2024\/11\/RS205192_433A6933-scr-753x502.jpg 753w, https:\/\/semmelweis.hu\/alumni\/files\/2024\/11\/RS205192_433A6933-scr-203x135.jpg 203w\" sizes=\"auto, (max-width: 890px) 100vw, 890px\" \/><\/a><\/p>\n<div class=\"fontos_div\">\n<p style=\"text-align: justify\">G\u00e1l Tibor bor\u00e1sz el\u0151ad\u00e1s\u00e1ban a t\u00f6bb mint harminc \u00e9ves pinc\u00e9szet\u00fckr\u0151l osztott meg szem\u00e9lyes \u00e9s szakmai t\u00f6rt\u00e9neteket a jelenl\u00e9v\u0151kkel, a csal\u00e1di v\u00e1llalkoz\u00e1s m\u0171k\u00f6d\u00e9s\u00e9r\u0151l \u00e9s a bork\u00e9sz\u00edt\u00e9s fort\u00e9lyair\u00f3l mes\u00e9lt, majd k\u00fcl\u00f6n boronk\u00e9nt kiemelte az adott jellegzetess\u00e9geket az el\u0151\u00e1ll\u00edt\u00e1sra \u00e9s az \u00edzvil\u00e1gra vonatkoz\u00f3an. A bork\u00f3stol\u00f3 r\u00e9sztvev\u0151ire hat t\u00e9telb\u0151l \u00e1ll\u00f3 k\u00f3stol\u00f3 v\u00e1rt: az este folyam\u00e1n az Egri Csillag (2024), a Fuzio (2023), a Kadarka (2023), a Labirintus Bikav\u00e9r Superior (2021), a Pajados Bikav\u00e9r Superior (2021), \u00e9s a S\u00edkhegy Bikav\u00e9r (2018) borok ker\u00fcltek ter\u00edt\u00e9kre.<\/p>\n<\/div>\n<h6 style=\"text-align: justify\">Az Alumni Igazgat\u00f3s\u00e1g \u00e9s az Orsz\u00e1gos Bort\u00fara j\u00f3t\u00e9konys\u00e1gi bork\u00f3stol\u00f3 rendezv\u00e9nysorozata 2024-ben utolj\u00e1ra december 5-\u00e9n, cs\u00fct\u00f6rt\u00f6k\u00f6n v\u00e1rja a Semmelweis alumnusokat \u00e9s k\u00eds\u00e9r\u0151iket: decemberben ism\u00e9t az egyetem borait ny\u00edlik lehet\u0151s\u00e9g megk\u00f3stolni a Semmelweis Szalonban.<\/h6>\n<h6 style=\"text-align: justify\"><em>A r\u00e9sztvev\u0151k a k\u00f3stol\u00f3ra sz\u00f3l\u00f3 bel\u00e9p\u0151jegy megv\u00e1s\u00e1rl\u00e1s\u00e1val a Semmelweis Alap\u00edtv\u00e1nyt t\u00e1mogatj\u00e1k.<\/em><\/h6>\n<h6 style=\"text-align: justify\"><em>A Semmelweis Egyetem Alumni Igazgat\u00f3s\u00e1ga minden esetben felh\u00edvja a figyelmet a kultur\u00e1lt borfogyaszt\u00e1sra, illetve t\u00e1mogatja azt a k\u00fczdelmet, amelyet az eg\u00e9szs\u00e9g\u00fcgyi \u00e1gazat folytat az alkoholfogyaszt\u00e1sb\u00f3l ered\u0151 betegs\u00e9gek visszaszor\u00edt\u00e1s\u00e1\u00e9rt.<\/em><\/h6>\n\r\n        [slb_exclude]\r\n        <div class=\"row galeria-wrapper mx-0 h-auto\">\r\n            <div class=\"col-9 pl-0 pr-2\">\r\n            <span class=\"gallery-item frame\">\r\n\t\t\t\t<div class=\"galeria-left-img\"><a href=\"https:\/\/semmelweis.hu\/alumni\/files\/2024\/11\/RS205171_433A7070-scr.jpg\"><img src=https:\/\/semmelweis.hu\/alumni\/files\/2024\/11\/RS205171_433A7070-scr.jpg  \r\n                            alt=\"\" \r\n                            class=\"attachment-sote-gallery-big size-sote-gallery-big\" \r\n                            srcset=\"https:\/\/semmelweis.hu\/alumni\/files\/2024\/11\/RS205171_433A7070-scr-400x267.jpg 400w, https:\/\/semmelweis.hu\/alumni\/files\/2024\/11\/RS205171_433A7070-scr-1024x683.jpg 1024w, https:\/\/semmelweis.hu\/alumni\/files\/2024\/11\/RS205171_433A7070-scr-768x512.jpg 768w, https:\/\/semmelweis.hu\/alumni\/files\/2024\/11\/RS205171_433A7070-scr-753x502.jpg 753w, https:\/\/semmelweis.hu\/alumni\/files\/2024\/11\/RS205171_433A7070-scr-203x135.jpg 203w, https:\/\/semmelweis.hu\/alumni\/files\/2024\/11\/RS205171_433A7070-scr.jpg 1200w\" ><\/a><\/div>\r\n            <\/span>\r\n\r\n            <\/div>\r\n\r\n\t\t\t<div class=\"col-3 pl-0 pr-0\">\r\n\t\t\t\t<div class=\"galeria-right-img d-flex justify-content-between flex-column h-100 w-100 px-0 mx-0 \">\r\n                <div class=\"galeria-box\">\r\n\t\t\t\t\t<h3 class=\"galeria-title\">Gal\u00e9ria<\/h3>\r\n\t\t\t\t\t<div class=\"galeria-subtitle\">\r\n\r\n\t\t\t\t\t\t<div class=\"galeria-page-counter\"><span>13<\/span>k\u00e9p<\/div>\r\n                    <\/div> <\/div>\r\n                    <span class=\"gallery-item frame d-none d-md-flex\">\r\n\t\t\t\t\t<div class=\"galeria-small-img mt-0\"><a href=\"https:\/\/semmelweis.hu\/alumni\/files\/2024\/11\/RS205183_433A6970-scr.jpg\"><img src=https:\/\/semmelweis.hu\/alumni\/files\/2024\/11\/RS205183_433A6970-scr.jpg \r\n                                alt=\"\"  \r\n                                class=\"attachment-sote-gallery-small size-sote-gallery-small\" \r\n                                srcset=\"https:\/\/semmelweis.hu\/alumni\/files\/2024\/11\/RS205183_433A6970-scr-400x267.jpg 400w, https:\/\/semmelweis.hu\/alumni\/files\/2024\/11\/RS205183_433A6970-scr-1024x683.jpg 1024w, https:\/\/semmelweis.hu\/alumni\/files\/2024\/11\/RS205183_433A6970-scr-768x512.jpg 768w, https:\/\/semmelweis.hu\/alumni\/files\/2024\/11\/RS205183_433A6970-scr-753x502.jpg 753w, https:\/\/semmelweis.hu\/alumni\/files\/2024\/11\/RS205183_433A6970-scr-203x135.jpg 203w, https:\/\/semmelweis.hu\/alumni\/files\/2024\/11\/RS205183_433A6970-scr.jpg 1200w\" ><\/a><\/div>\r\n                    <\/span>\r\n                    <span class=\"gallery-item frame d-none d-md-flex\">\r\n\t\t\t\t\t<div class=\"galeria-small-img mt-0\"><a href=\"https:\/\/semmelweis.hu\/alumni\/files\/2024\/11\/RS205190_433A6942-scr.jpg\"><img src=https:\/\/semmelweis.hu\/alumni\/files\/2024\/11\/RS205190_433A6942-scr.jpg \r\n                                alt=\"\" \r\n                                class=\"attachment-sote-gallery-small size-sote-gallery-small\" \r\n                                srcset=\"https:\/\/semmelweis.hu\/alumni\/files\/2024\/11\/RS205190_433A6942-scr-400x267.jpg 400w, https:\/\/semmelweis.hu\/alumni\/files\/2024\/11\/RS205190_433A6942-scr-1024x683.jpg 1024w, https:\/\/semmelweis.hu\/alumni\/files\/2024\/11\/RS205190_433A6942-scr-768x512.jpg 768w, https:\/\/semmelweis.hu\/alumni\/files\/2024\/11\/RS205190_433A6942-scr-753x502.jpg 753w, https:\/\/semmelweis.hu\/alumni\/files\/2024\/11\/RS205190_433A6942-scr-203x135.jpg 203w, https:\/\/semmelweis.hu\/alumni\/files\/2024\/11\/RS205190_433A6942-scr.jpg 1200w\" ><\/a><\/div>\r\n                    <\/span>\r\n\r\n                <\/div>\r\n\r\n            <\/div>\r\n\r\n            <span class=\"gallery-item\"><div class=\"hidden\"><a href=\"https:\/\/semmelweis.hu\/alumni\/files\/2024\/11\/RS205173_433A7050-scr.jpg\">\r\n        <img src=https:\/\/semmelweis.hu\/alumni\/files\/2024\/11\/RS205173_433A7050-scr.jpg alt=\"\" class=\"attachment-sote-gallery-big size-sote-gallery-big\" srcset=\"https:\/\/semmelweis.hu\/alumni\/files\/2024\/11\/RS205173_433A7050-scr-400x267.jpg 400w, https:\/\/semmelweis.hu\/alumni\/files\/2024\/11\/RS205173_433A7050-scr-1024x683.jpg 1024w, https:\/\/semmelweis.hu\/alumni\/files\/2024\/11\/RS205173_433A7050-scr-768x512.jpg 768w, https:\/\/semmelweis.hu\/alumni\/files\/2024\/11\/RS205173_433A7050-scr-753x502.jpg 753w, https:\/\/semmelweis.hu\/alumni\/files\/2024\/11\/RS205173_433A7050-scr-203x135.jpg 203w, https:\/\/semmelweis.hu\/alumni\/files\/2024\/11\/RS205173_433A7050-scr.jpg 1200w\" >\r\n        <\/a><\/div><\/span><span class=\"gallery-item\"><div class=\"hidden\"><a href=\"https:\/\/semmelweis.hu\/alumni\/files\/2024\/11\/RS205180_433A6991-scr.jpg\">\r\n        <img src=https:\/\/semmelweis.hu\/alumni\/files\/2024\/11\/RS205180_433A6991-scr.jpg alt=\"\" class=\"attachment-sote-gallery-big size-sote-gallery-big\" srcset=\"https:\/\/semmelweis.hu\/alumni\/files\/2024\/11\/RS205180_433A6991-scr-400x267.jpg 400w, https:\/\/semmelweis.hu\/alumni\/files\/2024\/11\/RS205180_433A6991-scr-1024x683.jpg 1024w, https:\/\/semmelweis.hu\/alumni\/files\/2024\/11\/RS205180_433A6991-scr-768x512.jpg 768w, https:\/\/semmelweis.hu\/alumni\/files\/2024\/11\/RS205180_433A6991-scr-753x502.jpg 753w, https:\/\/semmelweis.hu\/alumni\/files\/2024\/11\/RS205180_433A6991-scr-203x135.jpg 203w, https:\/\/semmelweis.hu\/alumni\/files\/2024\/11\/RS205180_433A6991-scr.jpg 1200w\" >\r\n        <\/a><\/div><\/span><span class=\"gallery-item\"><div class=\"hidden\"><a href=\"https:\/\/semmelweis.hu\/alumni\/files\/2024\/11\/RS205187_433A6959-scr.jpg\">\r\n        <img src=https:\/\/semmelweis.hu\/alumni\/files\/2024\/11\/RS205187_433A6959-scr.jpg alt=\"\" class=\"attachment-sote-gallery-big size-sote-gallery-big\" srcset=\"https:\/\/semmelweis.hu\/alumni\/files\/2024\/11\/RS205187_433A6959-scr-400x267.jpg 400w, https:\/\/semmelweis.hu\/alumni\/files\/2024\/11\/RS205187_433A6959-scr-1024x683.jpg 1024w, https:\/\/semmelweis.hu\/alumni\/files\/2024\/11\/RS205187_433A6959-scr-768x512.jpg 768w, https:\/\/semmelweis.hu\/alumni\/files\/2024\/11\/RS205187_433A6959-scr-753x502.jpg 753w, https:\/\/semmelweis.hu\/alumni\/files\/2024\/11\/RS205187_433A6959-scr-203x135.jpg 203w, https:\/\/semmelweis.hu\/alumni\/files\/2024\/11\/RS205187_433A6959-scr.jpg 1200w\" >\r\n        <\/a><\/div><\/span><span class=\"gallery-item\"><div class=\"hidden\"><a href=\"https:\/\/semmelweis.hu\/alumni\/files\/2024\/11\/RS205177_433A7010-scr.jpg\">\r\n        <img src=https:\/\/semmelweis.hu\/alumni\/files\/2024\/11\/RS205177_433A7010-scr.jpg alt=\"\" class=\"attachment-sote-gallery-big size-sote-gallery-big\" srcset=\"https:\/\/semmelweis.hu\/alumni\/files\/2024\/11\/RS205177_433A7010-scr-400x267.jpg 400w, https:\/\/semmelweis.hu\/alumni\/files\/2024\/11\/RS205177_433A7010-scr-1024x683.jpg 1024w, https:\/\/semmelweis.hu\/alumni\/files\/2024\/11\/RS205177_433A7010-scr-768x512.jpg 768w, https:\/\/semmelweis.hu\/alumni\/files\/2024\/11\/RS205177_433A7010-scr-753x502.jpg 753w, https:\/\/semmelweis.hu\/alumni\/files\/2024\/11\/RS205177_433A7010-scr-203x135.jpg 203w, https:\/\/semmelweis.hu\/alumni\/files\/2024\/11\/RS205177_433A7010-scr.jpg 1200w\" >\r\n        <\/a><\/div><\/span><span class=\"gallery-item\"><div class=\"hidden\"><a href=\"https:\/\/semmelweis.hu\/alumni\/files\/2024\/11\/RS205178_433A7008-scr.jpg\">\r\n        <img src=https:\/\/semmelweis.hu\/alumni\/files\/2024\/11\/RS205178_433A7008-scr.jpg alt=\"\" class=\"attachment-sote-gallery-big size-sote-gallery-big\" srcset=\"https:\/\/semmelweis.hu\/alumni\/files\/2024\/11\/RS205178_433A7008-scr-400x267.jpg 400w, https:\/\/semmelweis.hu\/alumni\/files\/2024\/11\/RS205178_433A7008-scr-1024x683.jpg 1024w, https:\/\/semmelweis.hu\/alumni\/files\/2024\/11\/RS205178_433A7008-scr-768x512.jpg 768w, https:\/\/semmelweis.hu\/alumni\/files\/2024\/11\/RS205178_433A7008-scr-753x502.jpg 753w, https:\/\/semmelweis.hu\/alumni\/files\/2024\/11\/RS205178_433A7008-scr-203x135.jpg 203w, https:\/\/semmelweis.hu\/alumni\/files\/2024\/11\/RS205178_433A7008-scr.jpg 1200w\" >\r\n        <\/a><\/div><\/span><span class=\"gallery-item\"><div class=\"hidden\"><a href=\"https:\/\/semmelweis.hu\/alumni\/files\/2024\/11\/RS205176_433A7012-scr.jpg\">\r\n        <img src=https:\/\/semmelweis.hu\/alumni\/files\/2024\/11\/RS205176_433A7012-scr.jpg alt=\"\" class=\"attachment-sote-gallery-big size-sote-gallery-big\" srcset=\"https:\/\/semmelweis.hu\/alumni\/files\/2024\/11\/RS205176_433A7012-scr-400x267.jpg 400w, https:\/\/semmelweis.hu\/alumni\/files\/2024\/11\/RS205176_433A7012-scr-1024x683.jpg 1024w, https:\/\/semmelweis.hu\/alumni\/files\/2024\/11\/RS205176_433A7012-scr-768x512.jpg 768w, https:\/\/semmelweis.hu\/alumni\/files\/2024\/11\/RS205176_433A7012-scr-753x502.jpg 753w, https:\/\/semmelweis.hu\/alumni\/files\/2024\/11\/RS205176_433A7012-scr-203x135.jpg 203w, https:\/\/semmelweis.hu\/alumni\/files\/2024\/11\/RS205176_433A7012-scr.jpg 1200w\" >\r\n        <\/a><\/div><\/span><span class=\"gallery-item\"><div class=\"hidden\"><a href=\"https:\/\/semmelweis.hu\/alumni\/files\/2024\/11\/RS205186_433A6962-scr.jpg\">\r\n        <img src=https:\/\/semmelweis.hu\/alumni\/files\/2024\/11\/RS205186_433A6962-scr.jpg alt=\"\" class=\"attachment-sote-gallery-big size-sote-gallery-big\" srcset=\"https:\/\/semmelweis.hu\/alumni\/files\/2024\/11\/RS205186_433A6962-scr-400x267.jpg 400w, https:\/\/semmelweis.hu\/alumni\/files\/2024\/11\/RS205186_433A6962-scr-1024x683.jpg 1024w, https:\/\/semmelweis.hu\/alumni\/files\/2024\/11\/RS205186_433A6962-scr-768x512.jpg 768w, https:\/\/semmelweis.hu\/alumni\/files\/2024\/11\/RS205186_433A6962-scr-753x502.jpg 753w, https:\/\/semmelweis.hu\/alumni\/files\/2024\/11\/RS205186_433A6962-scr-203x135.jpg 203w, https:\/\/semmelweis.hu\/alumni\/files\/2024\/11\/RS205186_433A6962-scr.jpg 1200w\" >\r\n        <\/a><\/div><\/span><span class=\"gallery-item\"><div class=\"hidden\"><a href=\"https:\/\/semmelweis.hu\/alumni\/files\/2024\/11\/RS205185_433A6963-scr.jpg\">\r\n        <img src=https:\/\/semmelweis.hu\/alumni\/files\/2024\/11\/RS205185_433A6963-scr.jpg alt=\"\" class=\"attachment-sote-gallery-big size-sote-gallery-big\" srcset=\"https:\/\/semmelweis.hu\/alumni\/files\/2024\/11\/RS205185_433A6963-scr-400x267.jpg 400w, https:\/\/semmelweis.hu\/alumni\/files\/2024\/11\/RS205185_433A6963-scr-1024x683.jpg 1024w, https:\/\/semmelweis.hu\/alumni\/files\/2024\/11\/RS205185_433A6963-scr-768x512.jpg 768w, https:\/\/semmelweis.hu\/alumni\/files\/2024\/11\/RS205185_433A6963-scr-753x502.jpg 753w, https:\/\/semmelweis.hu\/alumni\/files\/2024\/11\/RS205185_433A6963-scr-203x135.jpg 203w, https:\/\/semmelweis.hu\/alumni\/files\/2024\/11\/RS205185_433A6963-scr.jpg 1200w\" >\r\n        <\/a><\/div><\/span><span class=\"gallery-item\"><div class=\"hidden\"><a href=\"https:\/\/semmelweis.hu\/alumni\/files\/2024\/11\/RS205172_433A7059-scr.jpg\">\r\n        <img src=https:\/\/semmelweis.hu\/alumni\/files\/2024\/11\/RS205172_433A7059-scr.jpg alt=\"\" class=\"attachment-sote-gallery-big size-sote-gallery-big\" srcset=\"https:\/\/semmelweis.hu\/alumni\/files\/2024\/11\/RS205172_433A7059-scr-400x267.jpg 400w, https:\/\/semmelweis.hu\/alumni\/files\/2024\/11\/RS205172_433A7059-scr-1024x683.jpg 1024w, https:\/\/semmelweis.hu\/alumni\/files\/2024\/11\/RS205172_433A7059-scr-768x512.jpg 768w, https:\/\/semmelweis.hu\/alumni\/files\/2024\/11\/RS205172_433A7059-scr-753x502.jpg 753w, https:\/\/semmelweis.hu\/alumni\/files\/2024\/11\/RS205172_433A7059-scr-203x135.jpg 203w, https:\/\/semmelweis.hu\/alumni\/files\/2024\/11\/RS205172_433A7059-scr.jpg 1200w\" >\r\n        <\/a><\/div><\/span><span class=\"gallery-item\"><div class=\"hidden\"><a href=\"https:\/\/semmelweis.hu\/alumni\/files\/2024\/11\/RS205194_433A6921-scr.jpg\">\r\n        <img src=https:\/\/semmelweis.hu\/alumni\/files\/2024\/11\/RS205194_433A6921-scr.jpg alt=\"\" class=\"attachment-sote-gallery-big size-sote-gallery-big\" srcset=\"https:\/\/semmelweis.hu\/alumni\/files\/2024\/11\/RS205194_433A6921-scr-400x267.jpg 400w, https:\/\/semmelweis.hu\/alumni\/files\/2024\/11\/RS205194_433A6921-scr-1024x683.jpg 1024w, https:\/\/semmelweis.hu\/alumni\/files\/2024\/11\/RS205194_433A6921-scr-768x512.jpg 768w, https:\/\/semmelweis.hu\/alumni\/files\/2024\/11\/RS205194_433A6921-scr-753x502.jpg 753w, https:\/\/semmelweis.hu\/alumni\/files\/2024\/11\/RS205194_433A6921-scr-203x135.jpg 203w, https:\/\/semmelweis.hu\/alumni\/files\/2024\/11\/RS205194_433A6921-scr.jpg 1200w\" >\r\n        <\/a><\/div><\/span>\r\n            <\/div>\r\n\r\n            [\/slb_exclude]\r\n\t\n<h6>A Semmelweis j\u00f3t\u00e9konys\u00e1gi bork\u00f3stol\u00f3 <strong>december 5-\u00e9n 18.00 \u00e9s 21.00<\/strong> k\u00f6z\u00f6tt a <strong>Semmelweis Szalonban<\/strong> ism\u00e9t folytat\u00f3dik, ez alkalommal a <strong>Semmelweis Egyetem Borait<\/strong> lehet majd megk\u00f3stolni. Az esem\u00e9nyre a jegyek az <strong><a href=\"https:\/\/www.orszagosbortura.hu\/esemenyek\/cqrxeji16vbnpgmxfcivt\">Orsz\u00e1gos Bort\u00fara oldal\u00e1n<\/a><\/strong> m\u00e1r megv\u00e1s\u00e1rolhat\u00f3ak.<\/h6>\n<p><a href=\"https:\/\/www.orszagosbortura.hu\/esemenyek\/cqrxeji16vbnpgmxfcivt\"><img loading=\"lazy\" decoding=\"async\" class=\"aligncenter  wp-image-21470\" src=\"https:\/\/semmelweis.hu\/alumni\/files\/2024\/11\/large_SE_alumni_borkostolok_s02e06_4d8d25e802.png\" alt=\"\" width=\"732\" height=\"412\" srcset=\"https:\/\/semmelweis.hu\/alumni\/files\/2024\/11\/large_SE_alumni_borkostolok_s02e06_4d8d25e802.png 1000w, https:\/\/semmelweis.hu\/alumni\/files\/2024\/11\/large_SE_alumni_borkostolok_s02e06_4d8d25e802-400x225.png 400w, https:\/\/semmelweis.hu\/alumni\/files\/2024\/11\/large_SE_alumni_borkostolok_s02e06_4d8d25e802-768x432.png 768w, https:\/\/semmelweis.hu\/alumni\/files\/2024\/11\/large_SE_alumni_borkostolok_s02e06_4d8d25e802-753x423.png 753w\" sizes=\"auto, (max-width: 732px) 100vw, 732px\" \/><\/a><\/p>\n<h6>Minden \u00e9rdekl\u0151d\u0151t sok szeretettel v\u00e1r a Semmelweis Egyetem Alumni Igazgat\u00f3s\u00e1ga!<\/h6>\n<h6>\u00a0<\/h6>\n<h6 style=\"text-align: justify\"><span style=\"font-size: 12pt\">Fot\u00f3: Bartha B\u00e1lint &#8211; Semmelweis Egyetem<\/span><\/h6>\n<h6 style=\"text-align: justify\"><span style=\"font-size: 12pt\">Sz\u00f6veg: dr. Fecser Zsuzsanna &#8211; Semmelweis Egyetem Alumni Igazgat\u00f3s\u00e1g<\/span><\/h6>\n<p>&nbsp;<\/p>\n","protected":false},"excerpt":{"rendered":"<p>Az Alumni Igazgat\u00f3s\u00e1g \u00e9s az Orsz\u00e1gos Bort\u00fara\u00a0k\u00f6z\u00f6s, adom\u00e1nygy\u0171jt\u0151 rendezv\u00e9ny-sorozat\u00e1nak novemberi alkalm\u00e1n a r\u00e9sztvev\u0151k hat t\u00e9telb\u0151l \u00e1ll\u00f3 bork\u00f3stol\u00f3n vehettek r\u00e9szt. A Semmelweis Szalonban tartott bork\u00f3stol\u00f3 vend\u00e9gbor\u00e1szata ez\u00fattal a G\u00e1l Tibor Pinc\u00e9szet volt. <a href=\"https:\/\/semmelweis.hu\/alumni\/files\/2024\/11\/RS205179_433A6996-scr.jpg\"><\/a> Dr. Simon Botond, az Orsz\u00e1gos Bort\u00fara t\u00e1rsalap\u00edt\u00f3ja, a Semmelweis Egyetem alumnusa a szervez\u0151k nev\u00e9ben k\u00f6sz\u00f6nt\u00f6tte a vend\u00e9geket. Besz\u00e9d\u00e9ben felh\u00edvta a r\u00e9sztvev\u0151k figyelm\u00e9t, hogy az &hellip;<\/p>\n","protected":false},"author":101627,"featured_media":21460,"comment_status":"closed","ping_status":"closed","sticky":false,"template":"","format":"standard","meta":{"_acf_changed":false,"footnotes":""},"categories":[236,1],"tags":[],"class_list":["post-21453","post","type-post","status-publish","format-standard","has-post-thumbnail","hentry","category-borkostolo","category-hirek"],"acf":[],"publishpress_future_action":{"enabled":false,"date":"1970-01-01 01:00:00","action":"","terms":[],"taxonomy":"","browser_timezone_offset":0},"_links":{"self":[{"href":"https:\/\/semmelweis.hu\/alumni\/wp-json\/wp\/v2\/posts\/21453","targetHints":{"allow":["GET"]}}],"collection":[{"href":"https:\/\/semmelweis.hu\/alumni\/wp-json\/wp\/v2\/posts"}],"about":[{"href":"https:\/\/semmelweis.hu\/alumni\/wp-json\/wp\/v2\/types\/post"}],"author":[{"embeddable":true,"href":"https:\/\/semmelweis.hu\/alumni\/wp-json\/wp\/v2\/users\/101627"}],"replies":[{"embeddable":true,"href":"https:\/\/semmelweis.hu\/alumni\/wp-json\/wp\/v2\/comments?post=21453"}],"version-history":[{"count":3,"href":"https:\/\/semmelweis.hu\/alumni\/wp-json\/wp\/v2\/posts\/21453\/revisions"}],"predecessor-version":[{"id":25382,"href":"https:\/\/semmelweis.hu\/alumni\/wp-json\/wp\/v2\/posts\/21453\/revisions\/25382"}],"wp:featuredmedia":[{"embeddable":true,"href":"https:\/\/semmelweis.hu\/alumni\/wp-json\/wp\/v2\/media\/21460"}],"wp:attachment":[{"href":"https:\/\/semmelweis.hu\/alumni\/wp-json\/wp\/v2\/media?parent=21453"}],"wp:term":[{"taxonomy":"category","embeddable":true,"href":"https:\/\/semmelweis.hu\/alumni\/wp-json\/wp\/v2\/categories?post=21453"},{"taxonomy":"post_tag","embeddable":true,"href":"https:\/\/semmelweis.hu\/alumni\/wp-json\/wp\/v2\/tags?post=21453"}],"curies":[{"name":"wp","href":"https:\/\/api.w.org\/{rel}","templated":true}]}}