{"id":17541,"date":"2024-09-06T08:35:39","date_gmt":"2024-09-06T06:35:39","guid":{"rendered":"https:\/\/semmelweis.hu\/alumni\/?p=17541"},"modified":"2024-09-06T08:35:39","modified_gmt":"2024-09-06T06:35:39","slug":"kotmayer-lili-az-orvosi-egyetem-nem-sprint-hanem-maratonfutas-de-ebben-nem-vagyunk-egyedul","status":"publish","type":"post","link":"https:\/\/semmelweis.hu\/alumni\/2024\/09\/06\/kotmayer-lili-az-orvosi-egyetem-nem-sprint-hanem-maratonfutas-de-ebben-nem-vagyunk-egyedul\/","title":{"rendered":"KOTMAYER LILI: AZ ORVOSI EGYETEM NEM SPRINT, HANEM MARATONFUT\u00c1S&#8230; DE EBBEN NEM VAGYUNK EGYED\u00dcL"},"content":{"rendered":"<h5 style=\"text-align: justify\">Alumni-interj\u00fasorozatunk leg\u00fajabb r\u00e9sz\u00e9ben Kotmayer Lili, a St. Jude Children\u2019s Research Hospital posztdoktor kutat\u00f3ja, a Semmelweis Egyetem egykori, Pro Scientia Arany\u00e9rmes \u00e9s t\u00f6bb \u00f6szt\u00f6nd\u00edjat is elnyert hallgat\u00f3ja, a 2021-es \u00c9v Medikusa sz\u00e1molt be egyetemi eml\u00e9keir\u0151l, hivat\u00e1s\u00e1r\u00f3l, kutat\u00e1sair\u00f3l, karrierje alakul\u00e1s\u00e1r\u00f3l.<\/h5>\n<h6 style=\"text-align: justify\">Mi\u00e9rt az orvosi hivat\u00e1st v\u00e1lasztotta?<\/h6>\n<p style=\"text-align: justify\">Azon kevesek k\u00f6z\u00e9 tartozom, akik csak a gimn\u00e1zium utols\u00f3 \u00e9v\u00e9ben d\u00f6nt\u00f6tt\u00e9k el, hogy az orvosl\u00e1st v\u00e1lasztj\u00e1k hivat\u00e1sul. Szeretett alma materem, a budapesti ELTE Ap\u00e1czai Csere J\u00e1nos Gyakorl\u00f3 Gimn\u00e1zium \u00e9s Koll\u00e9gium t\u00e1mogatott, b\u00e1rmely t\u00e1rgy vagy szakter\u00fclet fel\u00e9 fordultam, \u00edgy egy r\u00f6vid ideig m\u00e9g az is megfordult a fejemben, hogy klasszika-filol\u00f3gi\u00e1t &#8211; latint \u00e9s \u00f3g\u00f6r\u00f6g\u00f6t &#8211; hallgassak. V\u00e9g\u00fcl az oszt\u00e1lyt\u00e1rsaim, bar\u00e1taim kitart\u00f3 lelkesed\u00e9se az orvosi egyetem ir\u00e1nt engem is k\u00edv\u00e1ncsiv\u00e1 tett. Amikor beadtam a jelentkez\u00e9semet, m\u00e1r teljesen biztos voltam benne, hogy ez lesz sz\u00e1momra a helyes \u00fat. Az egyetem els\u0151 h\u00f3napjaiban a tudom\u00e1nyos \u00e9rdekl\u0151d\u00e9s mellett gyorsan kialakult bennem a gy\u00f3gy\u00edt\u00e1s \u00e9s betegek fel\u00e9 fordul\u00e1s szeretete, amely term\u00e9szetesen ma is velem van \u00e9s lelkiismeretes, prec\u00edz munk\u00e1ra sarkall m\u00e9g \u00fagy is, hogy jelenleg nem veszek r\u00e9szt k\u00f6zvetlen\u00fcl a betegell\u00e1t\u00e1sban.<\/p>\n<h6 style=\"text-align: justify\">Volt p\u00e9ldak\u00e9pe, akit k\u00f6vetni k\u00edv\u00e1nt ezen a p\u00e1ly\u00e1n?<\/h6>\n<p style=\"text-align: justify\">Egy embert nem tudn\u00e9k kiemelni, de orvostanhallgat\u00f3k\u00e9nt egyszer valakit\u0151l kaptam egy kiv\u00e1l\u00f3 tan\u00e1csot: P\u00e9ldak\u00e9peinket nem kell csup\u00e1n egy emberr\u0151l mint\u00e1znunk &#8211; ne f\u00e9lj\u00fcnk megalkotni \u0151ket ak\u00e1r t\u00f6bb szem\u00e9lyt is \u201e\u00f6sszegy\u00farva\u201d, hiszen annyi mindent leshet\u00fcnk vagy tanulhatunk el ak\u00e1r h\u00edres kutat\u00f3kt\u00f3l \u00e9s orvosokt\u00f3l, ak\u00e1r egyetemi gyakorlatvezet\u0151inkt\u0151l. A bennem \u00e9l\u0151 p\u00e9ld\u00e1t is els\u0151sorban olyan koll\u00e9g\u00e1imnak k\u00f6sz\u00f6nhetem, akiket m\u00e9g az egyetemi \u00e9vek alatt, betegell\u00e1t\u00e1s k\u00f6zben figyelhettem. Az ilyen orvosokat fantasztikus munka k\u00f6zben l\u00e1tni; m\u00e9g most is nagyon \u00e9l\u00e9nken eml\u00e9kszem p\u00e1r gyakorlatra, amik ut\u00e1n szinte leny\u0171g\u00f6zve d\u00f6nt\u00f6ttem el, hogy \u00e9n is hasonl\u00f3 seg\u00edt\u0151 attit\u0171dre \u00e9s tiszta betegkommunik\u00e1ci\u00f3ra fogok t\u00f6rekedni p\u00e1lyafut\u00e1som sor\u00e1n. Nagyon b\u00fcszke vagyok, hogy ma m\u00e1r a rezidensk\u00e9nt \u00e9s szakorvosjel\u00f6ltk\u00e9nt dolgoz\u00f3 bar\u00e1taimat l\u00e1thatom hasonl\u00f3 szerepben.<\/p>\n<h6 style=\"text-align: justify\">Fiatalon, 17 \u00e9vesen m\u00e1r laborat\u00f3riumban kutatott. Mi hajtotta, milyen c\u00e9lt t\u0171z\u00f6tt ki?<\/h6>\n<p style=\"text-align: justify\">Hatalmas lehet\u0151s\u00e9get kaptam azzal, hogy m\u00e1r v\u00e9gz\u0151s gimnazistak\u00e9nt csatlakozhattam a Semmelweis Egyetem Patol\u00f3giai \u00e9s K\u00eds\u00e9rleti R\u00e1kkutat\u00f3 Int\u00e9zet SE-Lend\u00fclet Molekul\u00e1ris Onkohematol\u00f3gia Kutat\u00f3csoportj\u00e1hoz. Prof. Dr. B\u00f6d\u00f6r Csaba t\u00e9mavezet\u00e9s\u00e9vel ebben a laborban saj\u00e1t\u00edtottam el minden olyan kutat\u00f3i skillt, amelyekb\u0151l m\u00e9g ma is \u00e9p\u00edtkezem, valamint azt a kutat\u00f3i mentalit\u00e1st, amely az eg\u00e9szs\u00e9ges versenyszellem mellett a csapatmunka jelent\u0151s\u00e9get hangs\u00falyozza. Az els\u0151 egy-k\u00e9t \u00e9vben nem t\u0171ztem ki nagy c\u00e9lokat magam el\u00e9, a mentor\u00e1l\u00e1somban b\u00edzva ink\u00e1bb igyekeztem min\u00e9l t\u00f6bb tud\u00e1st magamba sz\u00edvni. A k\u00e9s\u0151bbi \u00e9vek sor\u00e1n term\u00e9szetesen m\u00e1r konkr\u00e9t c\u00e9lok is megfogalmaz\u00f3dtak bennem, k\u00fcl\u00f6n\u00f6sen a publik\u00e1ci\u00f3k \u00e9s p\u00e1ly\u00e1zatok ter\u00e9n. Azt gondolom, hogy ezeken a c\u00e9lokon kereszt\u00fcl, a sikerek \u00e9s kudarcok kezel\u00e9s\u00e9vel nagy l\u00e9p\u00e9seket tettem afel\u00e9, hogy megtanuljam, hogyan kell tudatosan karriert \u00e9p\u00edteni. A labor az m\u00fal\u00e1s\u00e1val sz\u00e9p lassan a m\u00e1sodik otthonomm\u00e1 v\u00e1lt, olyan helly\u00e9, ahova mindig sz\u00edvesen t\u00e9rek vissza egy kis besz\u00e9lget\u00e9sre; ebben Csaba mellett a teljes\u00a0kutat\u00f3csoportnak, valamint a t\u00e9mavezet\u00e9semet seg\u00edt\u0151 Dr. Kiss Rich\u00e1rdnak \u00e9s k\u00e9s\u0151bb Dr. Alp\u00e1r Don\u00e1tnak is hatalmas szerepe volt.<\/p>\n<h6 style=\"text-align: justify\">Mi vonzotta a Semmelweis Egyetemre?<\/h6>\n<p style=\"text-align: justify\">Egy r\u00f6vid k\u00fclf\u00f6ldi vargabet\u0171 ut\u00e1n az \u00e9let \u00fagy hozta, hogy a Semmelweis Egyetem mellett tettem le a voksomat. Az el\u00e9rt eredm\u00e9nyek term\u00e9szetesen ut\u00f3lag igazolt\u00e1k, hogy j\u00f3 d\u00f6nt\u00e9st hoztam ezzel.<\/p>\n<h6 style=\"text-align: justify\">Hogyan eml\u00e9kszik vissza egyetemi \u00e9veire? Mi a legmeghat\u00e1roz\u00f3bb \u00e9lm\u00e9nye?<\/h6>\n<p style=\"text-align: justify\">Azt hiszem, sokan tudj\u00e1k, hogy mennyi lemond\u00e1ssal, \u00e1ldozattal j\u00e1r az a hat \u00e9v, amely v\u00e9g\u00e9n k\u00e9zhez kapjuk a diplom\u00e1nkat. Az egyetem elej\u00e9n, egy-egy lemondott bar\u00e1ti tal\u00e1lkoz\u00f3 ut\u00e1n neh\u00e9z volt szem el\u0151tt tartani, hogy egyszer el\u00e9rkezik majd az a pillanat, amikor a f\u00f3kusz a tanulm\u00e1nyainkr\u00f3l a betegekre terel\u0151dik, ak\u00e1r a betegell\u00e1t\u00e1st, ak\u00e1r a kutat\u00e1st v\u00e1lasztjuk majd hivat\u00e1sul. Az ezzel j\u00e1r\u00f3 bels\u0151 fesz\u00fclts\u00e9get egy\u00e9bk\u00e9nt n\u00e9ha bonyolult szavakba \u00f6nteni, elmagyar\u00e1zni m\u00e1soknak, felold\u00e1s\u00e1ban \u00e9ppen ez\u00e9rt hatalmas szerepe van az egyetemen szerzett bar\u00e1toknak, akikkel a hasonl\u00f3 kih\u00edv\u00e1sok nagyon er\u0151sen \u00f6sszekov\u00e1csolnak. Sz\u00e1momra a legmeghat\u00e1roz\u00f3bb egyetemi \u00e9lm\u00e9ny nem is egy t\u00f6rt\u00e9n\u00e9s, hanem sokkal ink\u00e1bb az \u00e9letre sz\u00f3l\u00f3 bar\u00e1ts\u00e1gok kialakul\u00e1sa az egyetemi \u00e9vek sor\u00e1n. Emellett nagyon fontos \u00e9lm\u00e9nyem, hogy b\u00e1rmilyen kih\u00edv\u00e1s el\u00e9 \u00e1ll\u00edtottak az egyetemi tanulm\u00e1nyaim vagy a kutat\u00e1si projektek, valahonnan mindig \u00e9rkezett seg\u00edts\u00e9g. Sokan kiemelik, hogy az orvosi egyetem nem sprint, hanem maratonfut\u00e1s, de ehhez szerintem fontos azt is hozz\u00e1tenni, hogy ebben nem vagyunk egyed\u00fcl. Ahogy k\u00e9s\u0151bb az orvosi munk\u00e1ban is sz\u00e1m\u00edthatunk a koll\u00e9g\u00e1ink seg\u00edts\u00e9g\u00e9re, \u00fagy az egyetemen is k\u00e9rhet\u00fcnk seg\u00edts\u00e9get, ha neh\u00e9zs\u00e9ggel tal\u00e1ljuk szembe magunkat.<\/p>\n<h6 style=\"text-align: justify\">Hogy v\u00e1lasztott szakter\u00fcletet, mi\u00e9rt ezir\u00e1nt k\u00f6telez\u0151d\u00f6tt el?<\/h6>\n<p style=\"text-align: justify\">Onkohematol\u00f3gi\u00e1val, a v\u00e9rsejtek rosszindulat\u00fa daganatos megbeteged\u00e9seivel foglalkozom. A sejtek \u00f6r\u00f6k\u00edt\u0151anyag\u00e1t, a DNS-t \u00e9s RNS-t molekul\u00e1ris m\u00f3dszerekkel vizsg\u00e1lva olyan genetikai hib\u00e1kat, mut\u00e1ci\u00f3kat keresek, amelyek felel\u0151ss\u00e9 tehet\u0151k az adott k\u00f3rk\u00e9p kialakul\u00e1s\u00e1ban, befoly\u00e1solj\u00e1k a betegs\u00e9g lefoly\u00e1s\u00e1t, \u00e9s esetenk\u00e9nt ter\u00e1pi\u00e1s c\u00e9lpontk\u00e9nt is szolg\u00e1lnak. M\u00e1r v\u00e9gz\u0151s gimnazistak\u00e9nt leny\u0171g\u00f6z\u00f6tt a csontvel\u0151nkben v\u00e9gbemen\u0151 v\u00e9rk\u00e9pz\u00e9s komplexit\u00e1sa \u00e9s a leuk\u00e9mi\u00e1k\/limf\u00f3m\u00e1k \u2013 a sz\u00f3 nemes \u00e9rtelm\u00e9ben vett \u2013 kreat\u00edv kezel\u00e9si strat\u00e9gi\u00e1i, hiszen itt a seb\u00e9szi ter\u00e1pia nem, vagy csak nagyon kis m\u00e9rt\u00e9kben alkalmazhat\u00f3. Tal\u00e1n ez vezetett oda, hogy a daganatos megbeteged\u00e9sek ter\u00e1pi\u00e1j\u00e1ban \u00e1tt\u00f6r\u00e9st jelent\u0151 c\u00e9lzott ter\u00e1pi\u00e1k el\u0151sz\u00f6r az onkohematol\u00f3gi\u00e1ban jelentek meg. El\u0151sz\u00f6r gimnazistak\u00e9nt, az\u00f3ta pedig m\u00e1r sz\u00e1mtalanszor hallottam a 2000-es \u00e9vek elej\u00e9n els\u0151 c\u00e9lzott ter\u00e1piak\u00e9nt j\u00f3v\u00e1hagyott imatinib \u201et\u00fcnd\u00e9rmes\u00e9j\u00e9t\u201d, amely j\u00f3l karbantarthat\u00f3, kr\u00f3nikus betegs\u00e9gg\u00e9 \u201eszel\u00edd\u00edtette\u201d a kor\u00e1bban gy\u00f3gy\u00edthatatlan kr\u00f3nikus myeloid leuk\u00e9mi\u00e1t (CML).<\/p>\n<h6 style=\"text-align: justify\">Mit tekint a szakter\u00fclete jelent\u0151s\u00e9g\u00e9nek, illetve f\u0151bb jelenlegi, j\u00f6v\u0151beli kih\u00edv\u00e1sainak?<\/h6>\n<p style=\"text-align: justify\">A CML kezel\u00e9se sz\u00e1momra egy\u00e9rtelm\u0171en egyike a modern orvosl\u00e1s sikert\u00f6rt\u00e9neteinek, melynek p\u00e9ld\u00e1j\u00e1t k\u00f6vetve a c\u00e9lzott ter\u00e1pi\u00e1k az\u00f3ta m\u00e1r sz\u00e1mtalan daganatt\u00edpus kezel\u00e9s\u00e9ben alkalmazhat\u00f3k sikerrel. Persze vannak olyan onkohematol\u00f3giai k\u00f3rk\u00e9pek, melyekben az \u00e1tt\u00f6r\u00e9s meg v\u00e1rat mag\u00e1ra \u00e9s jelenleg ezt is tartom a feln\u0151tt hematol\u00f3gia legnagyobb kih\u00edv\u00e1s\u00e1nak. \u00dagy l\u00e1tom, hogy a gyermekkori leuk\u00e9mi\u00e1k eset\u00e9ben az igen hat\u00e9kony, de agressz\u00edv kemoter\u00e1pia cs\u00f6kkent\u00e9se \u00e9s esetleges kiv\u00e1lt\u00e1sa, valamint a csontvel\u0151-transzplant\u00e1ci\u00f3hoz kapcsol\u00f3d\u00f3 sz\u00f6v\u0151dm\u00e9nyek tov\u00e1bbi cs\u00f6kkent\u00e9se esik a gyermekhematol\u00f3gusok f\u0151 f\u00f3kusz\u00e1ba, de ebben egy\u00a0gyakorl\u00f3 orvos biztosabb k\u00e9pet adhatna. A j\u00f6v\u0151 nagy kih\u00edv\u00e1s\u00e1nak a szem\u00e9lyre szabott, c\u00e9lzott ter\u00e1pi\u00e1k sz\u00e9lesk\u00f6r\u0171 alkalmaz\u00e1sa mellett az \u00f6r\u00f6kletes genetikai hib\u00e1k korrig\u00e1l\u00e1s\u00e1t tartom. Ez ut\u00f3bbi ma m\u00e1r szerencs\u00e9re nem csak sci-fi, hiszen p\u00e9ld\u00e1ul sarl\u00f3sejtes an\u00e9mi\u00e1ban m\u00e1r vannak jelenleg is fut\u00f3 klinikai vizsg\u00e1latok, amelyek \u00fan. \u201egenome editing\u201d technik\u00e1val pr\u00f3b\u00e1lj\u00e1k kijav\u00edtani az \u00f6sszes sejtben megtal\u00e1lhat\u00f3 \u00f6r\u00f6kletes mut\u00e1ci\u00f3t. K\u00fcl\u00f6n b\u00fcszkes\u00e9g sz\u00e1momra, hogy az egyik ilyen klinikai vizsg\u00e1lat jelenlegi munkahelyemen, a St. Jude Children\u2019s Research Hospital-ban zajlik, kiv\u00e1l\u00f3 koll\u00e9g\u00e1im vezet\u00e9s\u00e9vel.<\/p>\n<h6 style=\"text-align: justify\">Tudom\u00e1nyos di\u00e1kk\u00f6ri tev\u00e9kenys\u00e9g\u00e9\u00e9rt Pro Scientia Arany\u00e9rmet vehetett \u00e1t. Mes\u00e9ljen err\u0151l a kutat\u00e1s\u00e1r\u00f3l!<\/h6>\n<p style=\"text-align: justify\">A Pro Scientia Arany\u00e9rem egyike azoknak a d\u00edjaknak, amikre a legb\u00fcszk\u00e9bb vagyok a Semmelweis Egyetemen elt\u00f6lt\u00f6tt \u00e9vekb\u0151l, hatalmas megtiszteltet\u00e9s, hogy ezzel ismert\u00e9k el a TDK munka sor\u00e1n el\u00e9rt eredm\u00e9nyeimet. M\u00e9g nagyobb \u00f6r\u00f6m, hogy a d\u00edjat labort\u00e1rsammal \u00e9s j\u00f3 bar\u00e1tommal, Dr. B\u00e1tai Benc\u00e9vel egy\u00fctt vehettem \u00e1t. Ha j\u00f3l tudom, azel\u0151tt \u00e9s az\u00f3ta sem volt olyan, hogy egy laborb\u00f3l ketten is ugyanabban az \u00e9vben r\u00e9szes\u00fcltek volna ebben az elismer\u00e9sben \u2013 azt hiszem, ez j\u00f3l p\u00e9ld\u00e1zza a kutat\u00f3csoportban zajl\u00f3 TDK munka \u00e9s t\u00e9mavezet\u00e9s magas min\u0151s\u00e9g\u00e9t. F\u0151 kutat\u00e1si projektem ekkor a kr\u00f3nikus limfocit\u00e1s leuk\u00e9mi\u00e1ban (CLL) alkalmazott c\u00e9lzott ter\u00e1pi\u00e1s szerekkel szemben fell\u00e9p\u0151 rezisztencia h\u00e1tter\u00e9nek vizsg\u00e1lata volt. A CLL egy f\u0151k\u00e9nt id\u0151seket \u00e9rint\u0151 megbeteged\u00e9s, melynek ter\u00e1pi\u00e1j\u00e1ban egyre nagyobb teret nyer k\u00e9t c\u00e9lzott g\u00e1tl\u00f3szer, az ibrutinib \u00e9s a venetoclax alkalmaz\u00e1sa. A kezel\u00e9s sor\u00e1n &#8211; szerencs\u00e9re ritk\u00e1n &#8211; rezisztencia l\u00e9phet fel a gy\u00f3gyszerekkel szemben, amely hat\u00e9konys\u00e1g-cs\u00f6kken\u00e9shez, v\u00e9g\u00fcl pedig ter\u00e1pi\u00e1s kudarchoz vezet. \u00c9n egy olyan, a laborban m\u00e1r kor\u00e1bban megkezdett projektbe kapcsol\u00f3dtam be, majd vettem \u00e1t a vezet\u00e9s\u00e9t, amely az ibrutinib-rezisztencia sor\u00e1n a v\u00e9rben megjelen\u0151 mut\u00e1ci\u00f3k vizsg\u00e1lat\u00e1ra f\u00f3kusz\u00e1lt. A projektet k\u00e9s\u0151bb a venetoclax-rezisztenci\u00e1ra is kiterjesztett\u00fck \u00e9s azt l\u00e1ttuk, hogy mindk\u00e9t szer eset\u00e9ben vannak olyan genetikai elt\u00e9r\u00e9sek, amelyek m\u00e1r h\u00f3napokkal, vagy ak\u00e1r \u00e9vekkel a rezisztencia klinikai t\u00fcneteinek megjelen\u00e9se el\u0151tt kimutathat\u00f3k a v\u00e9r- \u00e9s csontvel\u0151mint\u00e1kb\u00f3l. Ezek a mut\u00e1ci\u00f3k a rezisztencia biomarkereik\u00e9nt alkalmazhat\u00f3k \u00e9s facilit\u00e1lhatj\u00e1k az id\u0151ben t\u00f6rt\u00e9n\u0151 ter\u00e1piav\u00e1lt\u00e1st. Mivel az \u00e1ltalunk kidolgozott vizsg\u00e1lat megb\u00edzhat\u00f3, \u00e9rz\u00e9keny \u00e9s gyors eredm\u00e9nyt ad, nem csup\u00e1n a kutat\u00e1sban, hanem a klinikumban is alkalmazhat\u00f3, s\u0151t, jelenleg m\u00e1r minden hazai CLL-es beteg sz\u00e1m\u00e1ra el\u00e9rhet\u0151 a Semmelweis Egyetemen.<\/p>\n<h6 style=\"text-align: justify\">2021-ben \u00d6n vehette \u00e1t az \u00c9v Medikusa d\u00edjat. Tudom\u00e1nyszervez\u0151k\u00e9nt, a tudom\u00e1nyos k\u00f6z\u00f6ss\u00e9g akt\u00edv tagjak\u00e9nt v\u00e9lem\u00e9nye szerint miben ragadhat\u00f3 meg a TDK kutat\u00e1s jelent\u0151s\u00e9ge? Mi\u00e9rt aj\u00e1nlan\u00e1 a hallgat\u00f3knak, hogy k\u00f6vess\u00e9k a p\u00e9ld\u00e1j\u00e1t \u00e9s folytassanak tudom\u00e1nyos kutat\u00e1sokat?<\/h6>\n<p style=\"text-align: justify\">Az \u00c9v Medikusa c\u00edmet a k\u00f6z\u00f6ss\u00e9g\u00e9rt tett er\u0151fesz\u00edt\u00e9sek\u00e9rt \u00edt\u00e9lik oda minden \u00e9vben. A COVID-19 pand\u00e9mia idej\u00e9n sok bar\u00e1tom, t\u00e1volabbi ismer\u0151s\u00f6m teljes\u00edtett er\u0151n fel\u00fcl nap mint nap, hogy az orvosi tanulm\u00e1nyaik mellett \u00f6nk\u00e9ntes munk\u00e1val seg\u00edts\u00e9k a v\u00edrus elleni v\u00e9dekez\u00e9st \u00e9s betegell\u00e1t\u00e1st. Nagyon meghat\u00f3nak \u00e9s megtisztel\u0151nek tartom, hogy vel\u00fck \u201eversenyezve\u201d v\u00e9g\u00fcl \u00e9n vehettem \u00e1t ezt a d\u00edjat, ahogyan azt is, hogy a Pro Scientia \u00e9s az \u00c9v Medikusa d\u00edj t\u00f6rt\u00e9nete sor\u00e1n els\u0151k\u00e9nt r\u00e9szes\u00fclhettem mindk\u00e9t elismer\u00e9sben. Szerencs\u00e9snek tartom magam, hogy a TDK vil\u00e1ga ilyen kor\u00e1n mag\u00e1val ragadott \u00e9s sz\u00ednt vitt az egyetemi \u00e9veimbe. Azt gondolom, hogy az egyetemistak\u00e9nt megkezdett tudom\u00e1nyos munka prec\u00edzebb\u00e9 \u00e9s t\u00fcrelmesebb\u00e9 tett, de mindemellett term\u00e9szetesen rengeteg \u00faj ismerets\u00e9get, bar\u00e1ts\u00e1got is adott, amelyek az\u00f3ta is form\u00e1lj\u00e1k a karrieremet \u00e9s \u00e1tseg\u00edtenek a nehezebb, kev\u00e9sb\u00e9 sikeres id\u0151szakokon. \u00c9ppen ez\u00e9rt\u00a0sz\u00edvb\u0151l aj\u00e1nlom mindenkinek, hogy pr\u00f3b\u00e1lja ki mag\u00e1t a tudom\u00e1nyos kutat\u00e1sban. Van azonban egy fontos tan\u00e1cs a TDK hely megv\u00e1laszt\u00e1sa sor\u00e1n, amit sokszor hallottam az \u00e9vek alatt, \u00e9s noha nekem nem kellett alkalmaznom, rem\u00e9lem, hogy m\u00e1soknak hasznos lehet: a t\u00e9mavezet\u0151 szem\u00e9lye, mentor\u00e1l\u00e1sa kezdetben sokszor fontosabb, mint a v\u00e1lasztott t\u00e9ma, hiszen ut\u00f3bbi k\u00e9s\u0151bb k\u00f6nnyen alak\u00edthat\u00f3. Emellett azt is gondolom, hogy nem \u00e9rdemes sok\u00e1ig v\u00e1rni a kutat\u00e1s megkezd\u00e9s\u00e9vel. Ha valaki m\u00e1r az egyetem kezdet\u00e9n \u00e9rdekl\u0151dik egy preklinikai vagy ak\u00e1r klinikai t\u00e1rgy ir\u00e1nt, egy kis extra id\u0151befektet\u00e9ssel, ut\u00e1naj\u00e1r\u00e1ssal \u00e9s lelkesed\u00e9ssel k\u00f6nnyen p\u00f3tolhat\u00f3 a lexik\u00e1lis tud\u00e1s \u00e1tmeneti hi\u00e1nya.<\/p>\n<h6 style=\"text-align: justify\">Mit \u00e9rdemes tudni kor\u00e1bbi \u00f6szt\u00f6nd\u00edjas tev\u00e9kenys\u00e9g\u00e9r\u0151l, munk\u00e1ss\u00e1g\u00e1r\u00f3l?<\/h6>\n<p style=\"text-align: justify\">A kor\u00e1bban eml\u00edtett, CLL-hez kapcsol\u00f3d\u00f3 kutat\u00e1saim mellett az egyetem els\u0151 \u00e9veiben famili\u00e1ris myeloid k\u00f3rk\u00e9pekkel foglalkoztam. Az akut myeloid leuk\u00e9mia (AML) \u00e9s myelodysplasi\u00e1s szindr\u00f3ma (MDS) gyakran agressz\u00edv lefoly\u00e1ssal t\u00e1rsul, \u00f6r\u00f6kletes form\u00e1ik pedig a legt\u00f6bb esetben m\u00e1r gyermekkorban jelentkeznek. Ezen k\u00f3rk\u00e9pek genetikai h\u00e1tter\u00e9nek vizsg\u00e1lata sokszor kih\u00edv\u00e1st jelent, hiszen AML\/MDS-ben nagy sz\u00e1m\u00fa g\u00e9n \u00e9rintetts\u00e9ge ismert. B\u00e1r a famili\u00e1ris AML\/MDS vizsg\u00e1lata a PhD k\u00e9pz\u00e9sem sor\u00e1n egy id\u0151re h\u00e1tt\u00e9rbe szorult, posztdoktor kutat\u00f3k\u00e9nt visszat\u00e9rtem ehhez az elk\u00e9peszt\u0151en izgalmas t\u00e9m\u00e1hoz \u00e9s jelenleg m\u00e1r ez adja a tudom\u00e1nyos munk\u00e1m gerinc\u00e9t. A r\u00e9gi-\u00faj kutat\u00f3i profil ellen\u00e9re a CLL-ben folytatott kutat\u00e1saim sem szakadtak meg teljesen, hiszen jelenleg egy, az Eur\u00f3pai Hematol\u00f3gus T\u00e1rsas\u00e1g (EHA) Research Mobility Grant-j\u00e9vel kit\u00fcntetett projekten is dolgozom, amelyben az ibrutinib- \u00e9s venetoclax-rezisztenci\u00e1ban megfigyelhet\u0151 mut\u00e1ci\u00f3k t\u00e9rbeli \u00e9s id\u0151beli v\u00e1ltoz\u00e1sait vizsg\u00e1ljuk az egyes sejtek szintj\u00e9n. Az EHA p\u00e1ly\u00e1zat\u00e1n t\u00e1mogat\u00e1st elnyert kutat\u00e1si terv a Semmelweis Egyetem \u00e9s a St. Jude Children\u2019s Research Hospital k\u00f6z\u00f6tti kollabor\u00e1ci\u00f3 sz\u00e9p p\u00e9ld\u00e1ja: a r\u00e9gi\u00f3ban limit\u00e1lt el\u00e9rhet\u0151s\u00e9g\u0171 \u00fan. \u201esingle-cell szekven\u00e1l\u00e1shoz\u201d a laborat\u00f3riumi h\u00e1tteret a St. Jude, m\u00edg az egyed\u00fcl\u00e1ll\u00f3 betegmint\u00e1kat a Semmelweis Egyetem, kor\u00e1bbi kutat\u00f3csoportom biztos\u00edtja.<\/p>\n<h6 style=\"text-align: justify\">A Semmelweis Egyetemen t\u00f6lt\u00f6tt \u00e9vek hogyan hatottak k\u00e9s\u0151bbi karrierj\u00e9re?<\/h6>\n<p style=\"text-align: justify\">H\u00e1l\u00e1val tartozom a Semmelweis Egyetemnek, hiszen mindent orvosi \u00e9s kutat\u00f3i tud\u00e1som innen sz\u00e1rmazik. Minden kih\u00edv\u00e1s, neh\u00e9zs\u00e9g ellen\u00e9re stabil alapokat kaptam, melyekre b\u00e1tran \u00e9p\u00edtkezhetek majd a j\u00f6v\u0151ben. A TDK munka, majd az MD-PhD k\u00e9pz\u00e9s olyan hazai \u00e9s nemzetk\u00f6zi szakemberekkel k\u00f6t\u00f6tt \u00f6ssze, akik k\u00f6z\u00fcl t\u00f6bben ma is figyelemmel k\u00eds\u00e9rik a p\u00e1lyafut\u00e1somat \u00e9s akik seg\u00edts\u00e9g\u00e9re b\u00e1rmikor sz\u00e1m\u00edthatok. S\u0151t, jelenlegi t\u00e9mavezet\u0151met is egy ilyen nemzetk\u00f6zi kutat\u00f3i egy\u00fcttm\u0171k\u00f6d\u00e9s keretein bel\u00fcl ismertem meg m\u00e9g negyed\u00e9ves orvostanhallgat\u00f3k\u00e9nt.<\/p>\n<h6 style=\"text-align: justify\">Milyen tapasztalatokkal gazdagodott a St. Jude Children\u2019s Research Hospital-ban?<\/h6>\n<p style=\"text-align: justify\">Az egyetem, majd a PhD k\u00e9pz\u00e9s v\u00e9gezt\u00e9vel sok k\u00e9rd\u00e9s fogalmaz\u00f3dott meg bennem a szakk\u00e9pz\u00e9ssel kapcsolatban, amelyek k\u00f6z\u00fcl t\u00f6bb m\u00e9g most is megv\u00e1laszolatlan. Ez\u00e9rt &#8211; b\u00e1r hossz\u00fat\u00e1von mindenk\u00e9ppen a betegell\u00e1t\u00e1sban k\u00e9pzelem el a j\u00f6v\u0151met &#8211; amikor Dr. Marcin Wlodarski, a St. Jude Bone Marrow Failure\/MDS (BMF\/MDS) oszt\u00e1ly\u00e1nak vezet\u0151je megkeresett, nem sokat hezit\u00e1ltam \u00e9s v\u00e9g\u00fcl tavaly okt\u00f3berben posztdoktor kutat\u00f3k\u00e9nt csatlakoztam az \u00e1ltala vezetett kutat\u00f3csoporthoz. Marcinnal negyed\u00e9ves orvostanhallgat\u00f3k\u00e9nt tal\u00e1lkoztam el\u0151sz\u00f6r, amikor egy Ath\u00e9nban megrendezett konferenci\u00e1n bemutathattam a famili\u00e1ris AML\/MDS egyik alcsoportj\u00e1ban el\u00e9rt eredm\u00e9nyeinket. A St. Jude gyermekk\u00f3rh\u00e1z a tennessee-i Memphisben tal\u00e1lhat\u00f3 \u00e9s orsz\u00e1gos, valamint nemzetk\u00f6zi centrumk\u00e9nt\u00a0gyermekonkol\u00f3giai eseteket l\u00e1t el, BMF\/MDS kutat\u00f3csoportja pedig \u00e9vek \u00f3ta a ter\u00fclet \u00e9lvonal\u00e1ba tartozik. Az elm\u00falt k\u00f6zel t\u00edz h\u00f3napban hihetetlen\u00fcl sokat tanultam, \u00e9s a kezdeti, \u00faj orsz\u00e1g \u00e9s lakhely jelentette kih\u00edv\u00e1sok ellen\u00e9re ma m\u00e1r nagyon boldog vagyok, hogy egy ilyen nagy nev\u0171 \u00e9s elismert int\u00e9zet kutat\u00f3ja lehetek.<\/p>\n<h6 style=\"text-align: justify\">Hogy telik egy napja posztdoktor kutat\u00f3k\u00e9nt az int\u00e9zm\u00e9nyben?<\/h6>\n<p style=\"text-align: justify\">Kutat\u00f3k\u00e9nt nincs fix munkarendem, a napjaim a k\u00eds\u00e9rletek \u201ewet lab\u201d r\u00e9sze \u00e9s az adat\u00e9rt\u00e9kel\u00e9s, publik\u00e1ci\u00f3k \u00e9s p\u00e1ly\u00e1zatok k\u00f6z\u00f6tt oszlanak meg. A laborban egy posztdoktor kutat\u00f3 jellemz\u0151en egy nagyobb \u00e9s sz\u00e1mos kisebb projekten dolgozik, de gyakoriak a kutat\u00f3csoportokon \u00e1t\u00edvel\u0151 bels\u0151s \u00e9s k\u00fcls\u0151 kollabor\u00e1ci\u00f3k is, \u00edgy \u00e9n is t\u00f6bb kisebb egy\u00fcttm\u0171k\u00f6d\u00e9st koordin\u00e1lok. Mindemellett orvosk\u00e9nt igyekszem r\u00e9szt venni a klinikai megbesz\u00e9l\u00e9seken, ahol gyakran rendk\u00edv\u00fcl \u00e9rdekes \u00e9s ritka megbeteged\u00e9sekkel, n\u00e9ha eg\u00e9szen meglep\u0151i prezent\u00e1ci\u00f3kkal \u00e9s k\u00f3rlefoly\u00e1ssokal tal\u00e1lkozom. Ezid\u00e1ig hazai \u00e9s eur\u00f3pai szakemberekt\u0151l hallhattam \u00e9s l\u00e1thattam a gyermekkori akut leuk\u00e9mi\u00e1k kezel\u00e9s\u00e9re vonatkoz\u00f3 aj\u00e1nl\u00e1sokat, azonban itt teljesen m\u00e1s protokollok alapj\u00e1n, kiss\u00e9 elt\u00e9r\u0151 szeml\u00e9lettel gy\u00f3gy\u00edtanak, ez\u00e9rt \u00fagy \u00e9rzem, a betegell\u00e1t\u00e1s ter\u00e9n is sokat tanultam az elm\u00falt t\u00edz h\u00f3napban.<\/p>\n<h6 style=\"text-align: justify\">Mit tart a legnagyobb siker\u00e9nek eddigi p\u00e1lyafut\u00e1sa alatt?<\/h6>\n<p style=\"text-align: justify\">Term\u00e9szetesen valamennyi elnyert d\u00edjra, p\u00e1ly\u00e1zatra \u00e9s megjelent publik\u00e1ci\u00f3ra nagyon b\u00fcszke vagyok, nem is tudn\u00e9k egyet kiemelni. Ma m\u00e1r nagy sikerk\u00e9nt gondolok az orvosi diploma \u00e9s a tudom\u00e1nyos fokozat megszerz\u00e9s\u00e9re is. Mindezek mellett azonban j\u00f3l eml\u00e9kszem azokra a vizsga el\u0151tti \u00e9jszak\u00e1kra is, amikor \u00fagy \u00e9reztem, hogy biztosan meg fogok bukni; a m\u00e1snapi sikeres vizsga sz\u00e1momra akkor a vil\u00e1g legnagyobb eredm\u00e9nyek\u00e9nt hatott. Emiatt valamennyi, a Semmelweis Egyetemen elt\u00f6lt\u00f6tt \u00e9vre nagy sikerk\u00e9nt gondolok vissza \u00e9s hatalmas k\u00f6sz\u00f6nettel tartozom azoknak, akik t\u00e1mogattak \u00e9s egyengett\u00e9k az utamat ebben a h\u00e9t \u00e9vben.<\/p>\n<h6 style=\"text-align: justify\">Milyen tan\u00e1csot adna a m\u00e9g diplomaszerz\u00e9s el\u0151tt \u00e1ll\u00f3 orvostanhallgat\u00f3inknak?<\/h6>\n<p style=\"text-align: justify\">Abban eg\u00e9szen biztos vagyok, hogy m\u00e9g kem\u00e9nyebb tanul\u00e1sra senkit sem szeretn\u00e9k buzd\u00edtani; azt hiszem, valamennyi orvostanhallgat\u00f3 tiszt\u00e1ban van azzal, hogy egy-egy eredm\u00e9nyes felk\u00e9sz\u00fcl\u00e9s a k\u00e9s\u0151bbi orvosl\u00e1s sikeress\u00e9g\u00e9t alapozza meg, jelent\u0151sen t\u00falmutatva a vizsg\u00e1kon. Kev\u00e9s helyen tal\u00e1lkoztam ezzel, pedig szerintem fontos tudatos\u00edtani, hogy a vizsgajegyek p\u00e1r \u00e9v alatt sokat vesztenek jelent\u0151s\u00e9g\u00fckb\u0151l, ez\u00e9rt egy-egy rosszabbul siker\u00fclt kollokvium vagy szigorlat ut\u00e1n is fontos meg\u0151rizni azt a kitart\u00e1st \u00e9s elk\u00f6telezetts\u00e9get, amelyek a medikusok elengedhetetlen ismertet\u0151jegyei. Fontosnak tartom az egyetemi \u00e9s azon k\u00edv\u00fcli bar\u00e1ts\u00e1gok folyamatos \u00e1pol\u00e1s\u00e1t, hiszen ezekb\u0151l a kapcsolatokb\u00f3l m\u00e9g a lehetetlennek t\u0171n\u0151 helyzetekben is meglep\u0151en sok energi\u00e1t mer\u00edthet\u00fcnk. Ehhez kapcsol\u00f3dva szeretn\u00e9m hangs\u00falyozni a ment\u00e1lis eg\u00e9szs\u00e9g meg\u0151rz\u00e9s\u00e9nek fontoss\u00e1g\u00e1t is &#8211; sajnos ez egy olyan t\u00e9ma, amir\u0151l az orvostanhallgat\u00f3k k\u00f6r\u00e9ben m\u00e9g mindig t\u00fal kev\u00e9s sz\u00f3 esik. Ak\u00e1r a bar\u00e1tokkal, ak\u00e1r a TDK vagy az egyetemi \u00f6nk\u00e9ntes k\u00f6z\u00f6ss\u00e9gszervez\u00e9s keretein bel\u00fcl elt\u00f6lt\u00f6tt szabadid\u0151t szint\u00e9n nagyon fontosnak tartom. V\u00e9gezet\u00fcl szeretn\u00e9m kihangs\u00falyozni, hogy az orvosl\u00e1s egyike a legszebb seg\u00edt\u0151 hivat\u00e1soknak, azonban sokszor neh\u00e9z egyed\u00fcl megk\u00fczdeni az el\u00e9nk g\u00f6rd\u00fcl\u0151 akad\u00e1lyokkal. Mindenkit arra biztatn\u00e9k, hogy b\u00e1tran k\u00e9rjen seg\u00edts\u00e9get, ha elakad valamiben, mert az orvoss\u00e1 v\u00e1l\u00e1s \u00e9s az ehhez sz\u00fcks\u00e9ges tanul\u00e1s, ak\u00e1rcsak a betegell\u00e1t\u00e1s, sokkal k\u00f6nnyebb, ha egy\u00fctt, csapatban csin\u00e1ljuk.<\/p>\n\r\n        [slb_exclude]\r\n        <div class=\"row galeria-wrapper mx-0 h-auto\">\r\n            <div class=\"col-9 pl-0 pr-2\">\r\n            <span class=\"gallery-item frame\">\r\n\t\t\t\t<div class=\"galeria-left-img\"><a href=\"https:\/\/semmelweis.hu\/alumni\/files\/2024\/08\/Kotmayer-Lili-scaled.jpg\"><img src=https:\/\/semmelweis.hu\/alumni\/files\/2024\/08\/Kotmayer-Lili-scaled.jpg  \r\n                            alt=\"Portrait of Lili Kotmayer. \n\n- Camera Settings: ILCE-9M2, 70mm, ISO 200, 1\/160, f\/9, Thu, 10-05-2023 at 08:18. v.08.15.23\" \r\n                            class=\"attachment-sote-gallery-big size-sote-gallery-big\" \r\n                            srcset=\"https:\/\/semmelweis.hu\/alumni\/files\/2024\/08\/Kotmayer-Lili-400x272.jpg 400w, https:\/\/semmelweis.hu\/alumni\/files\/2024\/08\/Kotmayer-Lili-1024x696.jpg 1024w, https:\/\/semmelweis.hu\/alumni\/files\/2024\/08\/Kotmayer-Lili-768x522.jpg 768w, https:\/\/semmelweis.hu\/alumni\/files\/2024\/08\/Kotmayer-Lili-1536x1044.jpg 1536w, https:\/\/semmelweis.hu\/alumni\/files\/2024\/08\/Kotmayer-Lili-2048x1392.jpg 2048w, https:\/\/semmelweis.hu\/alumni\/files\/2024\/08\/Kotmayer-Lili-175x120.jpg 175w, https:\/\/semmelweis.hu\/alumni\/files\/2024\/08\/Kotmayer-Lili-753x512.jpg 753w\" ><\/a><\/div>\r\n            <\/span>\r\n\r\n            <\/div>\r\n\r\n\t\t\t<div class=\"col-3 pl-0 pr-0\">\r\n\t\t\t\t<div class=\"galeria-right-img d-flex justify-content-between flex-column h-100 w-100 px-0 mx-0 \">\r\n                <div class=\"galeria-box\">\r\n\t\t\t\t\t<h3 class=\"galeria-title\">Gal\u00e9ria<\/h3>\r\n\t\t\t\t\t<div class=\"galeria-subtitle\">\r\n\r\n\t\t\t\t\t\t<div class=\"galeria-page-counter\"><span>4<\/span>k\u00e9p<\/div>\r\n                    <\/div> <\/div>\r\n                    <span class=\"gallery-item frame d-none d-md-flex\">\r\n\t\t\t\t\t<div class=\"galeria-small-img mt-0\"><a href=\"https:\/\/semmelweis.hu\/alumni\/files\/2024\/08\/TMAVEZ1.jpe\"><img src=https:\/\/semmelweis.hu\/alumni\/files\/2024\/08\/TMAVEZ1.jpe \r\n                                alt=\"T\u00e9mavezet\u0151mmel, Prof. Dr. B\u00f6d\u00f6r Csab\u00e1val a nemzetk\u00f6zi iwCLL munkacsoport bostoni konferenci\u00e1j\u00e1n 2023-ban\"  \r\n                                class=\"attachment-sote-gallery-small size-sote-gallery-small\" \r\n                                srcset=\"https:\/\/semmelweis.hu\/alumni\/files\/2024\/08\/TMAVEZ1-400x300.jpe 400w, https:\/\/semmelweis.hu\/alumni\/files\/2024\/08\/TMAVEZ1-768x577.jpe 768w, https:\/\/semmelweis.hu\/alumni\/files\/2024\/08\/TMAVEZ1-753x565.jpe 753w, https:\/\/semmelweis.hu\/alumni\/files\/2024\/08\/TMAVEZ1.jpe 1024w\" ><\/a><\/div>\r\n                    <\/span>\r\n                    <span class=\"gallery-item frame d-none d-md-flex\">\r\n\t\t\t\t\t<div class=\"galeria-small-img mt-0\"><a href=\"https:\/\/semmelweis.hu\/alumni\/files\/2024\/08\/A-Pro-Scientia-Aranyerem-dijatadojan-a-Magyar-Tudomanyos-Akademia-Disztermeben.jpeg\"><img src=https:\/\/semmelweis.hu\/alumni\/files\/2024\/08\/A-Pro-Scientia-Aranyerem-dijatadojan-a-Magyar-Tudomanyos-Akademia-Disztermeben.jpeg \r\n                                alt=\"A Pro Scientia Arany\u00e9rem d\u00edj\u00e1tad\u00f3j\u00e1n, a Magyar Tudom\u00e1nyos Akad\u00e9mia D\u00edszterm\u00e9ben\" \r\n                                class=\"attachment-sote-gallery-small size-sote-gallery-small\" \r\n                                srcset=\"https:\/\/semmelweis.hu\/alumni\/files\/2024\/08\/A-Pro-Scientia-Aranyerem-dijatadojan-a-Magyar-Tudomanyos-Akademia-Disztermeben-400x267.jpeg 400w, https:\/\/semmelweis.hu\/alumni\/files\/2024\/08\/A-Pro-Scientia-Aranyerem-dijatadojan-a-Magyar-Tudomanyos-Akademia-Disztermeben-1024x683.jpeg 1024w, https:\/\/semmelweis.hu\/alumni\/files\/2024\/08\/A-Pro-Scientia-Aranyerem-dijatadojan-a-Magyar-Tudomanyos-Akademia-Disztermeben-768x512.jpeg 768w, https:\/\/semmelweis.hu\/alumni\/files\/2024\/08\/A-Pro-Scientia-Aranyerem-dijatadojan-a-Magyar-Tudomanyos-Akademia-Disztermeben-753x502.jpeg 753w, https:\/\/semmelweis.hu\/alumni\/files\/2024\/08\/A-Pro-Scientia-Aranyerem-dijatadojan-a-Magyar-Tudomanyos-Akademia-Disztermeben-203x135.jpeg 203w, https:\/\/semmelweis.hu\/alumni\/files\/2024\/08\/A-Pro-Scientia-Aranyerem-dijatadojan-a-Magyar-Tudomanyos-Akademia-Disztermeben.jpeg 1086w\" ><\/a><\/div>\r\n                    <\/span>\r\n\r\n                <\/div>\r\n\r\n            <\/div>\r\n\r\n            <span class=\"gallery-item\"><div class=\"hidden\"><a href=\"https:\/\/semmelweis.hu\/alumni\/files\/2024\/08\/A-SE-Lendulet-Molekularis-Onkohematologia-Kutatocsoportjaban-harmadeveskent.jpeg\">\r\n        <img src=https:\/\/semmelweis.hu\/alumni\/files\/2024\/08\/A-SE-Lendulet-Molekularis-Onkohematologia-Kutatocsoportjaban-harmadeveskent.jpeg alt=\"A SE-Lend\u00fclet Molekul\u00e1ris Onkohematol\u00f3gia Kutat\u00f3csoportj\u00e1ban harmad\u00e9vesk\u00e9nt\" class=\"attachment-sote-gallery-big size-sote-gallery-big\" srcset=\"https:\/\/semmelweis.hu\/alumni\/files\/2024\/08\/A-SE-Lendulet-Molekularis-Onkohematologia-Kutatocsoportjaban-harmadeveskent-300x400.jpeg 300w, https:\/\/semmelweis.hu\/alumni\/files\/2024\/08\/A-SE-Lendulet-Molekularis-Onkohematologia-Kutatocsoportjaban-harmadeveskent-753x1004.jpeg 753w, https:\/\/semmelweis.hu\/alumni\/files\/2024\/08\/A-SE-Lendulet-Molekularis-Onkohematologia-Kutatocsoportjaban-harmadeveskent.jpeg 768w\" >\r\n        <\/a><\/div><\/span>\r\n            <\/div>\r\n\r\n            [\/slb_exclude]\r\n\t\n<p style=\"text-align: justify\"><em>Sz\u00f6veg: dr. Fecser Zsuzsanna, Alumni Igazgat\u00f3s\u00e1g<\/em><br \/>\n<em>Fot\u00f3: Kotmayer Lili, MD, PhD<\/em><\/p>\n","protected":false},"excerpt":{"rendered":"<p>Alumni-interj\u00fasorozatunk leg\u00fajabb r\u00e9sz\u00e9ben Kotmayer Lili, a St. Jude Children\u2019s Research Hospital posztdoktor kutat\u00f3ja, a Semmelweis Egyetem egykori, Pro Scientia Arany\u00e9rmes \u00e9s t\u00f6bb \u00f6szt\u00f6nd\u00edjat is elnyert hallgat\u00f3ja, a 2021-es \u00c9v Medikusa sz\u00e1molt be egyetemi eml\u00e9keir\u0151l, hivat\u00e1s\u00e1r\u00f3l, kutat\u00e1sair\u00f3l, karrierje alakul\u00e1s\u00e1r\u00f3l. Mi\u00e9rt az orvosi hivat\u00e1st v\u00e1lasztotta? Azon kevesek k\u00f6z\u00e9 tartozom, akik csak a gimn\u00e1zium utols\u00f3 \u00e9v\u00e9ben d\u00f6nt\u00f6tt\u00e9k el, &hellip;<\/p>\n","protected":false},"author":101947,"featured_media":17545,"comment_status":"closed","ping_status":"closed","sticky":false,"template":"","format":"standard","meta":{"_acf_changed":false,"footnotes":""},"categories":[1],"tags":[133,115,279],"class_list":["post-17541","post","type-post","status-publish","format-standard","has-post-thumbnail","hentry","category-hirek","tag-alumni-hu","tag-alumni-portrek","tag-interju"],"acf":[],"publishpress_future_action":{"enabled":false,"date":"1970-01-01 01:00:00","action":"","terms":[],"taxonomy":"","browser_timezone_offset":0},"_links":{"self":[{"href":"https:\/\/semmelweis.hu\/alumni\/wp-json\/wp\/v2\/posts\/17541","targetHints":{"allow":["GET"]}}],"collection":[{"href":"https:\/\/semmelweis.hu\/alumni\/wp-json\/wp\/v2\/posts"}],"about":[{"href":"https:\/\/semmelweis.hu\/alumni\/wp-json\/wp\/v2\/types\/post"}],"author":[{"embeddable":true,"href":"https:\/\/semmelweis.hu\/alumni\/wp-json\/wp\/v2\/users\/101947"}],"replies":[{"embeddable":true,"href":"https:\/\/semmelweis.hu\/alumni\/wp-json\/wp\/v2\/comments?post=17541"}],"version-history":[{"count":2,"href":"https:\/\/semmelweis.hu\/alumni\/wp-json\/wp\/v2\/posts\/17541\/revisions"}],"predecessor-version":[{"id":18731,"href":"https:\/\/semmelweis.hu\/alumni\/wp-json\/wp\/v2\/posts\/17541\/revisions\/18731"}],"wp:featuredmedia":[{"embeddable":true,"href":"https:\/\/semmelweis.hu\/alumni\/wp-json\/wp\/v2\/media\/17545"}],"wp:attachment":[{"href":"https:\/\/semmelweis.hu\/alumni\/wp-json\/wp\/v2\/media?parent=17541"}],"wp:term":[{"taxonomy":"category","embeddable":true,"href":"https:\/\/semmelweis.hu\/alumni\/wp-json\/wp\/v2\/categories?post=17541"},{"taxonomy":"post_tag","embeddable":true,"href":"https:\/\/semmelweis.hu\/alumni\/wp-json\/wp\/v2\/tags?post=17541"}],"curies":[{"name":"wp","href":"https:\/\/api.w.org\/{rel}","templated":true}]}}