{"id":16555,"date":"2023-11-17T08:18:21","date_gmt":"2023-11-17T07:18:21","guid":{"rendered":"https:\/\/semmelweis.hu\/alumni\/?p=16555"},"modified":"2024-06-17T08:19:42","modified_gmt":"2024-06-17T06:19:42","slug":"a-mesterseges-intelligenciarol-szolt-az-elso-alumni-szalon-2","status":"publish","type":"post","link":"https:\/\/semmelweis.hu\/alumni\/2023\/11\/17\/a-mesterseges-intelligenciarol-szolt-az-elso-alumni-szalon-2\/","title":{"rendered":"A MESTERS\u00c9GES INTELLIGENCI\u00c1R\u00d3L SZ\u00d3LT AZ ELS\u0150 ALUMNI SZALON"},"content":{"rendered":"<div class=\"lead\"><strong>Az Alumni Igazgat\u00f3s\u00e1g most indul\u00f3 esem\u00e9nysorozat\u00e1nak els\u0151 vend\u00e9ge dr. Mesk\u00f3 Bertalan, a The Medical Futurist Institute vezet\u0151je volt, aki a mesters\u00e9ges intelligenci\u00e1r\u00f3l tartott el\u0151ad\u00e1st.<\/strong><\/div>\n<p style=\"text-align: justify\">November 13-\u00e1n ker\u00fclt sor az Alumni Igazgat\u00f3s\u00e1g rendez\u00e9s\u00e9ben az Alumni Szalon els\u0151 alkalm\u00e1ra. A most indul\u00f3 esem\u00e9nysorozat c\u00e9lja, hogy \u00f6sszekapcsolja az int\u00e9zm\u00e9nyben v\u00e9gzetteket, lehet\u0151s\u00e9get teremtve a szakmai kapcsolatok \u00e9p\u00edt\u00e9s\u00e9re \u00e9s aktu\u00e1lis t\u00e9m\u00e1kr\u00f3l sz\u00f3l\u00f3 inspir\u00e1l\u00f3 besz\u00e9lget\u00e9sekre.<br \/>\nAz esem\u00e9ny vend\u00e9ge dr. Mesk\u00f3 Bertalan, a The Medical Futurist Institute vezet\u0151je volt, aki el\u0151ad\u00e1s\u00e1ban a mesters\u00e9ges intelligencia (MI) szerep\u00e9r\u0151l besz\u00e9lt az eg\u00e9szs\u00e9g\u00fcgy ter\u00fclet\u00e9n.<\/p>\n<div class=\"row galeria-wrapper mx-0 h-auto\">\n<div class=\"col-9 pl-0 pr-2\">\n<div class=\"galeria-left-img\"><a href=\"https:\/\/semmelweis.hu\/hirek\/files\/2023\/11\/RS183939_433A0967-scr.jpg\"><img decoding=\"async\" class=\"attachment-sote-gallery-big size-sote-gallery-big\" src=\"https:\/\/semmelweis.hu\/hirek\/files\/2023\/11\/RS183939_433A0967-scr.jpg\" alt=\"\" \/><\/a><\/div>\n<\/div>\n<div class=\"col-3 pl-0 pr-0\">\n<div class=\"galeria-right-img d-flex justify-content-between flex-column h-100 w-100 px-0 mx-0 \">\n<div class=\"galeria-box\">\n<h3 class=\"galeria-title\">Gal\u00e9ria<\/h3>\n<div class=\"galeria-subtitle\">\n<div class=\"galeria-page-counter\">12K\u00c9P<\/div>\n<\/div>\n<\/div>\n<div class=\"galeria-small-img mt-0\"><a href=\"https:\/\/semmelweis.hu\/hirek\/files\/2023\/11\/RS183952_433A0915-scr.jpg\"><img decoding=\"async\" class=\"attachment-sote-gallery-small size-sote-gallery-small\" src=\"https:\/\/semmelweis.hu\/hirek\/files\/2023\/11\/RS183952_433A0915-scr.jpg\" alt=\"\" \/><\/a><\/div>\n<div class=\"galeria-small-img mt-0\"><a href=\"https:\/\/semmelweis.hu\/hirek\/files\/2023\/11\/RS183937_433A0972-scr.jpg\"><img decoding=\"async\" class=\"attachment-sote-gallery-small size-sote-gallery-small\" src=\"https:\/\/semmelweis.hu\/hirek\/files\/2023\/11\/RS183937_433A0972-scr.jpg\" alt=\"\" \/><\/a><\/div>\n<\/div>\n<\/div>\n<\/div>\n<p style=\"text-align: justify\">A Semmelweis Szalonban t\u00f6bb mint sz\u00e1z \u00e9rdekl\u0151d\u0151 gy\u0171lt \u00f6ssze. Az Alumni Igazgat\u00f3s\u00e1g azonban nem csak a helysz\u00ednen v\u00e1rta az esem\u00e9nnyel kapcsolatos \u00e9szrev\u00e9teleket \u00e9s javaslatokat, de tov\u00e1bbra is \u00f6r\u00f6mmel fogadnak minden v\u00e9lem\u00e9nyt a sorozat fejleszt\u00e9s\u00e9vel kapcsolatban az\u00a0<a href=\"mailto:alumni@semmelweis.hu\">alumni@semmelweis.hu<\/a>\u00a0e-mail c\u00edmen.<\/p>\n<p style=\"text-align: justify\">Az Alumni Szalon soron k\u00f6vetkez\u0151 alkalm\u00e1ra december 13-\u00e1n ker\u00fcl sor, a t\u00e9ma ekkor a\u00a0<a href=\"https:\/\/semmelweis.hu\/hirek\/events\/mentalis-egeszseg-kieges-stresszkezeles-eloadas\/\">Ment\u00e1lis eg\u00e9szs\u00e9g, ki\u00e9g\u00e9s, stresszkezel\u00e9s lesz<\/a>, amelyre minden \u00e9rdekl\u0151d\u0151t v\u00e1rnak.<br \/>\nR\u00e9szletek \u00e9s regisztr\u00e1ci\u00f3 el\u00e9rhet\u0151 az al\u00e1bbi linken:<\/p>\n<p><a href=\"https:\/\/semmelweis.hu\/alumni\/rendezvenyek\/alumni-szalon\/\">https:\/\/semmelweis.hu\/alumni\/rendezvenyek\/alumni-szalon\/<\/a><\/p>\n<p>Alumni Igazgat\u00f3s\u00e1g<\/p>\n<section><\/section>\n<section class=\"tags-section\"><\/section>\n","protected":false},"excerpt":{"rendered":"<p>Az Alumni Igazgat\u00f3s\u00e1g most indul\u00f3 esem\u00e9nysorozat\u00e1nak els\u0151 vend\u00e9ge dr. Mesk\u00f3 Bertalan, a The Medical Futurist Institute vezet\u0151je volt, aki a mesters\u00e9ges intelligenci\u00e1r\u00f3l tartott el\u0151ad\u00e1st. November 13-\u00e1n ker\u00fclt sor az Alumni Igazgat\u00f3s\u00e1g rendez\u00e9s\u00e9ben az Alumni Szalon els\u0151 alkalm\u00e1ra. A most indul\u00f3 esem\u00e9nysorozat c\u00e9lja, hogy \u00f6sszekapcsolja az int\u00e9zm\u00e9nyben v\u00e9gzetteket, lehet\u0151s\u00e9get teremtve a szakmai kapcsolatok \u00e9p\u00edt\u00e9s\u00e9re \u00e9s aktu\u00e1lis &hellip;<\/p>\n","protected":false},"author":101947,"featured_media":0,"comment_status":"closed","ping_status":"closed","sticky":false,"template":"","format":"standard","meta":{"_acf_changed":false,"footnotes":""},"categories":[253],"tags":[],"class_list":["post-16555","post","type-post","status-publish","format-standard","hentry","category-alumni-szalon"],"acf":[],"publishpress_future_action":{"enabled":false,"date":"1970-01-01 01:00:00","action":"","terms":[],"taxonomy":"","browser_timezone_offset":0},"_links":{"self":[{"href":"https:\/\/semmelweis.hu\/alumni\/wp-json\/wp\/v2\/posts\/16555","targetHints":{"allow":["GET"]}}],"collection":[{"href":"https:\/\/semmelweis.hu\/alumni\/wp-json\/wp\/v2\/posts"}],"about":[{"href":"https:\/\/semmelweis.hu\/alumni\/wp-json\/wp\/v2\/types\/post"}],"author":[{"embeddable":true,"href":"https:\/\/semmelweis.hu\/alumni\/wp-json\/wp\/v2\/users\/101947"}],"replies":[{"embeddable":true,"href":"https:\/\/semmelweis.hu\/alumni\/wp-json\/wp\/v2\/comments?post=16555"}],"version-history":[{"count":1,"href":"https:\/\/semmelweis.hu\/alumni\/wp-json\/wp\/v2\/posts\/16555\/revisions"}],"predecessor-version":[{"id":16556,"href":"https:\/\/semmelweis.hu\/alumni\/wp-json\/wp\/v2\/posts\/16555\/revisions\/16556"}],"wp:attachment":[{"href":"https:\/\/semmelweis.hu\/alumni\/wp-json\/wp\/v2\/media?parent=16555"}],"wp:term":[{"taxonomy":"category","embeddable":true,"href":"https:\/\/semmelweis.hu\/alumni\/wp-json\/wp\/v2\/categories?post=16555"},{"taxonomy":"post_tag","embeddable":true,"href":"https:\/\/semmelweis.hu\/alumni\/wp-json\/wp\/v2\/tags?post=16555"}],"curies":[{"name":"wp","href":"https:\/\/api.w.org\/{rel}","templated":true}]}}