{"id":16529,"date":"2024-06-14T09:33:56","date_gmt":"2024-06-14T07:33:56","guid":{"rendered":"https:\/\/semmelweis.hu\/alumni\/?p=16529"},"modified":"2024-06-14T09:33:56","modified_gmt":"2024-06-14T07:33:56","slug":"uj-asztalitenisz-termet-adtak-at-az-egyetem-markusovszky-kollegiumaban","status":"publish","type":"post","link":"https:\/\/semmelweis.hu\/alumni\/2024\/06\/14\/uj-asztalitenisz-termet-adtak-at-az-egyetem-markusovszky-kollegiumaban\/","title":{"rendered":"\u00daJ ASZTALITENISZ-TERMET ADTAK \u00c1T AZ EGYETEM MARKUSOVSZKY KOLL\u00c9GIUM\u00c1BAN"},"content":{"rendered":"<h2 class=\"lead\">H\u00e1rom asztallal \u00e9s egy professzion\u00e1lis adogat\u00f3g\u00e9ppel felszerelt asztalitenisz-termet avattak fel a Semmelweis Egyetem Markusovszky Koll\u00e9gium\u00e1ban. Az esem\u00e9nyen elhangzott, az Asztalitenisz Szakoszt\u00e1lyban ezzel adottak a felt\u00e9telek a hallgat\u00f3k sz\u00e1m\u00e1ra a szabadid\u0151sport gyakorl\u00e1s\u00e1ra \u00e9s az eredm\u00e9nyes versenyfelk\u00e9sz\u00fcl\u00e9sre. Rem\u00e9nyeik szerint az egyetemi bajnoks\u00e1g mellett nemsok\u00e1ra a Nemzeti Bajnoks\u00e1gban is elindulhatnak a Semmelweis versenyz\u0151i.<\/h2>\n<p style=\"text-align: justify\"><a href=\"https:\/\/semmelweis.hu\/hirek\/files\/2024\/05\/RS193823__19A2525-scr-1.jpg\"><img loading=\"lazy\" decoding=\"async\" class=\"alignleft size-medium wp-image-139959\" src=\"https:\/\/semmelweis.hu\/hirek\/files\/2024\/05\/RS193823__19A2525-scr-1-400x267.jpg\" alt=\"\" width=\"400\" height=\"267\" \/><\/a>A Semmelweis Egyetem a legjobb hallgat\u00f3kat szeretn\u00e9 megnyerni az int\u00e9zm\u00e9ny sz\u00e1m\u00e1ra \u00e9s a legkiv\u00e1l\u00f3bb orvosokat, eg\u00e9szs\u00e9g\u00fcgyi dolgoz\u00f3kat szeretn\u00e9 k\u00e9pezni, nevelni a hallgat\u00f3ib\u00f3l, olyan \u00e9lethivat\u00e1st adni nekik, amelyben kiteljesedhet az eg\u00e9sz \u00e9let\u00fck \u2013 ez pedig a sport n\u00e9lk\u00fcl nem megy \u2013 hangs\u00falyozta dr. Merkely B\u00e9la az asztalitenisz-terem \u00e1tad\u00f3j\u00e1n. A rektor kiemelte, az egyetem a k\u00e9pz\u00e9s ideje alatt v\u00e9gig biztos\u00edtja a lehet\u0151s\u00e9get a testnevel\u00e9sre: az els\u0151 k\u00e9t \u00e9vben szab\u00e1lyozott form\u00e1ban, a m\u00e1sodik n\u00e9gy \u00e9vben pedig pr\u00f3b\u00e1lnak sz\u00e9les v\u00e1laszt\u00e9kot k\u00edn\u00e1lni a hallgat\u00f3knak. Ennek \u00e9rdek\u00e9ben l\u00e9trehozt\u00e1k a Semmelweis Egyetem Sport Klub egyes\u00fcletet, ahol ma m\u00e1r\u00a0<a href=\"https:\/\/semmelweis.hu\/sportklub\/szakosztalyok\/\" target=\"_blank\" rel=\"noopener\">21 szakoszt\u00e1ly m\u0171k\u00f6dik<\/a>, a t\u00f6bbi k\u00f6z\u00f6tt az Asztalitenisz Szakoszt\u00e1ly is.<br \/>\nA mostani terem\u00e1tad\u00e1ssal \u00e9s a szakmai h\u00e1tt\u00e9r, professzion\u00e1lis edz\u0151 biztos\u00edt\u00e1s\u00e1val minden felt\u00e9tel adott, hogy az Asztalitenisz Szakoszt\u00e1ly csapata j\u00f3l szerepeljen a bajnoks\u00e1gokban.<\/p>\n<blockquote>\n<p>Ha a Magyar Egyetemi \u00e9s F\u0151iskolai Orsz\u00e1gos Bajnoks\u00e1gon (MEFOB) j\u00f3 eredm\u00e9nyt \u00e9r\u00fcnk el, akkor b\u00edzom benne, hogy lehets\u00e9ges, hogy a Nemzeti Bajnoks\u00e1gban is komolyabb eredm\u00e9nyeket \u00e9rjenek el a versenyz\u0151ink<\/p>\n<\/blockquote>\n<p>\u2013 mutatott r\u00e1 a rektor.<\/p>\n<p style=\"text-align: justify\">Hozz\u00e1tette, a hazai orvos- \u00e9s eg\u00e9szs\u00e9gtudom\u00e1nyi k\u00e9pz\u00e9st folytat\u00f3 egyetemeken ma m\u00e1r komoly sportol\u00e1si lehet\u0151s\u00e9gek \u00e1llnak a hallgat\u00f3k rendelkez\u00e9s\u00e9re. A Semmelweisen van m\u00e9g mit fejleszteni ezen a t\u00e9ren, fel\u00faj\u00edt\u00e1sra v\u00e1r t\u00f6bb r\u00e9gebbi sportp\u00e1lya, de az egyetemen van m\u00e1r h\u00e1rom teniszp\u00e1lya, n\u00e9h\u00e1ny h\u00e9t m\u00falva elk\u00e9sz\u00fcl a m\u0171f\u00fcves labdar\u00fag\u00f3 p\u00e1lya is, \u00e9s az ELTE-vel k\u00f6z\u00f6sen m\u0171k\u00f6dtetnek egy v\u00edv\u00f3termet.<\/p>\n<p style=\"text-align: justify\"><a href=\"https:\/\/semmelweis.hu\/hirek\/files\/2024\/05\/RS193831__19A2563-scr.jpg\"><img loading=\"lazy\" decoding=\"async\" class=\"alignleft size-medium wp-image-139960\" src=\"https:\/\/semmelweis.hu\/hirek\/files\/2024\/05\/RS193831__19A2563-scr-400x267.jpg\" alt=\"\" width=\"400\" height=\"267\" \/><\/a>Mintegy m\u00e1sf\u00e9l \u00e9vvel ezel\u0151tt kezdt\u00e9k szervezni az Asztalitenisz Szakoszt\u00e1lyt, majd a most \u00e1tadott terem fel\u00faj\u00edt\u00e1si munk\u00e1latai is elkezd\u0151dhettek a Markusovszky Koll\u00e9giumban \u2013 mondta el dr. Hermann P\u00e9ter oktat\u00e1si rektorhelyettes. Az\u00a0<a href=\"https:\/\/semmelweis.hu\/sportklub\/szakosztalyok\/asztalitenisz\/\" target=\"_blank\" rel=\"noopener\">Asztalitenisz Szakoszt\u00e1ly<\/a>\u00a0l\u00e9trehoz\u00f3ja \u00e9s vezet\u0151je kifejtette, a pincehelyis\u00e9gben kor\u00e1bban koll\u00e9giumi diszk\u00f3 m\u0171k\u00f6d\u00f6tt, amely megsz\u00fcntet\u00e9se ut\u00e1n j\u00f3 n\u00e9h\u00e1ny \u00e9vvel teljes fel\u00faj\u00edt\u00e1son esett \u00e1t, ezalatt egy emeleti helyis\u00e9get biztos\u00edtott a koll\u00e9gium az edz\u00e9sek sz\u00e1m\u00e1ra. K\u00f6zben felvett\u00e9k a kapcsolatot a Magyar Asztalitenisz Sz\u00f6vets\u00e9g volt eln\u00f6ks\u00e9gi tagj\u00e1val, hogy seg\u00edtsen a szakoszt\u00e1ly szakmai alapoz\u00e1s\u00e1ban. \u00c1ltala ker\u00fclhettek kapcsolatba Andr\u00e1s Mikl\u00f3ssal, a DVTK Asztalitenisz Szakoszt\u00e1ly\u00e1nak vezet\u0151j\u00e9vel, aki szakoszt\u00e1lyi edz\u0151k\u00e9nt ir\u00e1ny\u00edtja a Semmelweisen az edz\u00e9seket, a versenyekre a felk\u00e9sz\u00edt\u00e9st.<\/p>\n<blockquote>\n<p>\u00dagy t\u0171nik, er\u0151s csapatunk lesz, k\u00fcl\u00f6n\u00f6sen a l\u00e1nyokn\u00e1l. Van egy koroszt\u00e1lyos magyar v\u00e1logatottunk, egy sv\u00e9d bajnokunk, \u00e9s \u00edgy j\u00f6tt az az \u00f6tlet, hogy nemcsak az egyetemi bajnoks\u00e1gban, hanem az els\u0151 oszt\u00e1lyban is elindulhatn\u00e1nk. Ez egyben ut\u00e1np\u00f3tl\u00e1s-nevel\u00e9st is jelent, hiszen csak \u00fagy lehet elindulni az els\u0151 oszt\u00e1lyban, hogy ha van ut\u00e1np\u00f3tl\u00e1s is<\/p>\n<\/blockquote>\n<p>\u2013 hangs\u00falyozta dr. Hermann P\u00e9ter.<\/p>\n<p>Hozz\u00e1tette, folyamatban van m\u00e1r az ehhez sz\u00fcks\u00e9ges \u00fagynevezett szabadk\u00e1rtya megszerz\u00e9se, \u00e9s felvett\u00e9k a kapcsolatot a K\u00f6zponti Sportiskol\u00e1val (KSI) is.<\/p>\n<p><a href=\"https:\/\/semmelweis.hu\/hirek\/files\/2024\/05\/RS193837__19A2639-scr.jpg\"><img loading=\"lazy\" decoding=\"async\" class=\"aligncenter size-full wp-image-139964\" src=\"https:\/\/semmelweis.hu\/hirek\/files\/2024\/05\/RS193837__19A2639-scr.jpg\" alt=\"\" width=\"1200\" height=\"800\" \/><\/a><\/p>\n<p style=\"text-align: justify\">Az \u00e1tad\u00e1si cerem\u00f3ni\u00e1t k\u00f6vet\u0151en a szakoszt\u00e1ly j\u00e1t\u00e9kosai bemutat\u00f3 j\u00e1t\u00e9kot tartottak, az egyetem vezet\u0151i \u00e9s a vend\u00e9gek pedig ki is pr\u00f3b\u00e1lhatt\u00e1k a most \u00e1tadott h\u00e1rom ping-pong asztalt, valamint a professzion\u00e1lis adogat\u00f3g\u00e9pet, amellyel k\u00fcl\u00f6nf\u00e9le programok be\u00e1ll\u00edt\u00e1s\u00e1val, egy\u00e9nileg is lehet gyakorolni a labdakezel\u00e9st, \u00fct\u00e9stechnik\u00e1t, s amely, mint mondt\u00e1k, nagyban seg\u00edtheti majd a versenyfelk\u00e9sz\u00fcl\u00e9st.<\/p>\n<p>Tasn\u00e1di R\u00f3bert<br \/>\nFot\u00f3: Zellei Bogl\u00e1rka \u2013 Semmelweis Egyetem<\/p>\n","protected":false},"excerpt":{"rendered":"<p>H\u00e1rom asztallal \u00e9s egy professzion\u00e1lis adogat\u00f3g\u00e9ppel felszerelt asztalitenisz-termet avattak fel a Semmelweis Egyetem Markusovszky Koll\u00e9gium\u00e1ban. Az esem\u00e9nyen elhangzott, az Asztalitenisz Szakoszt\u00e1lyban ezzel adottak a felt\u00e9telek a hallgat\u00f3k sz\u00e1m\u00e1ra a szabadid\u0151sport gyakorl\u00e1s\u00e1ra \u00e9s az eredm\u00e9nyes versenyfelk\u00e9sz\u00fcl\u00e9sre. Rem\u00e9nyeik szerint az egyetemi bajnoks\u00e1g mellett nemsok\u00e1ra a Nemzeti Bajnoks\u00e1gban is elindulhatnak a Semmelweis versenyz\u0151i. <a href=\"https:\/\/semmelweis.hu\/hirek\/files\/2024\/05\/RS193823__19A2525-scr-1.jpg\"><\/a> A Semmelweis Egyetem a legjobb &hellip;<\/p>\n","protected":false},"author":101947,"featured_media":16530,"comment_status":"closed","ping_status":"closed","sticky":false,"template":"","format":"standard","meta":{"_acf_changed":false,"footnotes":""},"categories":[1],"tags":[133,249,247],"class_list":["post-16529","post","type-post","status-publish","format-standard","has-post-thumbnail","hentry","category-hirek","tag-alumni-hu","tag-asztalitenisz","tag-sealumni"],"acf":[],"publishpress_future_action":{"enabled":false,"date":"1970-01-01 01:00:00","action":"","terms":[],"taxonomy":"","browser_timezone_offset":0},"_links":{"self":[{"href":"https:\/\/semmelweis.hu\/alumni\/wp-json\/wp\/v2\/posts\/16529","targetHints":{"allow":["GET"]}}],"collection":[{"href":"https:\/\/semmelweis.hu\/alumni\/wp-json\/wp\/v2\/posts"}],"about":[{"href":"https:\/\/semmelweis.hu\/alumni\/wp-json\/wp\/v2\/types\/post"}],"author":[{"embeddable":true,"href":"https:\/\/semmelweis.hu\/alumni\/wp-json\/wp\/v2\/users\/101947"}],"replies":[{"embeddable":true,"href":"https:\/\/semmelweis.hu\/alumni\/wp-json\/wp\/v2\/comments?post=16529"}],"version-history":[{"count":1,"href":"https:\/\/semmelweis.hu\/alumni\/wp-json\/wp\/v2\/posts\/16529\/revisions"}],"predecessor-version":[{"id":16531,"href":"https:\/\/semmelweis.hu\/alumni\/wp-json\/wp\/v2\/posts\/16529\/revisions\/16531"}],"wp:featuredmedia":[{"embeddable":true,"href":"https:\/\/semmelweis.hu\/alumni\/wp-json\/wp\/v2\/media\/16530"}],"wp:attachment":[{"href":"https:\/\/semmelweis.hu\/alumni\/wp-json\/wp\/v2\/media?parent=16529"}],"wp:term":[{"taxonomy":"category","embeddable":true,"href":"https:\/\/semmelweis.hu\/alumni\/wp-json\/wp\/v2\/categories?post=16529"},{"taxonomy":"post_tag","embeddable":true,"href":"https:\/\/semmelweis.hu\/alumni\/wp-json\/wp\/v2\/tags?post=16529"}],"curies":[{"name":"wp","href":"https:\/\/api.w.org\/{rel}","templated":true}]}}