{"id":1034,"date":"2019-11-16T21:35:17","date_gmt":"2019-11-16T20:35:17","guid":{"rendered":"http:\/\/semmelweis.hu\/alumni\/?p=1034"},"modified":"2019-11-16T21:39:45","modified_gmt":"2019-11-16T20:39:45","slug":"sieles-olaszorszagban","status":"publish","type":"post","link":"https:\/\/semmelweis.hu\/alumni\/2019\/11\/16\/sieles-olaszorszagban\/","title":{"rendered":"S\u00edel\u00e9s Olaszorsz\u00e1gban \u00e9s Semmelweis 250 t\u00fara"},"content":{"rendered":"<p style=\"text-align: center\"><span style=\"font-size: 18pt\"><strong><em>Tisztelt Munkat\u00e1rsak!<\/em><\/strong><\/span><\/p>\n<div style=\"text-align: center\">A\u00a0<strong>Semmelweis 250 sport programsorozat<\/strong> kapcs\u00e1n sz\u00edves figyelm\u00fckbe aj\u00e1nljuk az al\u00e1bbi kedvezm\u00e9nyes <strong>olaszorsz\u00e1gi\u00a0s\u00edel\u00e9si lehet\u0151s\u00e9get<\/strong>,<br \/>\namelyre a Semmelweis dolgoz\u00f3kat \u00e9s csal\u00e1dtagjaikat v\u00e1rjuk nagy szeretettel!<\/div>\n<div style=\"text-align: center\">Tov\u00e1bb\u00e1 t\u00e1j\u00e9koztatjuk az \u00e9rdekl\u0151d\u0151ket, hogy a <strong>Semmelweis 250 t\u00farasorozatb\u00f3l<\/strong>\u00a0125 km-t m\u00e1r teljes\u00edtett\u00fcnk, de tov\u00e1bbra is lehet\u0151s\u00e9g van a csatlakoz\u00e1sra:<br \/>\na legk\u00f6zelebbi egynapos t\u00far\u00e1nk <strong>november 16-\u00e1n<\/strong>\u00a0szombaton lesz a Pom\u00e1z-Nagykev\u00e9ly-H\u00e1rmashat\u00e1rhegy-\u00d3buda \u00fatvonalon.<br \/>\nTov\u00e1bbi r\u00e9szletek:<br \/>\n<a href=\"https:\/\/semmelweis.hu\/sportkozpont\/se250-sportprogramok\/semmelweis-250-egyetemi-emlektura\/\" target=\"_blank\" rel=\"noopener noreferrer\">https:\/\/semmelweis.hu\/sportkozpont\/se250-sportprogramok\/semmelweis-250-egyetemi-emlektura\/<\/a><\/div>\n<div style=\"text-align: center\">A csal\u00e1dtagokat, bar\u00e1tokat is\u00a0szeretettel v\u00e1rjuk!<\/div>\n<div><\/div>\n<div>\n<!-- iframe plugin v.4.9 wordpress.org\/plugins\/iframe\/ -->\n<iframe loading=\"lazy\" src=\"https:\/\/drive.google.com\/file\/d\/130ILbHrStUc9NSG5niASESSFBv7lX_pe\/preview\" width=\"100%\" height=\"1180\" scrolling=\"yes\" class=\"iframe-class\" frameborder=\"0\"><\/iframe>\n<\/div>\n","protected":false},"excerpt":{"rendered":"<p>Tisztelt Munkat\u00e1rsak! A\u00a0Semmelweis 250 sport programsorozat kapcs\u00e1n sz\u00edves figyelm\u00fckbe aj\u00e1nljuk az al\u00e1bbi kedvezm\u00e9nyes olaszorsz\u00e1gi\u00a0s\u00edel\u00e9si lehet\u0151s\u00e9get, amelyre a Semmelweis dolgoz\u00f3kat \u00e9s csal\u00e1dtagjaikat v\u00e1rjuk nagy szeretettel! Tov\u00e1bb\u00e1 t\u00e1j\u00e9koztatjuk az \u00e9rdekl\u0151d\u0151ket, hogy a Semmelweis 250 t\u00farasorozatb\u00f3l\u00a0125 km-t m\u00e1r teljes\u00edtett\u00fcnk, de tov\u00e1bbra is lehet\u0151s\u00e9g van a csatlakoz\u00e1sra: a legk\u00f6zelebbi egynapos t\u00far\u00e1nk november 16-\u00e1n\u00a0szombaton lesz a Pom\u00e1z-Nagykev\u00e9ly-H\u00e1rmashat\u00e1rhegy-\u00d3buda \u00fatvonalon. Tov\u00e1bbi r\u00e9szletek: &hellip;<\/p>\n","protected":false},"author":101158,"featured_media":0,"comment_status":"closed","ping_status":"closed","sticky":false,"template":"","format":"standard","meta":{"_acf_changed":false,"footnotes":""},"categories":[1],"tags":[],"class_list":["post-1034","post","type-post","status-publish","format-standard","hentry","category-hirek"],"acf":[],"publishpress_future_action":{"enabled":false,"date":"1970-01-01 01:00:00","action":"","terms":[],"taxonomy":"","browser_timezone_offset":0},"_links":{"self":[{"href":"https:\/\/semmelweis.hu\/alumni\/wp-json\/wp\/v2\/posts\/1034","targetHints":{"allow":["GET"]}}],"collection":[{"href":"https:\/\/semmelweis.hu\/alumni\/wp-json\/wp\/v2\/posts"}],"about":[{"href":"https:\/\/semmelweis.hu\/alumni\/wp-json\/wp\/v2\/types\/post"}],"author":[{"embeddable":true,"href":"https:\/\/semmelweis.hu\/alumni\/wp-json\/wp\/v2\/users\/101158"}],"replies":[{"embeddable":true,"href":"https:\/\/semmelweis.hu\/alumni\/wp-json\/wp\/v2\/comments?post=1034"}],"version-history":[{"count":5,"href":"https:\/\/semmelweis.hu\/alumni\/wp-json\/wp\/v2\/posts\/1034\/revisions"}],"predecessor-version":[{"id":1039,"href":"https:\/\/semmelweis.hu\/alumni\/wp-json\/wp\/v2\/posts\/1034\/revisions\/1039"}],"wp:attachment":[{"href":"https:\/\/semmelweis.hu\/alumni\/wp-json\/wp\/v2\/media?parent=1034"}],"wp:term":[{"taxonomy":"category","embeddable":true,"href":"https:\/\/semmelweis.hu\/alumni\/wp-json\/wp\/v2\/categories?post=1034"},{"taxonomy":"post_tag","embeddable":true,"href":"https:\/\/semmelweis.hu\/alumni\/wp-json\/wp\/v2\/tags?post=1034"}],"curies":[{"name":"wp","href":"https:\/\/api.w.org\/{rel}","templated":true}]}}