{"id":14359,"date":"2024-03-10T11:54:18","date_gmt":"2024-03-10T10:54:18","guid":{"rendered":"https:\/\/semmelweis.hu\/alapitvany\/?p=14359"},"modified":"2024-03-10T11:54:18","modified_gmt":"2024-03-10T10:54:18","slug":"iden-is-nyerhet-adoja-1-anak-felajanlasaval","status":"publish","type":"post","link":"https:\/\/semmelweis.hu\/alapitvany\/2024\/03\/10\/iden-is-nyerhet-adoja-1-anak-felajanlasaval\/","title":{"rendered":"Id\u00e9n is nyerhet ad\u00f3ja 1%-\u00e1nak felaj\u00e1nl\u00e1s\u00e1val!"},"content":{"rendered":"<div class=\"lead\">\n<p>Nagy \u00f6r\u00f6m, hogy az el\u0151z\u0151 \u00e9vhez hasonl\u00f3an, id\u00e9n is sz\u00e1mos fels\u0151kateg\u00f3ri\u00e1s sz\u00e1lloda csatlakozott a Semmelweis Egyetem Alap\u00edtv\u00e1ny ad\u00f3 1% kamp\u00e1ny\u00e1hoz! J\u00f3voltukb\u00f3l a felaj\u00e1nl\u00f3k k\u00f6z\u00f6tt 7 db k\u00e9t f\u0151s \u00e9s 1 csal\u00e1di h\u00e9tv\u00e9gi wellness pihen\u00e9st sorsolhatunk ki f\u00e9lpanzi\u00f3val!\u00a0<\/p>\n<p>Az idei rendelkez\u00e9si \u00e9vben a Pet\u0151 Andr\u00e1s Kar (ismertebb nev\u00e9n Pet\u0151 Int\u00e9zet) \u00f3vod\u00e1j\u00e1nak befogad\u00f3 j\u00e1tsz\u00f3ter\u00e9nek kialak\u00edt\u00e1s\u00e1ra gy\u0171jt\u00fcnk, hogy a mozg\u00e1ss\u00e9r\u00fclt \u00e9s \u00e9p mozg\u00e1s\u00fa gyermekek egy\u00fctt \u00e9lhess\u00e9k meg a j\u00e1t\u00e9k \u00f6r\u00f6m\u00e9t!<\/p>\n<p>B\u0151vebb inform\u00e1ci\u00f3: <a href=\"http:\/\/www.semmelweis.hu\/ado1\" target=\"_blank\" rel=\"noopener\">www.semmelweis.hu\/ado1\u00a0<\/a> \u00a0<\/p>\n<h2>Rendelkezzen \u00e9s nyerjen!<\/h2>\n<\/div>\n<div class=\"fontos_div\">\n<p><b><span class=\"ContentPasted0\">A Semmelweis Egyetem Alap\u00edtv\u00e1ny sz\u00e1m\u00e1ra rendelkez\u0151k k\u00f6z\u00f6tt nyolc pihen\u00e9si lehet\u0151s\u00e9get sorsolunk ki:<\/span><\/b><\/p>\n<ul>\n<li><span class=\"ContentPasted0\">egy p\u00e1ros nyaral\u00e1st 2 f\u0151 r\u00e9sz\u00e9re, 2 \u00e9jszak\u00e1ra f\u00e9lpanzi\u00f3val a m\u00e1trah\u00e1zi\u00a0<a href=\"https:\/\/hotelozon.hu\/?gad_source=1&amp;gclid=Cj0KCQiA84CvBhCaARIsAMkAvkKRab5t0cAexoBL5l2aP4znDoeLAc797f1xF2QXnV77q5i7fTHW7WUaApB6EALw_wcB\" target=\"_blank\" rel=\"noopener\">n\u00e9gycsillagos Hotel \u00d3zon Superiorban<\/a>,<\/span><span class=\"ContentPasted0\"><br \/>\n<\/span><\/li>\n<li>egy k\u00e9t f\u0151s nyar\u00e1st 2 \u00e9jszak\u00e1ra f\u00e9lpanzi\u00f3val a\u00a0<a href=\"https:\/\/www.wellamarin.hu\/\" target=\"_blank\" rel=\"noopener\">n\u00e9gycsillagos Hotel Wellamarinban<\/a>\u00a0Zam\u00e1rdiban,<\/li>\n<li>egy csal\u00e1di nyaral\u00e1st 2 \u00e9jszak\u00e1ra f\u00e9lpanzi\u00f3val 2 feln\u0151tt \u00e9s 2 gyermek r\u00e9sz\u00e9re a n\u00e9gycsillagos\u00a0<a href=\"https:\/\/www.wellamarin.hu\/\" target=\"_blank\" rel=\"noopener\">Hotel Wellamarinban Zam\u00e1rdiban,<\/a><\/li>\n<li>5 db, egyenk\u00e9nt 160.000 Ft \u00e9rt\u00e9k\u0171 voucher, mely k\u00e9t f\u0151 k\u00e9t\u00e9jszak\u00e1s, f\u00e9lpanzi\u00f3s pihen\u00e9s\u00e9t fedezi a zalakarosi\u00a0<a href=\"https:\/\/hotelaphrodite.hu\/arak\/\" target=\"_blank\" rel=\"noopener\">Aphrodite Hotelben.<\/a><\/li>\n<\/ul>\n<p style=\"text-align: center\"><a class=\"button\" href=\"https:\/\/eszja.nav.gov.hu\/app\/login\/#login\" target=\"_blank\" rel=\"noopener\">Felaj\u00e1nlom ad\u00f3m 1%-\u00e1t!<\/a><\/p>\n<\/div>\n<h2>Bemutatkoznak a nyerem\u00e9nyeket felaj\u00e1nl\u00f3 sz\u00e1llod\u00e1k&#8230;<\/h2>\n<div class=\"lead\"><a href=\"https:\/\/www.youtube.com\/watch?v=NX8apVvbcbU\" target=\"_blank\" rel=\"noopener\">Hotel \u00d3zon &amp; Luxury Villas ****superior<\/a><\/div>\n<p>Az orsz\u00e1g egyik legmagasabban fekv\u0151 sz\u00e1llod\u00e1jak\u00e9nt a <a href=\"https:\/\/hotelozon.hu\/?gad_source=1&amp;gclid=CjwKCAiA0bWvBhBjEiwAtEsoWywJoyPoiRQswXXqUyJgCLHkMapMnds87Dn80Qp-3t7YGfwdxl3wshoCrbkQAvD_BwE\" target=\"_blank\" rel=\"noopener\">Hotel \u00d3zon &amp; Luxury Villas****superior<\/a> a \u201emagasan a legjobb\u201d mott\u00f3 jegy\u00e9ben egyedi \u00e9s n\u00edv\u00f3s szolg\u00e1ltat\u00e1saival teszi feledhetetlenn\u00e9 a pihen\u00e9st vend\u00e9gei sz\u00e1m\u00e1ra M\u00e1trah\u00e1z\u00e1n, 710 m\u00e9terrel a tengerszint felett.<\/p>\n<p>A k\u00edv\u00fcl-bel\u00fcl \u00fajj\u00e1sz\u00fcletett \u00e9s kib\u0151v\u00edtett sz\u00e1llod\u00e1nkban 132 eleg\u00e1ns \u00e9s pr\u00e9mium kivitel\u0171 szoba &#8211; k\u00f6zt\u00fck csal\u00e1doknak sz\u00e1nt k\u00e9nyelmes lak\u00f3terek, kifejezetten p\u00e1rok sz\u00e1m\u00e1ra meg\u00e1lmodott, romantikus suite-ek, valamint a val\u00f3di luxus \u00e9rz\u00e9s\u00e9t ny\u00fajt\u00f3 lakoszt\u00e1lyok &#8211; k\u00e9nyelm\u00e9t \u00e9lvezheti. <br \/>\nA f\u0151\u00e9p\u00fclett\u0151l n\u00e9h\u00e1ny percre erdei k\u00f6rnyezetben kialak\u00edtott, exkluz\u00edv vill\u00e1ink luxus min\u0151s\u00e9get k\u00e9pviselnek, term\u00e9szet \u00e1ltal ihletett berendez\u00e9ssel, erdei mili\u0151nkbe illeszked\u0151 terasszal, pezsg\u0151f\u00fcrd\u0151s k\u00e1ddal \u00e9s \u00fcvegfal\u00fa szaun\u00e1val \u00edg\u00e9rnek kompromisszummentes kikapcsol\u00f3d\u00e1st.<br \/>\nMeg\u00e9rkez\u00e9s ut\u00e1n el\u00e9g n\u00e9h\u00e1ny m\u00e9ly l\u00e9legzetv\u00e9tel a Lobby B\u00e1r terasz\u00e1n, hogy a K\u00e9kestet\u0151 l\u00e1tv\u00e1ny\u00e1ban gy\u00f6ny\u00f6rk\u00f6dve magunk m\u00f6g\u00f6tt hagyjuk a h\u00e9tk\u00f6znapok fesz\u00fclts\u00e9g\u00e9t \u00e9s \u00e1tadjuk magunkat a pihen\u00e9snek!<\/p>\n<p>Csod\u00e1lja meg az m\u00e1trai erd\u0151k \u00e9s hegyvonulatok sz\u00e9ps\u00e9g\u00e9t \u00e9s a fantasztikus kil\u00e1t\u00e1st a Hotel \u00d3zon k\u00e9nyelm\u00e9b\u0151l. A grandi\u00f3zus \u00fcvegfel\u00fcletekkel rendelkez\u0151 kompelxum legt\u00f6bb pontj\u00e1r\u00f3l zavartalanul \u00e9lvezhet\u0151 az orsz\u00e1g legmagasabb cs\u00facs\u00e1nak l\u00e1tv\u00e1nya: a K\u00e9kestet\u0151. A M\u00e1tra szel\u00edd lank\u00e1inak sz\u00e9ps\u00e9g\u00e9t az \u00e9tteremben, a Panor\u00e1ma Szaun\u00e1ban, a konferenci\u00e1kon \u00fclve is megcsod\u00e1lhatja.<\/p>\n<p>Legyen \u00d6n is a Hotel \u00d3zon vend\u00e9ge!<\/p>\n\r\n        [slb_exclude]\r\n        <div class=\"row galeria-wrapper mx-0 h-auto\">\r\n            <div class=\"col-9 pl-0 pr-2\">\r\n            <span class=\"gallery-item frame\">\r\n\t\t\t\t<div class=\"galeria-left-img\"><a href=\"https:\/\/semmelweis.hu\/alapitvany\/files\/2024\/03\/A-Hotel-Ozon-Latkep-scaled.jpg\"><img src=https:\/\/semmelweis.hu\/alapitvany\/files\/2024\/03\/A-Hotel-Ozon-Latkep-scaled.jpg  \r\n                            alt=\"default\" \r\n                            class=\"attachment-sote-gallery-big size-sote-gallery-big\" \r\n                            srcset=\"https:\/\/semmelweis.hu\/alapitvany\/files\/2024\/03\/A-Hotel-Ozon-Latkep-400x300.jpg 400w, https:\/\/semmelweis.hu\/alapitvany\/files\/2024\/03\/A-Hotel-Ozon-Latkep-1024x768.jpg 1024w, https:\/\/semmelweis.hu\/alapitvany\/files\/2024\/03\/A-Hotel-Ozon-Latkep-768x576.jpg 768w, https:\/\/semmelweis.hu\/alapitvany\/files\/2024\/03\/A-Hotel-Ozon-Latkep-1536x1152.jpg 1536w, https:\/\/semmelweis.hu\/alapitvany\/files\/2024\/03\/A-Hotel-Ozon-Latkep-2048x1536.jpg 2048w, https:\/\/semmelweis.hu\/alapitvany\/files\/2024\/03\/A-Hotel-Ozon-Latkep-753x565.jpg 753w\" ><\/a><\/div>\r\n            <\/span>\r\n\r\n            <\/div>\r\n\r\n\t\t\t<div class=\"col-3 pl-0 pr-0\">\r\n\t\t\t\t<div class=\"galeria-right-img d-flex justify-content-between flex-column h-100 w-100 px-0 mx-0 \">\r\n                <div class=\"galeria-box\">\r\n\t\t\t\t\t<h3 class=\"galeria-title\">Gal\u00e9ria<\/h3>\r\n\t\t\t\t\t<div class=\"galeria-subtitle\">\r\n\r\n\t\t\t\t\t\t<div class=\"galeria-page-counter\"><span>7<\/span>k\u00e9p<\/div>\r\n                    <\/div> <\/div>\r\n                    <span class=\"gallery-item frame d-none d-md-flex\">\r\n\t\t\t\t\t<div class=\"galeria-small-img mt-0\"><a href=\"https:\/\/semmelweis.hu\/alapitvany\/files\/2024\/03\/Hotel-Ozon-Panorama-Wellness1-scaled.jpg\"><img src=https:\/\/semmelweis.hu\/alapitvany\/files\/2024\/03\/Hotel-Ozon-Panorama-Wellness1-scaled.jpg \r\n                                alt=\"\"  \r\n                                class=\"attachment-sote-gallery-small size-sote-gallery-small\" \r\n                                srcset=\"https:\/\/semmelweis.hu\/alapitvany\/files\/2024\/03\/Hotel-Ozon-Panorama-Wellness1-400x267.jpg 400w, https:\/\/semmelweis.hu\/alapitvany\/files\/2024\/03\/Hotel-Ozon-Panorama-Wellness1-1024x683.jpg 1024w, https:\/\/semmelweis.hu\/alapitvany\/files\/2024\/03\/Hotel-Ozon-Panorama-Wellness1-768x512.jpg 768w, https:\/\/semmelweis.hu\/alapitvany\/files\/2024\/03\/Hotel-Ozon-Panorama-Wellness1-1536x1024.jpg 1536w, https:\/\/semmelweis.hu\/alapitvany\/files\/2024\/03\/Hotel-Ozon-Panorama-Wellness1-2048x1365.jpg 2048w, https:\/\/semmelweis.hu\/alapitvany\/files\/2024\/03\/Hotel-Ozon-Panorama-Wellness1-753x502.jpg 753w, https:\/\/semmelweis.hu\/alapitvany\/files\/2024\/03\/Hotel-Ozon-Panorama-Wellness1-203x135.jpg 203w\" ><\/a><\/div>\r\n                    <\/span>\r\n                    <span class=\"gallery-item frame d-none d-md-flex\">\r\n\t\t\t\t\t<div class=\"galeria-small-img mt-0\"><a href=\"https:\/\/semmelweis.hu\/alapitvany\/files\/2024\/03\/Hotel-Ozon-Panorama-Wellness-Szauna-scaled.jpg\"><img src=https:\/\/semmelweis.hu\/alapitvany\/files\/2024\/03\/Hotel-Ozon-Panorama-Wellness-Szauna-scaled.jpg \r\n                                alt=\"\" \r\n                                class=\"attachment-sote-gallery-small size-sote-gallery-small\" \r\n                                srcset=\"https:\/\/semmelweis.hu\/alapitvany\/files\/2024\/03\/Hotel-Ozon-Panorama-Wellness-Szauna-400x251.jpg 400w, https:\/\/semmelweis.hu\/alapitvany\/files\/2024\/03\/Hotel-Ozon-Panorama-Wellness-Szauna-1024x642.jpg 1024w, https:\/\/semmelweis.hu\/alapitvany\/files\/2024\/03\/Hotel-Ozon-Panorama-Wellness-Szauna-768x481.jpg 768w, https:\/\/semmelweis.hu\/alapitvany\/files\/2024\/03\/Hotel-Ozon-Panorama-Wellness-Szauna-1536x963.jpg 1536w, https:\/\/semmelweis.hu\/alapitvany\/files\/2024\/03\/Hotel-Ozon-Panorama-Wellness-Szauna-2048x1284.jpg 2048w, https:\/\/semmelweis.hu\/alapitvany\/files\/2024\/03\/Hotel-Ozon-Panorama-Wellness-Szauna-753x472.jpg 753w\" ><\/a><\/div>\r\n                    <\/span>\r\n\r\n                <\/div>\r\n\r\n            <\/div>\r\n\r\n            <span class=\"gallery-item\"><div class=\"hidden\"><a href=\"https:\/\/semmelweis.hu\/alapitvany\/files\/2024\/03\/Hotel-Ozon-Szobaink-Superior-Szoba2-scaled.jpg\">\r\n        <img src=https:\/\/semmelweis.hu\/alapitvany\/files\/2024\/03\/Hotel-Ozon-Szobaink-Superior-Szoba2-scaled.jpg alt=\"\" class=\"attachment-sote-gallery-big size-sote-gallery-big\" srcset=\"https:\/\/semmelweis.hu\/alapitvany\/files\/2024\/03\/Hotel-Ozon-Szobaink-Superior-Szoba2-400x267.jpg 400w, https:\/\/semmelweis.hu\/alapitvany\/files\/2024\/03\/Hotel-Ozon-Szobaink-Superior-Szoba2-1024x683.jpg 1024w, https:\/\/semmelweis.hu\/alapitvany\/files\/2024\/03\/Hotel-Ozon-Szobaink-Superior-Szoba2-768x512.jpg 768w, https:\/\/semmelweis.hu\/alapitvany\/files\/2024\/03\/Hotel-Ozon-Szobaink-Superior-Szoba2-1536x1024.jpg 1536w, https:\/\/semmelweis.hu\/alapitvany\/files\/2024\/03\/Hotel-Ozon-Szobaink-Superior-Szoba2-2048x1366.jpg 2048w, https:\/\/semmelweis.hu\/alapitvany\/files\/2024\/03\/Hotel-Ozon-Szobaink-Superior-Szoba2-753x502.jpg 753w, https:\/\/semmelweis.hu\/alapitvany\/files\/2024\/03\/Hotel-Ozon-Szobaink-Superior-Szoba2-203x135.jpg 203w\" >\r\n        <\/a><\/div><\/span><span class=\"gallery-item\"><div class=\"hidden\"><a href=\"https:\/\/semmelweis.hu\/alapitvany\/files\/2024\/03\/Hotel-Ozon-Szobaink-Superior-Szoba4-scaled.jpg\">\r\n        <img src=https:\/\/semmelweis.hu\/alapitvany\/files\/2024\/03\/Hotel-Ozon-Szobaink-Superior-Szoba4-scaled.jpg alt=\"\" class=\"attachment-sote-gallery-big size-sote-gallery-big\" srcset=\"https:\/\/semmelweis.hu\/alapitvany\/files\/2024\/03\/Hotel-Ozon-Szobaink-Superior-Szoba4-400x267.jpg 400w, https:\/\/semmelweis.hu\/alapitvany\/files\/2024\/03\/Hotel-Ozon-Szobaink-Superior-Szoba4-1024x683.jpg 1024w, https:\/\/semmelweis.hu\/alapitvany\/files\/2024\/03\/Hotel-Ozon-Szobaink-Superior-Szoba4-768x512.jpg 768w, https:\/\/semmelweis.hu\/alapitvany\/files\/2024\/03\/Hotel-Ozon-Szobaink-Superior-Szoba4-1536x1024.jpg 1536w, https:\/\/semmelweis.hu\/alapitvany\/files\/2024\/03\/Hotel-Ozon-Szobaink-Superior-Szoba4-2048x1365.jpg 2048w, https:\/\/semmelweis.hu\/alapitvany\/files\/2024\/03\/Hotel-Ozon-Szobaink-Superior-Szoba4-753x502.jpg 753w, https:\/\/semmelweis.hu\/alapitvany\/files\/2024\/03\/Hotel-Ozon-Szobaink-Superior-Szoba4-203x135.jpg 203w\" >\r\n        <\/a><\/div><\/span><span class=\"gallery-item\"><div class=\"hidden\"><a href=\"https:\/\/semmelweis.hu\/alapitvany\/files\/2024\/03\/Hotel-Ozon-Villa-scaled.jpg\">\r\n        <img src=https:\/\/semmelweis.hu\/alapitvany\/files\/2024\/03\/Hotel-Ozon-Villa-scaled.jpg alt=\"\" class=\"attachment-sote-gallery-big size-sote-gallery-big\" srcset=\"https:\/\/semmelweis.hu\/alapitvany\/files\/2024\/03\/Hotel-Ozon-Villa-400x267.jpg 400w, https:\/\/semmelweis.hu\/alapitvany\/files\/2024\/03\/Hotel-Ozon-Villa-1024x683.jpg 1024w, https:\/\/semmelweis.hu\/alapitvany\/files\/2024\/03\/Hotel-Ozon-Villa-768x512.jpg 768w, https:\/\/semmelweis.hu\/alapitvany\/files\/2024\/03\/Hotel-Ozon-Villa-1536x1024.jpg 1536w, https:\/\/semmelweis.hu\/alapitvany\/files\/2024\/03\/Hotel-Ozon-Villa-2048x1365.jpg 2048w, https:\/\/semmelweis.hu\/alapitvany\/files\/2024\/03\/Hotel-Ozon-Villa-753x502.jpg 753w, https:\/\/semmelweis.hu\/alapitvany\/files\/2024\/03\/Hotel-Ozon-Villa-203x135.jpg 203w\" >\r\n        <\/a><\/div><\/span><span class=\"gallery-item\"><div class=\"hidden\"><a href=\"https:\/\/semmelweis.hu\/alapitvany\/files\/2024\/03\/Hotel-Ozon-Wellness-Ozon-Beach1.jpg\">\r\n        <img src=https:\/\/semmelweis.hu\/alapitvany\/files\/2024\/03\/Hotel-Ozon-Wellness-Ozon-Beach1.jpg alt=\"\" class=\"attachment-sote-gallery-big size-sote-gallery-big\" srcset=\"https:\/\/semmelweis.hu\/alapitvany\/files\/2024\/03\/Hotel-Ozon-Wellness-Ozon-Beach1-400x267.jpg 400w, https:\/\/semmelweis.hu\/alapitvany\/files\/2024\/03\/Hotel-Ozon-Wellness-Ozon-Beach1-1024x683.jpg 1024w, https:\/\/semmelweis.hu\/alapitvany\/files\/2024\/03\/Hotel-Ozon-Wellness-Ozon-Beach1-768x512.jpg 768w, https:\/\/semmelweis.hu\/alapitvany\/files\/2024\/03\/Hotel-Ozon-Wellness-Ozon-Beach1-753x502.jpg 753w, https:\/\/semmelweis.hu\/alapitvany\/files\/2024\/03\/Hotel-Ozon-Wellness-Ozon-Beach1-203x135.jpg 203w, https:\/\/semmelweis.hu\/alapitvany\/files\/2024\/03\/Hotel-Ozon-Wellness-Ozon-Beach1.jpg 1486w\" >\r\n        <\/a><\/div><\/span>\r\n            <\/div>\r\n\r\n            [\/slb_exclude]\r\n\t\n<hr \/>\n<div class=\"lead\">Hotel Wellamarin<\/div>\n<div><a href=\"https:\/\/youtu.be\/KY5gEFswS3g?si=6HTV4kyff8mmKNuv\" target=\"_blank\" rel=\"noopener\">Hotel a Balaton sz\u00edv\u00e9ben&#8230;<\/a><br \/>\nL\u00e1togasson el a Balaton sz\u00edv\u00e9hez, Zam\u00e1rdiba, melynek szabadstrandj\u00e1r\u00f3l p\u00e1ratlan l\u00e1tv\u00e1ny ny\u00edlik a Balaton \u00e9szaki partj\u00e1ra \u00e9s a Tihanyi ap\u00e1ts\u00e1gra. A v\u00edzparti <a href=\"https:\/\/www.wellamarin.hu\/hotel-61.html\" target=\"_blank\" rel=\"noopener\">Hotel Wellamarin<\/a> a fest\u0151i l\u00e1tv\u00e1ny mellett feng-shui elven kialak\u00edtott \u00e9s berendezett, letisztult, k\u00e9nyelmes terekkel, soksz\u00edn\u0171 kulin\u00e1ris fog\u00e1sokkal, akt\u00edv \u00e9s passz\u00edv felt\u00f6lt\u0151d\u00e9st k\u00edn\u00e1l\u00f3 wellness szolg\u00e1ltat\u00e1sokkal, tov\u00e1bb\u00e1 koroszt\u00e1lyt\u00f3l f\u00fcggetlen, eg\u00e9sz csal\u00e1dot sz\u00f3rakoztat\u00f3 \u00e9lm\u00e9nyekkel v\u00e1rja vend\u00e9geit.<\/div>\n<div>\u00a0<\/div>\n<div>\n\r\n        [slb_exclude]\r\n        <div class=\"row galeria-wrapper mx-0 h-auto\">\r\n            <div class=\"col-9 pl-0 pr-2\">\r\n            <span class=\"gallery-item frame\">\r\n\t\t\t\t<div class=\"galeria-left-img\"><a href=\"https:\/\/semmelweis.hu\/alapitvany\/files\/2024\/03\/7-b.jpg\"><img src=https:\/\/semmelweis.hu\/alapitvany\/files\/2024\/03\/7-b.jpg  \r\n                            alt=\"\" \r\n                            class=\"attachment-sote-gallery-big size-sote-gallery-big\" \r\n                            srcset=\"https:\/\/semmelweis.hu\/alapitvany\/files\/2024\/03\/7-b-400x225.jpg 400w, https:\/\/semmelweis.hu\/alapitvany\/files\/2024\/03\/7-b-1024x576.jpg 1024w, https:\/\/semmelweis.hu\/alapitvany\/files\/2024\/03\/7-b-768x432.jpg 768w, https:\/\/semmelweis.hu\/alapitvany\/files\/2024\/03\/7-b-753x424.jpg 753w, https:\/\/semmelweis.hu\/alapitvany\/files\/2024\/03\/7-b.jpg 1280w\" ><\/a><\/div>\r\n            <\/span>\r\n\r\n            <\/div>\r\n\r\n\t\t\t<div class=\"col-3 pl-0 pr-0\">\r\n\t\t\t\t<div class=\"galeria-right-img d-flex justify-content-between flex-column h-100 w-100 px-0 mx-0 \">\r\n                <div class=\"galeria-box\">\r\n\t\t\t\t\t<h3 class=\"galeria-title\">Gal\u00e9ria<\/h3>\r\n\t\t\t\t\t<div class=\"galeria-subtitle\">\r\n\r\n\t\t\t\t\t\t<div class=\"galeria-page-counter\"><span>6<\/span>k\u00e9p<\/div>\r\n                    <\/div> <\/div>\r\n                    <span class=\"gallery-item frame d-none d-md-flex\">\r\n\t\t\t\t\t<div class=\"galeria-small-img mt-0\"><a href=\"https:\/\/semmelweis.hu\/alapitvany\/files\/2024\/03\/5-b.jpg\"><img src=https:\/\/semmelweis.hu\/alapitvany\/files\/2024\/03\/5-b.jpg \r\n                                alt=\"\"  \r\n                                class=\"attachment-sote-gallery-small size-sote-gallery-small\" \r\n                                srcset=\"https:\/\/semmelweis.hu\/alapitvany\/files\/2024\/03\/5-b-400x225.jpg 400w, https:\/\/semmelweis.hu\/alapitvany\/files\/2024\/03\/5-b-1024x576.jpg 1024w, https:\/\/semmelweis.hu\/alapitvany\/files\/2024\/03\/5-b-768x432.jpg 768w, https:\/\/semmelweis.hu\/alapitvany\/files\/2024\/03\/5-b-753x424.jpg 753w, https:\/\/semmelweis.hu\/alapitvany\/files\/2024\/03\/5-b.jpg 1280w\" ><\/a><\/div>\r\n                    <\/span>\r\n                    <span class=\"gallery-item frame d-none d-md-flex\">\r\n\t\t\t\t\t<div class=\"galeria-small-img mt-0\"><a href=\"https:\/\/semmelweis.hu\/alapitvany\/files\/2024\/03\/3-b.jpg\"><img src=https:\/\/semmelweis.hu\/alapitvany\/files\/2024\/03\/3-b.jpg \r\n                                alt=\"\" \r\n                                class=\"attachment-sote-gallery-small size-sote-gallery-small\" \r\n                                srcset=\"https:\/\/semmelweis.hu\/alapitvany\/files\/2024\/03\/3-b-400x225.jpg 400w, https:\/\/semmelweis.hu\/alapitvany\/files\/2024\/03\/3-b-1024x576.jpg 1024w, https:\/\/semmelweis.hu\/alapitvany\/files\/2024\/03\/3-b-768x432.jpg 768w, https:\/\/semmelweis.hu\/alapitvany\/files\/2024\/03\/3-b-753x424.jpg 753w, https:\/\/semmelweis.hu\/alapitvany\/files\/2024\/03\/3-b.jpg 1280w\" ><\/a><\/div>\r\n                    <\/span>\r\n\r\n                <\/div>\r\n\r\n            <\/div>\r\n\r\n            <span class=\"gallery-item\"><div class=\"hidden\"><a href=\"https:\/\/semmelweis.hu\/alapitvany\/files\/2024\/03\/2-b.jpg\">\r\n        <img src=https:\/\/semmelweis.hu\/alapitvany\/files\/2024\/03\/2-b.jpg alt=\"\" class=\"attachment-sote-gallery-big size-sote-gallery-big\" srcset=\"https:\/\/semmelweis.hu\/alapitvany\/files\/2024\/03\/2-b-400x225.jpg 400w, https:\/\/semmelweis.hu\/alapitvany\/files\/2024\/03\/2-b-1024x576.jpg 1024w, https:\/\/semmelweis.hu\/alapitvany\/files\/2024\/03\/2-b-768x432.jpg 768w, https:\/\/semmelweis.hu\/alapitvany\/files\/2024\/03\/2-b-753x424.jpg 753w, https:\/\/semmelweis.hu\/alapitvany\/files\/2024\/03\/2-b.jpg 1280w\" >\r\n        <\/a><\/div><\/span><span class=\"gallery-item\"><div class=\"hidden\"><a href=\"https:\/\/semmelweis.hu\/alapitvany\/files\/2024\/03\/16-b.jpg\">\r\n        <img src=https:\/\/semmelweis.hu\/alapitvany\/files\/2024\/03\/16-b.jpg alt=\"\" class=\"attachment-sote-gallery-big size-sote-gallery-big\" srcset=\"https:\/\/semmelweis.hu\/alapitvany\/files\/2024\/03\/16-b-400x225.jpg 400w, https:\/\/semmelweis.hu\/alapitvany\/files\/2024\/03\/16-b-1024x576.jpg 1024w, https:\/\/semmelweis.hu\/alapitvany\/files\/2024\/03\/16-b-768x432.jpg 768w, https:\/\/semmelweis.hu\/alapitvany\/files\/2024\/03\/16-b-753x424.jpg 753w, https:\/\/semmelweis.hu\/alapitvany\/files\/2024\/03\/16-b.jpg 1280w\" >\r\n        <\/a><\/div><\/span><span class=\"gallery-item\"><div class=\"hidden\"><a href=\"https:\/\/semmelweis.hu\/alapitvany\/files\/2024\/03\/1-b.jpg\">\r\n        <img src=https:\/\/semmelweis.hu\/alapitvany\/files\/2024\/03\/1-b.jpg alt=\"\" class=\"attachment-sote-gallery-big size-sote-gallery-big\" srcset=\"https:\/\/semmelweis.hu\/alapitvany\/files\/2024\/03\/1-b-400x225.jpg 400w, https:\/\/semmelweis.hu\/alapitvany\/files\/2024\/03\/1-b-1024x576.jpg 1024w, https:\/\/semmelweis.hu\/alapitvany\/files\/2024\/03\/1-b-768x432.jpg 768w, https:\/\/semmelweis.hu\/alapitvany\/files\/2024\/03\/1-b-753x424.jpg 753w, https:\/\/semmelweis.hu\/alapitvany\/files\/2024\/03\/1-b.jpg 1280w\" >\r\n        <\/a><\/div><\/span>\r\n            <\/div>\r\n\r\n            [\/slb_exclude]\r\n\t\n<\/div>\n<hr \/>\n<div class=\"lead\"><a href=\"https:\/\/hotelaphrodite.hu\/szobak\/\" target=\"_blank\" rel=\"noopener\">Aphrodite Hotel<\/a><\/div>\n<p>A 4 csillagos Wellness Hotel Aphrodite Zalakaros sz\u00edv\u00e9ben, ~90 m-re tal\u00e1lhat\u00f3 a h\u00edres Zalakarosi Gy\u00f3gy- \u00e9s \u00c9lm\u00e9nyf\u00fcrd\u0151 f\u0151bej\u00e1rat\u00e1t\u00f3l.<\/p>\n<p>\u00d6sszesen 4 k\u00fcl\u00f6nb\u00f6z\u0151 szobat\u00edpus, 34 szoba k\u00f6z\u00fcl v\u00e1logathat, melyekhez k\u00e9nyelmes \u00faj b\u00fatorzat; geotermikus fal-, mennyezet- \u00e9s padozat f\u0171t\u00e9s-h\u0171t\u00e9s; sz\u00e9less\u00e1v\u00fa internetkapcsolat (Wi-Fi); LCD (s\u00edkk\u00e9perny\u0151s) TV; szobasz\u00e9f; telefon; minib\u00e1r \u00e9s teljesen felszerelt f\u00fcrd\u0151 is tartoznak. Lehet\u0151s\u00e9g van erk\u00e9lyes szoba ig\u00e9nyl\u00e9s\u00e9re, fel\u00e1r ellen\u00e9ben.<\/p>\n<p>Gyerekbar\u00e1t sz\u00e1llod\u00e1nkban a szob\u00e1k t\u00f6bbs\u00e9ge p\u00f3t\u00e1gyazhat\u00f3. A legkisebb vend\u00e9geinknek kis\u00e1gyat, pelenk\u00e1z\u00f3t, f\u00fcrdet\u0151k\u00e1dat, bilit, WC-sz\u0171k\u00edt\u0151t \u00e9s a mosd\u00f3 el\u00e9r\u00e9s\u00e9hez kis zs\u00e1molyt k\u00e9sz\u00edt\u00fcnk be. K\u00e9r\u00e9sre b\u00e9bi\u00e9telmeleg\u00edt\u0151t \u00e9s v\u00edzforral\u00f3t is tudunk biztos\u00edtani.<\/p>\n<p>A hotel teljes ter\u00fclete akad\u00e1lymentes\u00edtett, a recepci\u00f3 \u00e9s a szob\u00e1k k\u00f6z\u00f6tt lift k\u00f6nny\u00edti meg a k\u00f6zleked\u00e9st, illetve tudunk biztos\u00edtani speci\u00e1lisan a mozg\u00e1skorl\u00e1tozottaknak kialak\u00edtott szob\u00e1t is. Az \u00e1llatbar\u00e1t vend\u00e9geink fel\u00e1r ellen\u00e9ben h\u00e1zi kedvenceiket is magukkal hozhatj\u00e1k.<\/p>\n\r\n        [slb_exclude]\r\n        <div class=\"row galeria-wrapper mx-0 h-auto\">\r\n            <div class=\"col-9 pl-0 pr-2\">\r\n            <span class=\"gallery-item frame\">\r\n\t\t\t\t<div class=\"galeria-left-img\"><a href=\"https:\/\/semmelweis.hu\/alapitvany\/files\/2024\/03\/thumbs_aphrodite-hotel-recepcio-03.jpg\"><img src=https:\/\/semmelweis.hu\/alapitvany\/files\/2024\/03\/thumbs_aphrodite-hotel-recepcio-03.jpg  \r\n                            alt=\"\" \r\n                            class=\"attachment-sote-gallery-big size-sote-gallery-big\" \r\n                            srcset=\"https:\/\/semmelweis.hu\/alapitvany\/files\/2024\/03\/thumbs_aphrodite-hotel-recepcio-03-400x400.jpg 400w, https:\/\/semmelweis.hu\/alapitvany\/files\/2024\/03\/thumbs_aphrodite-hotel-recepcio-03-150x150.jpg 150w, https:\/\/semmelweis.hu\/alapitvany\/files\/2024\/03\/thumbs_aphrodite-hotel-recepcio-03.jpg 600w\" ><\/a><\/div>\r\n            <\/span>\r\n\r\n            <\/div>\r\n\r\n\t\t\t<div class=\"col-3 pl-0 pr-0\">\r\n\t\t\t\t<div class=\"galeria-right-img d-flex justify-content-between flex-column h-100 w-100 px-0 mx-0 \">\r\n                <div class=\"galeria-box\">\r\n\t\t\t\t\t<h3 class=\"galeria-title\">Gal\u00e9ria<\/h3>\r\n\t\t\t\t\t<div class=\"galeria-subtitle\">\r\n\r\n\t\t\t\t\t\t<div class=\"galeria-page-counter\"><span>5<\/span>k\u00e9p<\/div>\r\n                    <\/div> <\/div>\r\n                    <span class=\"gallery-item frame d-none d-md-flex\">\r\n\t\t\t\t\t<div class=\"galeria-small-img mt-0\"><a href=\"https:\/\/semmelweis.hu\/alapitvany\/files\/2024\/03\/thumbs_aphrodite-hotel-superior-ketagyas-szoba-02.jpg\"><img src=https:\/\/semmelweis.hu\/alapitvany\/files\/2024\/03\/thumbs_aphrodite-hotel-superior-ketagyas-szoba-02.jpg \r\n                                alt=\"\"  \r\n                                class=\"attachment-sote-gallery-small size-sote-gallery-small\" \r\n                                srcset=\"https:\/\/semmelweis.hu\/alapitvany\/files\/2024\/03\/thumbs_aphrodite-hotel-superior-ketagyas-szoba-02-400x400.jpg 400w, https:\/\/semmelweis.hu\/alapitvany\/files\/2024\/03\/thumbs_aphrodite-hotel-superior-ketagyas-szoba-02-150x150.jpg 150w, https:\/\/semmelweis.hu\/alapitvany\/files\/2024\/03\/thumbs_aphrodite-hotel-superior-ketagyas-szoba-02.jpg 600w\" ><\/a><\/div>\r\n                    <\/span>\r\n                    <span class=\"gallery-item frame d-none d-md-flex\">\r\n\t\t\t\t\t<div class=\"galeria-small-img mt-0\"><a href=\"https:\/\/semmelweis.hu\/alapitvany\/files\/2024\/03\/thumbs_aphrodite-hotel-belteri-medence-04.jpg\"><img src=https:\/\/semmelweis.hu\/alapitvany\/files\/2024\/03\/thumbs_aphrodite-hotel-belteri-medence-04.jpg \r\n                                alt=\"\" \r\n                                class=\"attachment-sote-gallery-small size-sote-gallery-small\" \r\n                                srcset=\"https:\/\/semmelweis.hu\/alapitvany\/files\/2024\/03\/thumbs_aphrodite-hotel-belteri-medence-04-400x400.jpg 400w, https:\/\/semmelweis.hu\/alapitvany\/files\/2024\/03\/thumbs_aphrodite-hotel-belteri-medence-04-150x150.jpg 150w, https:\/\/semmelweis.hu\/alapitvany\/files\/2024\/03\/thumbs_aphrodite-hotel-belteri-medence-04.jpg 600w\" ><\/a><\/div>\r\n                    <\/span>\r\n\r\n                <\/div>\r\n\r\n            <\/div>\r\n\r\n            <span class=\"gallery-item\"><div class=\"hidden\"><a href=\"https:\/\/semmelweis.hu\/alapitvany\/files\/2024\/03\/thumbs_aphrodite-hotel-jatszoter-03.jpg\">\r\n        <img src=https:\/\/semmelweis.hu\/alapitvany\/files\/2024\/03\/thumbs_aphrodite-hotel-jatszoter-03.jpg alt=\"\" class=\"attachment-sote-gallery-big size-sote-gallery-big\" srcset=\"https:\/\/semmelweis.hu\/alapitvany\/files\/2024\/03\/thumbs_aphrodite-hotel-jatszoter-03-400x400.jpg 400w, https:\/\/semmelweis.hu\/alapitvany\/files\/2024\/03\/thumbs_aphrodite-hotel-jatszoter-03-150x150.jpg 150w, https:\/\/semmelweis.hu\/alapitvany\/files\/2024\/03\/thumbs_aphrodite-hotel-jatszoter-03.jpg 600w\" >\r\n        <\/a><\/div><\/span><span class=\"gallery-item\"><div class=\"hidden\"><a href=\"https:\/\/semmelweis.hu\/alapitvany\/files\/2024\/03\/thumbs_aphrodite-hotel-fitness-terem-01.jpg\">\r\n        <img src=https:\/\/semmelweis.hu\/alapitvany\/files\/2024\/03\/thumbs_aphrodite-hotel-fitness-terem-01.jpg alt=\"\" class=\"attachment-sote-gallery-big size-sote-gallery-big\" srcset=\"https:\/\/semmelweis.hu\/alapitvany\/files\/2024\/03\/thumbs_aphrodite-hotel-fitness-terem-01-400x400.jpg 400w, https:\/\/semmelweis.hu\/alapitvany\/files\/2024\/03\/thumbs_aphrodite-hotel-fitness-terem-01-150x150.jpg 150w, https:\/\/semmelweis.hu\/alapitvany\/files\/2024\/03\/thumbs_aphrodite-hotel-fitness-terem-01.jpg 600w\" >\r\n        <\/a><\/div><\/span>\r\n            <\/div>\r\n\r\n            [\/slb_exclude]\r\n\t\n<hr \/>\n<h2 class=\"lead\"><span class=\"ContentPasted0\">Mit kell tennie a sorsol\u00e1sban val\u00f3 r\u00e9szv\u00e9telhez?<\/span><\/h2>\n<div class=\"fontos_div\">\n<ul>\n<li class=\"w-100\"><span class=\"ContentPasted0\">Aj\u00e1nlja fel ad\u00f3ja 1%-\u00e1t\u00a0<\/span><span lang=\"EN-US\"><a class=\"ContentPasted0\" href=\"https:\/\/eszja.nav.gov.hu\/app\/login\/#login\" target=\"_blank\" rel=\"noopener noreferrer\"><span lang=\"HU\">online m\u00f3don<\/span><\/a><\/span><span class=\"ContentPasted0\">\u00a0vagy\u00a0<\/span><a href=\"https:\/\/semmelweis.hu\/alapitvany\/files\/2024\/03\/23EGYSZA-1-1.pdf\" target=\"_blank\" rel=\"noopener\"><span lang=\"EN-US\"><span lang=\"HU\">nyomtatv\u00e1nyon<\/span><\/span>\u00a0<\/a><span class=\"ContentPasted0\">a Semmelweis Egyetem Alap\u00edtv\u00e1ny jav\u00e1ra! (Ad\u00f3sz\u00e1m: 18014448-1-42)<\/span><\/li>\n<li class=\"w-100\">Felaj\u00e1nl\u00e1skor a rendelkez\u0151 nyilatkozaton t\u00f6ltse ki a \u201cHozz\u00e1j\u00e1rul\u00e1s a n\u00e9v \u00e9s c\u00edmadatok \u00e1tad\u00e1s\u00e1hoz mez\u0151t\u201d, \u00edgy automatikusan r\u00e9szt vehet a sorsol\u00e1sban! Sorsol\u00e1s: szeptember 30.<\/li>\n<li class=\"w-100\">B\u0151vebb inform\u00e1ci\u00f3\u00a0<a href=\"https:\/\/semmelweis.hu\/alapitvany\/1-szazalek-felajanlas\/\" target=\"_blank\" rel=\"noopener\">itt olvashat\u00f3<\/a><\/li>\n<li class=\"w-100\">Nyerem\u00e9nyj\u00e1t\u00e9k-szab\u00e1lyzatunk\u00a0<a href=\"https:\/\/semmelweis.hu\/alapitvany\/files\/2024\/02\/nyeremenyjatek.pdf\" target=\"_blank\" rel=\"noopener\">ide kattintva<\/a><span style=\"background-color: transparent\">\u00a0ismerhet\u0151 meg.<\/span><\/li>\n<\/ul>\n<p style=\"text-align: center\"><a class=\"button\" href=\"https:\/\/eszja.nav.gov.hu\/app\/login\/#login\" target=\"_blank\" rel=\"noopener\">Felaj\u00e1nlom ad\u00f3m 1%-\u00e1t!<\/a><\/p>\n<\/div>\n","protected":false},"excerpt":{"rendered":"<p>Nagy \u00f6r\u00f6m, hogy az el\u0151z\u0151 \u00e9vhez hasonl\u00f3an, id\u00e9n is sz\u00e1mos fels\u0151kateg\u00f3ri\u00e1s sz\u00e1lloda csatlakozott a Semmelweis Egyetem Alap\u00edtv\u00e1ny ad\u00f3 1% kamp\u00e1ny\u00e1hoz! J\u00f3voltukb\u00f3l a felaj\u00e1nl\u00f3k k\u00f6z\u00f6tt 7 db k\u00e9t f\u0151s \u00e9s 1 csal\u00e1di h\u00e9tv\u00e9gi wellness pihen\u00e9st sorsolhatunk ki f\u00e9lpanzi\u00f3val!\u00a0 Az idei rendelkez\u00e9si \u00e9vben a Pet\u0151 Andr\u00e1s Kar (ismertebb nev\u00e9n Pet\u0151 Int\u00e9zet) \u00f3vod\u00e1j\u00e1nak befogad\u00f3 j\u00e1tsz\u00f3ter\u00e9nek kialak\u00edt\u00e1s\u00e1ra gy\u0171jt\u00fcnk, hogy &hellip;<\/p>\n","protected":false},"author":101255,"featured_media":14362,"comment_status":"closed","ping_status":"closed","sticky":false,"template":"","format":"standard","meta":{"_acf_changed":false,"give_campaign_id":0,"footnotes":""},"categories":[31],"tags":[],"class_list":["post-14359","post","type-post","status-publish","format-standard","has-post-thumbnail","hentry","category-hirek"],"acf":[],"_links":{"self":[{"href":"https:\/\/semmelweis.hu\/alapitvany\/wp-json\/wp\/v2\/posts\/14359","targetHints":{"allow":["GET"]}}],"collection":[{"href":"https:\/\/semmelweis.hu\/alapitvany\/wp-json\/wp\/v2\/posts"}],"about":[{"href":"https:\/\/semmelweis.hu\/alapitvany\/wp-json\/wp\/v2\/types\/post"}],"author":[{"embeddable":true,"href":"https:\/\/semmelweis.hu\/alapitvany\/wp-json\/wp\/v2\/users\/101255"}],"replies":[{"embeddable":true,"href":"https:\/\/semmelweis.hu\/alapitvany\/wp-json\/wp\/v2\/comments?post=14359"}],"version-history":[{"count":1,"href":"https:\/\/semmelweis.hu\/alapitvany\/wp-json\/wp\/v2\/posts\/14359\/revisions"}],"predecessor-version":[{"id":14378,"href":"https:\/\/semmelweis.hu\/alapitvany\/wp-json\/wp\/v2\/posts\/14359\/revisions\/14378"}],"wp:featuredmedia":[{"embeddable":true,"href":"https:\/\/semmelweis.hu\/alapitvany\/wp-json\/wp\/v2\/media\/14362"}],"wp:attachment":[{"href":"https:\/\/semmelweis.hu\/alapitvany\/wp-json\/wp\/v2\/media?parent=14359"}],"wp:term":[{"taxonomy":"category","embeddable":true,"href":"https:\/\/semmelweis.hu\/alapitvany\/wp-json\/wp\/v2\/categories?post=14359"},{"taxonomy":"post_tag","embeddable":true,"href":"https:\/\/semmelweis.hu\/alapitvany\/wp-json\/wp\/v2\/tags?post=14359"}],"curies":[{"name":"wp","href":"https:\/\/api.w.org\/{rel}","templated":true}]}}